{"id":73153,"date":"2024-01-15T23:37:05","date_gmt":"2024-01-15T22:37:05","guid":{"rendered":"https:\/\/teoriadeconstruccion.net\/blog\/?p=73153"},"modified":"2024-01-15T23:37:08","modified_gmt":"2024-01-15T22:37:08","slug":"como-decorar-tu-sala-con-estilo-y-versatilidad","status":"publish","type":"post","link":"https:\/\/teoriadeconstruccion.net\/blog\/como-decorar-tu-sala-con-estilo-y-versatilidad\/","title":{"rendered":"C\u00f3mo decorar tu sala con estilo y versatilidad"},"content":{"rendered":"\n<p>Cuando hacemos una mudanza o pensamos simplemente en cambiar los <a href=\"https:\/\/www.promart.pe\/muebles\/sala-y-comedor\" target=\"_blank\" rel=\"noreferrer noopener\">muebles de sala<\/a> de luchamos muchas veces con el dilema de la funcionalidad y la est\u00e9tica, que en el dise\u00f1o de interiores tiene su punto clave en la elecci\u00f3n del mobiliario. Los muebles son parte de la atm\u00f3sfera del espacio del sal\u00f3n y son el verdadero punto de contacto f\u00edsico puesto que nos sentamos sobre ellos, guardamos cosas sobre ellos e incluso comemos sobre ellos.<\/p>\n\n\n\n<p>De esta forma, aunque se trate de la elecci\u00f3n de un <a href=\"https:\/\/www.promart.pe\/muebles\/sofas-y-sillones\/sofas-cama-y-futones\">sofa cama<\/a> o un jarr\u00f3n pasamos por el momento de seleccionar o descartar productos por la imagen, y posteriormente por su funcionalidad.  La colocaci\u00f3n de este mueble no es solamente un juego de tetris, en el que todo pueda encajar por sus dimensiones, independientememente de sus colores. En este caso el conjunto de muebles forma un todo, y <strong>la imagen que transmite nuestro sal\u00f3n es pr\u00e1cticamente nuestra carta de presentaci\u00f3n. <\/strong><\/p>\n\n\n\n<figure class=\"wp-block-image size-full\"><a href=\"https:\/\/i0.wp.com\/teoriadeconstruccion.net\/blog\/wp-content\/uploads\/2024\/01\/028f375c-b0bf-4443-8b9a-2b9faebdb70c.jpg?ssl=1\"><img data-recalc-dims=\"1\" decoding=\"async\" width=\"1024\" height=\"1024\" src=\"https:\/\/i0.wp.com\/teoriadeconstruccion.net\/blog\/wp-content\/uploads\/2024\/01\/028f375c-b0bf-4443-8b9a-2b9faebdb70c.jpg?resize=1024%2C1024&#038;ssl=1\" alt=\"\" class=\"wp-image-73154\" srcset=\"https:\/\/i0.wp.com\/teoriadeconstruccion.net\/blog\/wp-content\/uploads\/2024\/01\/028f375c-b0bf-4443-8b9a-2b9faebdb70c.jpg?w=1024&amp;ssl=1 1024w, https:\/\/i0.wp.com\/teoriadeconstruccion.net\/blog\/wp-content\/uploads\/2024\/01\/028f375c-b0bf-4443-8b9a-2b9faebdb70c.jpg?resize=300%2C300&amp;ssl=1 300w, https:\/\/i0.wp.com\/teoriadeconstruccion.net\/blog\/wp-content\/uploads\/2024\/01\/028f375c-b0bf-4443-8b9a-2b9faebdb70c.jpg?resize=150%2C150&amp;ssl=1 150w, https:\/\/i0.wp.com\/teoriadeconstruccion.net\/blog\/wp-content\/uploads\/2024\/01\/028f375c-b0bf-4443-8b9a-2b9faebdb70c.jpg?resize=768%2C768&amp;ssl=1 768w\" sizes=\"(max-width: 1024px) 100vw, 1024px\" \/><\/a><\/figure>\n\n\n\n<h2 class=\"wp-block-heading\">La idea general del juego de sala<\/h2>\n\n\n\n<p>Vamos a hacer un <a href=\"https:\/\/www.promart.pe\/muebles\/sala-y-comedor\/juegos-de-sala\">juego de sala<\/a> : imagina que entras en una habitaci\u00f3n despojada de mobiliario: un tablero en blanco, sin piezas. Ahora, visualiza la misma habitaci\u00f3n transformada por la incorporaci\u00f3n estrat\u00e9gica de piezas selectas. De repente, el espacio cobra vida, adquiriendo una identidad \u00fanica.  <\/p>\n\n\n\n<p>Desde el sof\u00e1 que te acoge despu\u00e9s de un largo d\u00eda hasta la mesa que congrega a amigos y familiares, cada pieza desempe\u00f1a un papel crucial en la experiencia cotidiana. As\u00ed, <strong>la elecci\u00f3n del mobiliario <\/strong>no es simplemente una cuesti\u00f3n de est\u00e9tica, sino <strong>un acto de dise\u00f1o que afecta directamente la calidad de vida<\/strong>.<\/p>\n\n\n\n<p>Puedes explorar todos los estilos de mobiliario y te encontrar\u00e1s con una paleta infinita de posibilidades. Desde cl\u00e1sico hasta moderno, minimalista hasta exuberante, cada elecci\u00f3n conlleva un mensaje \u00fanico, el cual solamente t\u00fa sabes el que quieres transmitir. <\/p>\n\n\n<div class=\"wp-block-image\">\n<figure class=\"aligncenter size-full\"><a href=\"https:\/\/i0.wp.com\/teoriadeconstruccion.net\/blog\/wp-content\/uploads\/2024\/01\/pexels-photo-6296928-scaled.jpeg?ssl=1\"><img data-recalc-dims=\"1\" decoding=\"async\" width=\"1200\" height=\"801\" src=\"https:\/\/i0.wp.com\/teoriadeconstruccion.net\/blog\/wp-content\/uploads\/2024\/01\/pexels-photo-6296928-scaled.jpeg?resize=1200%2C801&#038;ssl=1\" alt=\"modern apartment with soft couches\" class=\"wp-image-73155\" srcset=\"https:\/\/i0.wp.com\/teoriadeconstruccion.net\/blog\/wp-content\/uploads\/2024\/01\/pexels-photo-6296928-scaled.jpeg?w=1600&amp;ssl=1 1600w, https:\/\/i0.wp.com\/teoriadeconstruccion.net\/blog\/wp-content\/uploads\/2024\/01\/pexels-photo-6296928-scaled.jpeg?resize=300%2C200&amp;ssl=1 300w, https:\/\/i0.wp.com\/teoriadeconstruccion.net\/blog\/wp-content\/uploads\/2024\/01\/pexels-photo-6296928-scaled.jpeg?resize=1024%2C684&amp;ssl=1 1024w, https:\/\/i0.wp.com\/teoriadeconstruccion.net\/blog\/wp-content\/uploads\/2024\/01\/pexels-photo-6296928-scaled.jpeg?resize=768%2C513&amp;ssl=1 768w, https:\/\/i0.wp.com\/teoriadeconstruccion.net\/blog\/wp-content\/uploads\/2024\/01\/pexels-photo-6296928-scaled.jpeg?resize=1536%2C1025&amp;ssl=1 1536w, https:\/\/i0.wp.com\/teoriadeconstruccion.net\/blog\/wp-content\/uploads\/2024\/01\/pexels-photo-6296928-scaled.jpeg?resize=930%2C620&amp;ssl=1 930w\" sizes=\"(max-width: 1200px) 100vw, 1200px\" \/><\/a><figcaption class=\"wp-element-caption\"><em>Foto de Max Rahubovskiy en pexels.com <\/em><\/figcaption><\/figure>\n<\/div>\n\n\n<h2 class=\"wp-block-heading\">C\u00f3mo conseguir la flexibilidad en el dise\u00f1o de interiores<\/h2>\n\n\n\n<p>Debemos ver la flexibilidad como la capacidad de trazar pautas (l\u00edneas a las que adaptarse), que marquen la esencia de cualquier espacio y que nos permitan alteraciones. Se trata de ir m\u00e1s all\u00e1 de la est\u00e1tica convencional, abrazando la capacidad de transformaci\u00f3n que aporta el mobiliario. La flexibilidad, en este contexto, se convierte en<strong> el arte de dise\u00f1ar para la vida en constante cambio<\/strong>, nuestros hogares cambian cada d\u00eda, los modelos de familia, y cada vez m\u00e1s buscamos nuevas experiencias, nuevos juegos, y cada vez tenemos diferentes formas de utilizar el espacio. \u00bfDesde cuando pensamos que nuestro sal\u00f3n puede ser el escenario de un juego inmersivo en 3D? <\/p>\n\n\n\n<p>Los muebles modulares son exponentes destacados de esta filosof\u00eda. Su capacidad de adaptarse a diferentes necesidades y configuraciones los convierte en piezas esenciales para aquellos que buscan una soluci\u00f3n vers\u00e1til. Por otra parte est\u00e1n los muebles modulares que a la vez son transformables. Por ejemplo, las estanter\u00edas que se transforman en escritorios, sof\u00e1s que se convierten en camas; estas metamorfosis no solo optimizan el espacio, sino que tambi\u00e9n <strong>reflejan la din\u00e1mica realidad de la vida moderna<\/strong>.<\/p>\n\n\n\n<p class=\"has-nv-c-2-background-color has-background\">Un espacio flexible est\u00e1 dise\u00f1ado para evolucionar, ofreciendo respuestas creativas a medida que cambian las circunstancias. Esta adaptabilidad no solo responde a las necesidades inmediatas, sino que tambi\u00e9n asegura la relevancia del dise\u00f1o a lo largo del tiempo.<\/p>\n\n\n\n<p>Desde una perspectiva t\u00e9cnica, la selecci\u00f3n de muebles flexibles implica un an\u00e1lisis detallado de la movilidad, la modularidad y la versatilidad de las piezas, pero tambi\u00e9n de integraci\u00f3n con el entorno, de est\u00e9tica pensada como una cuarta componente. <\/p>\n\n\n\n<h2 class=\"wp-block-heading\">Versatilidad en la elecci\u00f3n de mobiliario del sal\u00f3n<\/h2>\n\n\n\n<p>Consideremos, por ejemplo, que la mesa de centro que no solo sirve como superficie para objetos decorativos, sino que tambi\u00e9n se transforma en un espacio de trabajo temporal cuando la ocasi\u00f3n lo requiere. Muebles como estos no solo ofrecen funcionalidad adicional, sino que tambi\u00e9n reflejan la inteligencia de un dise\u00f1o que anticipa y satisface diversas necesidades.<\/p>\n\n\n\n<p>La versatilidad, desde una perspectiva t\u00e9cnica, se manifiesta en la capacidad de las piezas para evolucionar y adaptarse a diferentes contextos. Muebles que no est\u00e1n atados a una sola est\u00e9tica permiten una mayor libertad de expresi\u00f3n en la decoraci\u00f3n de interiores. En este sentido, la elecci\u00f3n de mobiliario implica buscar l\u00edneas y formas que se integren f\u00e1cilmente en diversos esquemas de dise\u00f1o, adaptado a una constante expansi\u00f3n de nuevas formas y a nuevos dise\u00f1os que cada vez dan m\u00e1s juego para la creatividad.<\/p>\n\n\n<div class=\"wp-block-image\">\n<figure class=\"aligncenter size-full\"><a href=\"https:\/\/i0.wp.com\/teoriadeconstruccion.net\/blog\/wp-content\/uploads\/2024\/01\/pexels-photo-6347955-scaled.jpeg?ssl=1\"><img data-recalc-dims=\"1\" decoding=\"async\" width=\"1200\" height=\"800\" src=\"https:\/\/i0.wp.com\/teoriadeconstruccion.net\/blog\/wp-content\/uploads\/2024\/01\/pexels-photo-6347955-scaled.jpeg?resize=1200%2C800&#038;ssl=1\" alt=\"crop employee working on laptop with photo on screen indoors\" class=\"wp-image-73156\" srcset=\"https:\/\/i0.wp.com\/teoriadeconstruccion.net\/blog\/wp-content\/uploads\/2024\/01\/pexels-photo-6347955-scaled.jpeg?w=1600&amp;ssl=1 1600w, https:\/\/i0.wp.com\/teoriadeconstruccion.net\/blog\/wp-content\/uploads\/2024\/01\/pexels-photo-6347955-scaled.jpeg?resize=300%2C200&amp;ssl=1 300w, https:\/\/i0.wp.com\/teoriadeconstruccion.net\/blog\/wp-content\/uploads\/2024\/01\/pexels-photo-6347955-scaled.jpeg?resize=1024%2C682&amp;ssl=1 1024w, https:\/\/i0.wp.com\/teoriadeconstruccion.net\/blog\/wp-content\/uploads\/2024\/01\/pexels-photo-6347955-scaled.jpeg?resize=768%2C512&amp;ssl=1 768w, https:\/\/i0.wp.com\/teoriadeconstruccion.net\/blog\/wp-content\/uploads\/2024\/01\/pexels-photo-6347955-scaled.jpeg?resize=1536%2C1024&amp;ssl=1 1536w, https:\/\/i0.wp.com\/teoriadeconstruccion.net\/blog\/wp-content\/uploads\/2024\/01\/pexels-photo-6347955-scaled.jpeg?resize=930%2C620&amp;ssl=1 930w\" sizes=\"(max-width: 1200px) 100vw, 1200px\" \/><\/a><figcaption class=\"wp-element-caption\"><em>Foto de Liza Summer en pexels.com<\/em><\/figcaption><\/figure>\n<\/div>\n\n\n<h2 class=\"wp-block-heading\">Dise\u00f1o inteligente y est\u00e9tica<\/h2>\n\n\n\n<p>La est\u00e9tica de un espacio es la primera impresi\u00f3n, pero el dise\u00f1o inteligente es la narrativa que se desenvuelve con el tiempo. Es <strong>cuando todo est\u00e1 a mano, cuando tienes espacio para todo, cuando no falta de nada, cuando no sobra nada&#8230;<\/strong> El di\u00e1logo entre dise\u00f1o inteligente y est\u00e9tica se manifiesta en muebles que desaf\u00edan las expectativas. Piezas que incorporan tecnolog\u00eda, como mesas con carga inal\u00e1mbrica o iluminaci\u00f3n integrada, no solo son est\u00e9ticamente agradables sino que tambi\u00e9n abrazan la contemporaneidad. La elecci\u00f3n de estas soluciones no solo responde a una demanda pr\u00e1ctica, sino que tambi\u00e9n enriquece la est\u00e9tica general del espacio,<strong> lib\u00e9rate de los cables sueltos por el suelo!<\/strong><\/p>\n\n\n\n<p>La calidad del dise\u00f1o no solo se mide por su apariencia inicial, sino por su capacidad para resistir la prueba del tiempo, manteniendo su atractivo y funcionalidad.<\/p>\n","protected":false},"excerpt":{"rendered":"<p>Cuando hacemos una mudanza o pensamos simplemente en cambiar los muebles de sala de luchamos muchas veces con el dilema de la funcionalidad y la est\u00e9tica, que en el dise\u00f1o de interiores tiene su punto clave en la elecci\u00f3n del mobiliario. Los muebles son parte de la atm\u00f3sfera del espacio del sal\u00f3n y son el&hellip;&nbsp;<a href=\"https:\/\/teoriadeconstruccion.net\/blog\/como-decorar-tu-sala-con-estilo-y-versatilidad\/\" rel=\"bookmark\">Leer m\u00e1s &raquo;<span class=\"screen-reader-text\">C\u00f3mo decorar tu sala con estilo y versatilidad<\/span><\/a><\/p>\n","protected":false},"author":4036,"featured_media":73155,"comment_status":"open","ping_status":"open","sticky":false,"template":"","format":"standard","meta":{"neve_meta_sidebar":"","neve_meta_container":"","neve_meta_enable_content_width":"","neve_meta_content_width":0,"neve_meta_title_alignment":"","neve_meta_author_avatar":"","neve_post_elements_order":"","neve_meta_disable_header":"","neve_meta_disable_footer":"","neve_meta_disable_title":"","jetpack_post_was_ever_published":false,"_jetpack_newsletter_access":"","_jetpack_dont_email_post_to_subs":false,"_jetpack_newsletter_tier_id":0,"_jetpack_memberships_contains_paywalled_content":false,"_jetpack_memberships_contains_paid_content":false,"footnotes":"","jetpack_publicize_message":"","jetpack_publicize_feature_enabled":true,"jetpack_social_post_already_shared":true,"jetpack_social_options":{"image_generator_settings":{"template":"highway","default_image_id":0,"font":"","enabled":false},"version":2}},"categories":[692,698,647],"tags":[],"class_list":["post-73153","post","type-post","status-publish","format-standard","has-post-thumbnail","hentry","category-decoracion","category-inmobiliaria","category-mobiliario"],"yoast_head":"<!-- This site is optimized with the Yoast SEO plugin v27.5 - https:\/\/yoast.com\/product\/yoast-seo-wordpress\/ -->\n<title>C\u00f3mo decorar tu sala con estilo y versatilidad - Teor\u00eda de construcci\u00f3n<\/title>\n<meta name=\"robots\" content=\"index, follow, max-snippet:-1, max-image-preview:large, max-video-preview:-1\" \/>\n<link rel=\"canonical\" href=\"https:\/\/teoriadeconstruccion.net\/blog\/como-decorar-tu-sala-con-estilo-y-versatilidad\/\" \/>\n<meta property=\"og:locale\" content=\"es_ES\" \/>\n<meta property=\"og:type\" content=\"article\" \/>\n<meta property=\"og:title\" content=\"C\u00f3mo decorar tu sala con estilo y versatilidad - Teor\u00eda de construcci\u00f3n\" \/>\n<meta property=\"og:description\" content=\"Cuando hacemos una mudanza o pensamos simplemente en cambiar los muebles de sala de luchamos muchas veces con el dilema de la funcionalidad y la est\u00e9tica, que en el dise\u00f1o de interiores tiene su punto clave en la elecci\u00f3n del mobiliario. Los muebles son parte de la atm\u00f3sfera del espacio del sal\u00f3n y son el&hellip;&nbsp;Leer m\u00e1s &raquo;C\u00f3mo decorar tu sala con estilo y versatilidad\" \/>\n<meta property=\"og:url\" content=\"https:\/\/teoriadeconstruccion.net\/blog\/como-decorar-tu-sala-con-estilo-y-versatilidad\/\" \/>\n<meta property=\"og:site_name\" content=\"Teor\u00eda de construcci\u00f3n\" \/>\n<meta property=\"article:publisher\" content=\"https:\/\/www.facebook.com\/teoriadeconstru\" \/>\n<meta property=\"article:published_time\" content=\"2024-01-15T22:37:05+00:00\" \/>\n<meta property=\"article:modified_time\" content=\"2024-01-15T22:37:08+00:00\" \/>\n<meta property=\"og:image\" content=\"https:\/\/teoriadeconstruccion.net\/blog\/wp-content\/uploads\/2024\/01\/pexels-photo-6296928-scaled.jpeg\" \/>\n\t<meta property=\"og:image:width\" content=\"1600\" \/>\n\t<meta property=\"og:image:height\" content=\"1068\" \/>\n\t<meta property=\"og:image:type\" content=\"image\/jpeg\" \/>\n<meta name=\"author\" content=\"TeoriaDeConstruccion\" \/>\n<meta name=\"twitter:card\" content=\"summary_large_image\" \/>\n<meta name=\"twitter:creator\" content=\"@teoriadeconstru\" \/>\n<meta name=\"twitter:site\" content=\"@teoriadeconstru\" \/>\n<meta name=\"twitter:label1\" content=\"Escrito por\" \/>\n\t<meta name=\"twitter:data1\" content=\"TeoriaDeConstruccion\" \/>\n\t<meta name=\"twitter:label2\" content=\"Tiempo de lectura\" \/>\n\t<meta name=\"twitter:data2\" content=\"5 minutos\" \/>\n<script type=\"application\/ld+json\" class=\"yoast-schema-graph\">{\"@context\":\"https:\\\/\\\/schema.org\",\"@graph\":[{\"@type\":\"Article\",\"@id\":\"https:\\\/\\\/teoriadeconstruccion.net\\\/blog\\\/como-decorar-tu-sala-con-estilo-y-versatilidad\\\/#article\",\"isPartOf\":{\"@id\":\"https:\\\/\\\/teoriadeconstruccion.net\\\/blog\\\/como-decorar-tu-sala-con-estilo-y-versatilidad\\\/\"},\"author\":{\"name\":\"TeoriaDeConstruccion\",\"@id\":\"https:\\\/\\\/teoriadeconstruccion.net\\\/blog\\\/#\\\/schema\\\/person\\\/fb82548ff6b2c5ec8553abd27564d477\"},\"headline\":\"C\u00f3mo decorar tu sala con estilo y versatilidad\",\"datePublished\":\"2024-01-15T22:37:05+00:00\",\"dateModified\":\"2024-01-15T22:37:08+00:00\",\"mainEntityOfPage\":{\"@id\":\"https:\\\/\\\/teoriadeconstruccion.net\\\/blog\\\/como-decorar-tu-sala-con-estilo-y-versatilidad\\\/\"},\"wordCount\":970,\"commentCount\":0,\"publisher\":{\"@id\":\"https:\\\/\\\/teoriadeconstruccion.net\\\/blog\\\/#organization\"},\"image\":{\"@id\":\"https:\\\/\\\/teoriadeconstruccion.net\\\/blog\\\/como-decorar-tu-sala-con-estilo-y-versatilidad\\\/#primaryimage\"},\"thumbnailUrl\":\"https:\\\/\\\/i0.wp.com\\\/teoriadeconstruccion.net\\\/blog\\\/wp-content\\\/uploads\\\/2024\\\/01\\\/pexels-photo-6296928-scaled.jpeg?fit=1600%2C1068&ssl=1\",\"articleSection\":[\"decoraci\u00f3n\",\"inmobiliaria\",\"mobiliario\"],\"inLanguage\":\"es\",\"potentialAction\":[{\"@type\":\"CommentAction\",\"name\":\"Comment\",\"target\":[\"https:\\\/\\\/teoriadeconstruccion.net\\\/blog\\\/como-decorar-tu-sala-con-estilo-y-versatilidad\\\/#respond\"]}]},{\"@type\":\"WebPage\",\"@id\":\"https:\\\/\\\/teoriadeconstruccion.net\\\/blog\\\/como-decorar-tu-sala-con-estilo-y-versatilidad\\\/\",\"url\":\"https:\\\/\\\/teoriadeconstruccion.net\\\/blog\\\/como-decorar-tu-sala-con-estilo-y-versatilidad\\\/\",\"name\":\"C\u00f3mo decorar tu sala con estilo y versatilidad - Teor\u00eda de construcci\u00f3n\",\"isPartOf\":{\"@id\":\"https:\\\/\\\/teoriadeconstruccion.net\\\/blog\\\/#website\"},\"primaryImageOfPage\":{\"@id\":\"https:\\\/\\\/teoriadeconstruccion.net\\\/blog\\\/como-decorar-tu-sala-con-estilo-y-versatilidad\\\/#primaryimage\"},\"image\":{\"@id\":\"https:\\\/\\\/teoriadeconstruccion.net\\\/blog\\\/como-decorar-tu-sala-con-estilo-y-versatilidad\\\/#primaryimage\"},\"thumbnailUrl\":\"https:\\\/\\\/i0.wp.com\\\/teoriadeconstruccion.net\\\/blog\\\/wp-content\\\/uploads\\\/2024\\\/01\\\/pexels-photo-6296928-scaled.jpeg?fit=1600%2C1068&ssl=1\",\"datePublished\":\"2024-01-15T22:37:05+00:00\",\"dateModified\":\"2024-01-15T22:37:08+00:00\",\"breadcrumb\":{\"@id\":\"https:\\\/\\\/teoriadeconstruccion.net\\\/blog\\\/como-decorar-tu-sala-con-estilo-y-versatilidad\\\/#breadcrumb\"},\"inLanguage\":\"es\",\"potentialAction\":[{\"@type\":\"ReadAction\",\"target\":[\"https:\\\/\\\/teoriadeconstruccion.net\\\/blog\\\/como-decorar-tu-sala-con-estilo-y-versatilidad\\\/\"]}]},{\"@type\":\"ImageObject\",\"inLanguage\":\"es\",\"@id\":\"https:\\\/\\\/teoriadeconstruccion.net\\\/blog\\\/como-decorar-tu-sala-con-estilo-y-versatilidad\\\/#primaryimage\",\"url\":\"https:\\\/\\\/i0.wp.com\\\/teoriadeconstruccion.net\\\/blog\\\/wp-content\\\/uploads\\\/2024\\\/01\\\/pexels-photo-6296928-scaled.jpeg?fit=1600%2C1068&ssl=1\",\"contentUrl\":\"https:\\\/\\\/i0.wp.com\\\/teoriadeconstruccion.net\\\/blog\\\/wp-content\\\/uploads\\\/2024\\\/01\\\/pexels-photo-6296928-scaled.jpeg?fit=1600%2C1068&ssl=1\",\"width\":1600,\"height\":1068,\"caption\":\"Photo by Max Rahubovskiy on Pexels.com\"},{\"@type\":\"BreadcrumbList\",\"@id\":\"https:\\\/\\\/teoriadeconstruccion.net\\\/blog\\\/como-decorar-tu-sala-con-estilo-y-versatilidad\\\/#breadcrumb\",\"itemListElement\":[{\"@type\":\"ListItem\",\"position\":1,\"name\":\"Home\",\"item\":\"https:\\\/\\\/teoriadeconstruccion.net\\\/blog\\\/\"},{\"@type\":\"ListItem\",\"position\":2,\"name\":\"C\u00f3mo decorar tu sala con estilo y versatilidad\"}]},{\"@type\":\"WebSite\",\"@id\":\"https:\\\/\\\/teoriadeconstruccion.net\\\/blog\\\/#website\",\"url\":\"https:\\\/\\\/teoriadeconstruccion.net\\\/blog\\\/\",\"name\":\"Teor\u00eda de construcci\u00f3n\",\"description\":\"blog sobre construcci\u00f3n, teor\u00eda y aplicaci\u00f3n: materiales, normativa de edificaci\u00f3n, sistemas constructivos.\",\"publisher\":{\"@id\":\"https:\\\/\\\/teoriadeconstruccion.net\\\/blog\\\/#organization\"},\"potentialAction\":[{\"@type\":\"SearchAction\",\"target\":{\"@type\":\"EntryPoint\",\"urlTemplate\":\"https:\\\/\\\/teoriadeconstruccion.net\\\/blog\\\/?s={search_term_string}\"},\"query-input\":{\"@type\":\"PropertyValueSpecification\",\"valueRequired\":true,\"valueName\":\"search_term_string\"}}],\"inLanguage\":\"es\"},{\"@type\":\"Organization\",\"@id\":\"https:\\\/\\\/teoriadeconstruccion.net\\\/blog\\\/#organization\",\"name\":\"teoriadeconstruccion.net\",\"url\":\"https:\\\/\\\/teoriadeconstruccion.net\\\/blog\\\/\",\"logo\":{\"@type\":\"ImageObject\",\"inLanguage\":\"es\",\"@id\":\"https:\\\/\\\/teoriadeconstruccion.net\\\/blog\\\/#\\\/schema\\\/logo\\\/image\\\/\",\"url\":\"https:\\\/\\\/i0.wp.com\\\/teoriadeconstruccion.net\\\/blog\\\/wp-content\\\/uploads\\\/2023\\\/08\\\/cropped-logo-2023-sm.jpg?fit=200%2C128&ssl=1\",\"contentUrl\":\"https:\\\/\\\/i0.wp.com\\\/teoriadeconstruccion.net\\\/blog\\\/wp-content\\\/uploads\\\/2023\\\/08\\\/cropped-logo-2023-sm.jpg?fit=200%2C128&ssl=1\",\"width\":200,\"height\":128,\"caption\":\"teoriadeconstruccion.net\"},\"image\":{\"@id\":\"https:\\\/\\\/teoriadeconstruccion.net\\\/blog\\\/#\\\/schema\\\/logo\\\/image\\\/\"},\"sameAs\":[\"https:\\\/\\\/www.facebook.com\\\/teoriadeconstru\",\"https:\\\/\\\/x.com\\\/teoriadeconstru\"]},{\"@type\":\"Person\",\"@id\":\"https:\\\/\\\/teoriadeconstruccion.net\\\/blog\\\/#\\\/schema\\\/person\\\/fb82548ff6b2c5ec8553abd27564d477\",\"name\":\"TeoriaDeConstruccion\",\"image\":{\"@type\":\"ImageObject\",\"inLanguage\":\"es\",\"@id\":\"https:\\\/\\\/secure.gravatar.com\\\/avatar\\\/93482bf08c0d97ba5562e27bd904bbeecb1a8f9ae1492a8ae68b95fc7885c374?s=96&d=mm&r=g\",\"url\":\"https:\\\/\\\/secure.gravatar.com\\\/avatar\\\/93482bf08c0d97ba5562e27bd904bbeecb1a8f9ae1492a8ae68b95fc7885c374?s=96&d=mm&r=g\",\"contentUrl\":\"https:\\\/\\\/secure.gravatar.com\\\/avatar\\\/93482bf08c0d97ba5562e27bd904bbeecb1a8f9ae1492a8ae68b95fc7885c374?s=96&d=mm&r=g\",\"caption\":\"TeoriaDeConstruccion\"},\"description\":\"Redacci\u00f3n general de art\u00edculos sobre materiales, instalaciones, normativa y sistemas constructivos. 80% obra \\\/ 20% oficina desde 2007\",\"url\":\"https:\\\/\\\/teoriadeconstruccion.net\\\/blog\\\/author\\\/teoriadeconstruccion\\\/\"}]}<\/script>\n<!-- \/ Yoast SEO plugin. -->","yoast_head_json":{"title":"C\u00f3mo decorar tu sala con estilo y versatilidad - Teor\u00eda de construcci\u00f3n","robots":{"index":"index","follow":"follow","max-snippet":"max-snippet:-1","max-image-preview":"max-image-preview:large","max-video-preview":"max-video-preview:-1"},"canonical":"https:\/\/teoriadeconstruccion.net\/blog\/como-decorar-tu-sala-con-estilo-y-versatilidad\/","og_locale":"es_ES","og_type":"article","og_title":"C\u00f3mo decorar tu sala con estilo y versatilidad - Teor\u00eda de construcci\u00f3n","og_description":"Cuando hacemos una mudanza o pensamos simplemente en cambiar los muebles de sala de luchamos muchas veces con el dilema de la funcionalidad y la est\u00e9tica, que en el dise\u00f1o de interiores tiene su punto clave en la elecci\u00f3n del mobiliario. Los muebles son parte de la atm\u00f3sfera del espacio del sal\u00f3n y son el&hellip;&nbsp;Leer m\u00e1s &raquo;C\u00f3mo decorar tu sala con estilo y versatilidad","og_url":"https:\/\/teoriadeconstruccion.net\/blog\/como-decorar-tu-sala-con-estilo-y-versatilidad\/","og_site_name":"Teor\u00eda de construcci\u00f3n","article_publisher":"https:\/\/www.facebook.com\/teoriadeconstru","article_published_time":"2024-01-15T22:37:05+00:00","article_modified_time":"2024-01-15T22:37:08+00:00","og_image":[{"width":1600,"height":1068,"url":"https:\/\/teoriadeconstruccion.net\/blog\/wp-content\/uploads\/2024\/01\/pexels-photo-6296928-scaled.jpeg","type":"image\/jpeg"}],"author":"TeoriaDeConstruccion","twitter_card":"summary_large_image","twitter_creator":"@teoriadeconstru","twitter_site":"@teoriadeconstru","twitter_misc":{"Escrito por":"TeoriaDeConstruccion","Tiempo de lectura":"5 minutos"},"schema":{"@context":"https:\/\/schema.org","@graph":[{"@type":"Article","@id":"https:\/\/teoriadeconstruccion.net\/blog\/como-decorar-tu-sala-con-estilo-y-versatilidad\/#article","isPartOf":{"@id":"https:\/\/teoriadeconstruccion.net\/blog\/como-decorar-tu-sala-con-estilo-y-versatilidad\/"},"author":{"name":"TeoriaDeConstruccion","@id":"https:\/\/teoriadeconstruccion.net\/blog\/#\/schema\/person\/fb82548ff6b2c5ec8553abd27564d477"},"headline":"C\u00f3mo decorar tu sala con estilo y versatilidad","datePublished":"2024-01-15T22:37:05+00:00","dateModified":"2024-01-15T22:37:08+00:00","mainEntityOfPage":{"@id":"https:\/\/teoriadeconstruccion.net\/blog\/como-decorar-tu-sala-con-estilo-y-versatilidad\/"},"wordCount":970,"commentCount":0,"publisher":{"@id":"https:\/\/teoriadeconstruccion.net\/blog\/#organization"},"image":{"@id":"https:\/\/teoriadeconstruccion.net\/blog\/como-decorar-tu-sala-con-estilo-y-versatilidad\/#primaryimage"},"thumbnailUrl":"https:\/\/i0.wp.com\/teoriadeconstruccion.net\/blog\/wp-content\/uploads\/2024\/01\/pexels-photo-6296928-scaled.jpeg?fit=1600%2C1068&ssl=1","articleSection":["decoraci\u00f3n","inmobiliaria","mobiliario"],"inLanguage":"es","potentialAction":[{"@type":"CommentAction","name":"Comment","target":["https:\/\/teoriadeconstruccion.net\/blog\/como-decorar-tu-sala-con-estilo-y-versatilidad\/#respond"]}]},{"@type":"WebPage","@id":"https:\/\/teoriadeconstruccion.net\/blog\/como-decorar-tu-sala-con-estilo-y-versatilidad\/","url":"https:\/\/teoriadeconstruccion.net\/blog\/como-decorar-tu-sala-con-estilo-y-versatilidad\/","name":"C\u00f3mo decorar tu sala con estilo y versatilidad - Teor\u00eda de construcci\u00f3n","isPartOf":{"@id":"https:\/\/teoriadeconstruccion.net\/blog\/#website"},"primaryImageOfPage":{"@id":"https:\/\/teoriadeconstruccion.net\/blog\/como-decorar-tu-sala-con-estilo-y-versatilidad\/#primaryimage"},"image":{"@id":"https:\/\/teoriadeconstruccion.net\/blog\/como-decorar-tu-sala-con-estilo-y-versatilidad\/#primaryimage"},"thumbnailUrl":"https:\/\/i0.wp.com\/teoriadeconstruccion.net\/blog\/wp-content\/uploads\/2024\/01\/pexels-photo-6296928-scaled.jpeg?fit=1600%2C1068&ssl=1","datePublished":"2024-01-15T22:37:05+00:00","dateModified":"2024-01-15T22:37:08+00:00","breadcrumb":{"@id":"https:\/\/teoriadeconstruccion.net\/blog\/como-decorar-tu-sala-con-estilo-y-versatilidad\/#breadcrumb"},"inLanguage":"es","potentialAction":[{"@type":"ReadAction","target":["https:\/\/teoriadeconstruccion.net\/blog\/como-decorar-tu-sala-con-estilo-y-versatilidad\/"]}]},{"@type":"ImageObject","inLanguage":"es","@id":"https:\/\/teoriadeconstruccion.net\/blog\/como-decorar-tu-sala-con-estilo-y-versatilidad\/#primaryimage","url":"https:\/\/i0.wp.com\/teoriadeconstruccion.net\/blog\/wp-content\/uploads\/2024\/01\/pexels-photo-6296928-scaled.jpeg?fit=1600%2C1068&ssl=1","contentUrl":"https:\/\/i0.wp.com\/teoriadeconstruccion.net\/blog\/wp-content\/uploads\/2024\/01\/pexels-photo-6296928-scaled.jpeg?fit=1600%2C1068&ssl=1","width":1600,"height":1068,"caption":"Photo by Max Rahubovskiy on Pexels.com"},{"@type":"BreadcrumbList","@id":"https:\/\/teoriadeconstruccion.net\/blog\/como-decorar-tu-sala-con-estilo-y-versatilidad\/#breadcrumb","itemListElement":[{"@type":"ListItem","position":1,"name":"Home","item":"https:\/\/teoriadeconstruccion.net\/blog\/"},{"@type":"ListItem","position":2,"name":"C\u00f3mo decorar tu sala con estilo y versatilidad"}]},{"@type":"WebSite","@id":"https:\/\/teoriadeconstruccion.net\/blog\/#website","url":"https:\/\/teoriadeconstruccion.net\/blog\/","name":"Teor\u00eda de construcci\u00f3n","description":"blog sobre construcci\u00f3n, teor\u00eda y aplicaci\u00f3n: materiales, normativa de edificaci\u00f3n, sistemas constructivos.","publisher":{"@id":"https:\/\/teoriadeconstruccion.net\/blog\/#organization"},"potentialAction":[{"@type":"SearchAction","target":{"@type":"EntryPoint","urlTemplate":"https:\/\/teoriadeconstruccion.net\/blog\/?s={search_term_string}"},"query-input":{"@type":"PropertyValueSpecification","valueRequired":true,"valueName":"search_term_string"}}],"inLanguage":"es"},{"@type":"Organization","@id":"https:\/\/teoriadeconstruccion.net\/blog\/#organization","name":"teoriadeconstruccion.net","url":"https:\/\/teoriadeconstruccion.net\/blog\/","logo":{"@type":"ImageObject","inLanguage":"es","@id":"https:\/\/teoriadeconstruccion.net\/blog\/#\/schema\/logo\/image\/","url":"https:\/\/i0.wp.com\/teoriadeconstruccion.net\/blog\/wp-content\/uploads\/2023\/08\/cropped-logo-2023-sm.jpg?fit=200%2C128&ssl=1","contentUrl":"https:\/\/i0.wp.com\/teoriadeconstruccion.net\/blog\/wp-content\/uploads\/2023\/08\/cropped-logo-2023-sm.jpg?fit=200%2C128&ssl=1","width":200,"height":128,"caption":"teoriadeconstruccion.net"},"image":{"@id":"https:\/\/teoriadeconstruccion.net\/blog\/#\/schema\/logo\/image\/"},"sameAs":["https:\/\/www.facebook.com\/teoriadeconstru","https:\/\/x.com\/teoriadeconstru"]},{"@type":"Person","@id":"https:\/\/teoriadeconstruccion.net\/blog\/#\/schema\/person\/fb82548ff6b2c5ec8553abd27564d477","name":"TeoriaDeConstruccion","image":{"@type":"ImageObject","inLanguage":"es","@id":"https:\/\/secure.gravatar.com\/avatar\/93482bf08c0d97ba5562e27bd904bbeecb1a8f9ae1492a8ae68b95fc7885c374?s=96&d=mm&r=g","url":"https:\/\/secure.gravatar.com\/avatar\/93482bf08c0d97ba5562e27bd904bbeecb1a8f9ae1492a8ae68b95fc7885c374?s=96&d=mm&r=g","contentUrl":"https:\/\/secure.gravatar.com\/avatar\/93482bf08c0d97ba5562e27bd904bbeecb1a8f9ae1492a8ae68b95fc7885c374?s=96&d=mm&r=g","caption":"TeoriaDeConstruccion"},"description":"Redacci\u00f3n general de art\u00edculos sobre materiales, instalaciones, normativa y sistemas constructivos. 80% obra \/ 20% oficina desde 2007","url":"https:\/\/teoriadeconstruccion.net\/blog\/author\/teoriadeconstruccion\/"}]}},"jetpack_publicize_connections":[],"jetpack_featured_media_url":"https:\/\/i0.wp.com\/teoriadeconstruccion.net\/blog\/wp-content\/uploads\/2024\/01\/pexels-photo-6296928-scaled.jpeg?fit=1600%2C1068&ssl=1","jetpack_shortlink":"https:\/\/wp.me\/p3diCd-j1T","jetpack_sharing_enabled":true,"_links":{"self":[{"href":"https:\/\/teoriadeconstruccion.net\/blog\/wp-json\/wp\/v2\/posts\/73153","targetHints":{"allow":["GET"]}}],"collection":[{"href":"https:\/\/teoriadeconstruccion.net\/blog\/wp-json\/wp\/v2\/posts"}],"about":[{"href":"https:\/\/teoriadeconstruccion.net\/blog\/wp-json\/wp\/v2\/types\/post"}],"author":[{"embeddable":true,"href":"https:\/\/teoriadeconstruccion.net\/blog\/wp-json\/wp\/v2\/users\/4036"}],"replies":[{"embeddable":true,"href":"https:\/\/teoriadeconstruccion.net\/blog\/wp-json\/wp\/v2\/comments?post=73153"}],"version-history":[{"count":0,"href":"https:\/\/teoriadeconstruccion.net\/blog\/wp-json\/wp\/v2\/posts\/73153\/revisions"}],"wp:featuredmedia":[{"embeddable":true,"href":"https:\/\/teoriadeconstruccion.net\/blog\/wp-json\/wp\/v2\/media\/73155"}],"wp:attachment":[{"href":"https:\/\/teoriadeconstruccion.net\/blog\/wp-json\/wp\/v2\/media?parent=73153"}],"wp:term":[{"taxonomy":"category","embeddable":true,"href":"https:\/\/teoriadeconstruccion.net\/blog\/wp-json\/wp\/v2\/categories?post=73153"},{"taxonomy":"post_tag","embeddable":true,"href":"https:\/\/teoriadeconstruccion.net\/blog\/wp-json\/wp\/v2\/tags?post=73153"}],"curies":[{"name":"wp","href":"https:\/\/api.w.org\/{rel}","templated":true}]}}