{"id":72781,"date":"2023-07-24T21:53:40","date_gmt":"2023-07-24T20:53:40","guid":{"rendered":"https:\/\/teoriadeconstruccion.net\/blog\/?p=72781"},"modified":"2023-07-24T21:53:42","modified_gmt":"2023-07-24T20:53:42","slug":"seguros-de-vida-de-las-trabajadoras-de-la-construccion","status":"publish","type":"post","link":"https:\/\/teoriadeconstruccion.net\/blog\/seguros-de-vida-de-las-trabajadoras-de-la-construccion\/","title":{"rendered":"Seguros de vida de las trabajadoras de la construcci\u00f3n"},"content":{"rendered":"\n<p>En el mes de marzo de este a\u00f1o se public\u00f3 el \u00faltimo informe sobre el estado del sector de la construcci\u00f3n, dado a conocer por el Observatorio Industrial de la Construcci\u00f3n, dependiente de la Fundaci\u00f3n Laboral de la Construcci\u00f3n, que cada a\u00f1o da a conocer la situaci\u00f3n y en los \u00faltimos a\u00f1os muestra el perfil de las mujeres trabajadoras en el sector, cada vez m\u00e1s representativo en la construcci\u00f3n.<\/p>\n\n\n\n<p>Los datos del primer trimestre de este a\u00f1o 2023 revelan que se han afiliado al mundo de la construcci\u00f3n (aut\u00f3nomas o contratadas) 155.358 mujeres , lo que representa un 11,1% del total de las personas afiliadas a la<br>construcci\u00f3n.  Estos datos clarifican que los seguros de vida <a href=\"https:\/\/www.allianz.es\/seguros-vida.html\" target=\"_blank\" rel=\"noreferrer noopener\">allianz.es\/seguros-vida.html<\/a> est\u00e1n empezando a tener en cuenta esta realidad. <\/p>\n\n\n\n<p>En el momento que hablamos de profesionales cualificados\/as hablamos de personas con una buena formaci\u00f3n y con conocimientos del trabajo f\u00edsico y los materiales y sistemas constructivos. Cierto es que el fondo f\u00edsico puede ser diferente entre distintas personas, pero en este sentido tambi\u00e9n existen diferencias f\u00edsicas entre los varones. En este sentido a la hora de plantear un seguro de vida para un trabajador o trabajadora de la construcci\u00f3n uno de los valores m\u00e1s importantes a destacar ser\u00e1 la formaci\u00f3n, y no tanto la diferencia de g\u00e9nero. <\/p>\n\n\n\n<p>En este momento en el que en Espa\u00f1a se necesitan puestos de trabajo en el sector, la buena noticia es que las mujeres ven cada vez con mejores ojos uno de los trabajos m\u00e1s masculinos por tradici\u00f3n. <\/p>\n\n\n<div class=\"wp-block-image\">\n<figure class=\"aligncenter size-full is-resized\"><a href=\"https:\/\/i0.wp.com\/teoriadeconstruccion.net\/blog\/wp-content\/uploads\/2023\/07\/image-7.png?ssl=1\"><img data-recalc-dims=\"1\" decoding=\"async\" src=\"https:\/\/i0.wp.com\/teoriadeconstruccion.net\/blog\/wp-content\/uploads\/2023\/07\/image-7.png?resize=515%2C724&#038;ssl=1\" alt=\"\" class=\"wp-image-72782\" width=\"515\" height=\"724\" srcset=\"https:\/\/i0.wp.com\/teoriadeconstruccion.net\/blog\/wp-content\/uploads\/2023\/07\/image-7.png?w=590&amp;ssl=1 590w, https:\/\/i0.wp.com\/teoriadeconstruccion.net\/blog\/wp-content\/uploads\/2023\/07\/image-7.png?resize=213%2C300&amp;ssl=1 213w\" sizes=\"(max-width: 515px) 100vw, 515px\" \/><\/a><\/figure>\n<\/div>\n\n\n<p>En el informe de 2022  se destacaba que el mayor n\u00famero de mujeres en la construcci\u00f3n trabajan en empresas de Actividades de Construcci\u00f3n de Edificios e Instalaciones el\u00e9ctricas, de fontaner\u00eda y otras instalaciones en obras de construcci\u00f3n.<\/p>\n\n\n\n<p>Menos de la mitad de la ocupaci\u00f3n en el a\u00f1o 2022 y son de perfil administrativo o contable financiero, un 46,8%, frente a la mayor\u00eda que han optado por trabajos in situ, en lugar de administrativos. <\/p>\n\n\n\n<p>Si bien la ocupaci\u00f3n por CNAE difiere de los datos de afiliaci\u00f3n que se presentaron antes en este informe, la EPA proporciona datos que permiten conocer las actividades a tres d\u00edgitos, por lo que se profundiza el an\u00e1lisis, con el fin de identificar los detalles que definen a las ocupadas en las actividades de la Construcci\u00f3n.<\/p>\n\n\n\n<p>Las dos actividades donde se ocupan m\u00e1s mujeres en 2022 fueron en 412 Construcci\u00f3n de Edificios (30,5%) y en 432 Instalaciones el\u00e9ctricas, de fontaner\u00eda y otras instalaciones en obras de construcci\u00f3n (29,9%), entre las dos aglutinan a seis de cada diez ocupadas en el sector.<\/p>\n\n\n<div class=\"wp-block-image\">\n<figure class=\"aligncenter size-large is-resized\"><a href=\"https:\/\/i0.wp.com\/teoriadeconstruccion.net\/blog\/wp-content\/uploads\/2023\/07\/image-9.png?ssl=1\"><img data-recalc-dims=\"1\" decoding=\"async\" src=\"https:\/\/i0.wp.com\/teoriadeconstruccion.net\/blog\/wp-content\/uploads\/2023\/07\/image-9.png?resize=630%2C260&#038;ssl=1\" alt=\"\" class=\"wp-image-72784\" width=\"630\" height=\"260\" srcset=\"https:\/\/i0.wp.com\/teoriadeconstruccion.net\/blog\/wp-content\/uploads\/2023\/07\/image-9.png?resize=1024%2C423&amp;ssl=1 1024w, https:\/\/i0.wp.com\/teoriadeconstruccion.net\/blog\/wp-content\/uploads\/2023\/07\/image-9.png?resize=300%2C124&amp;ssl=1 300w, https:\/\/i0.wp.com\/teoriadeconstruccion.net\/blog\/wp-content\/uploads\/2023\/07\/image-9.png?resize=768%2C317&amp;ssl=1 768w, https:\/\/i0.wp.com\/teoriadeconstruccion.net\/blog\/wp-content\/uploads\/2023\/07\/image-9.png?w=1356&amp;ssl=1 1356w\" sizes=\"(max-width: 630px) 100vw, 630px\" \/><\/a><figcaption class=\"wp-element-caption\"><em>Mujeres ocupadas en construcci\u00f3n en el a\u00f1o 2022<\/em><\/figcaption><\/figure>\n<\/div>\n\n\n<p class=\"has-nv-c-2-background-color has-background\"><em>\u00abEl peso de las mujeres en el sector es a\u00fan insuficiente y se debe avanzar hacia la paridad, m\u00e1xime teniendo en cuenta que una mayor presencia femenina mejora el rendimiento e incrementa la creatividad de las empresas, favoreciendo el desarrollo de los proyectos con impacto social\u00bb,<\/em> ha se\u00f1alado la directora del departamento Laboral de la CNC, Mar\u00eda Jos\u00e9 Leguina. &#8211; fuente: forbes.es<\/p>\n\n\n\n<p>Seg\u00fan concluye Roc\u00edo Regedor en su informe para theobjective.com el reto para el sector es seguir incorporando mujeres, pero lo bueno es que la tendencia desde hace unos a\u00f1os es positiva. A falta de conocer los datos que refleja la \u00faltima EPA y ver el global del a\u00f1o 2022, la cifra de mujeres trabajadoras en el mismo no ha dejado de crecer en los \u00faltimos a\u00f1os. En 2021 fue de m\u00e1s de 120.000 empleadas, con un crecimiento en la ocupaci\u00f3n con respecto al a\u00f1o anterior del 21,4% y de un 8,3% si lo comparamos con el 2019.<\/p>\n","protected":false},"excerpt":{"rendered":"<p>En el mes de marzo de este a\u00f1o se public\u00f3 el \u00faltimo informe sobre el estado del sector de la construcci\u00f3n, dado a conocer por el Observatorio Industrial de la Construcci\u00f3n, dependiente de la Fundaci\u00f3n Laboral de la Construcci\u00f3n, que cada a\u00f1o da a conocer la situaci\u00f3n y en los \u00faltimos a\u00f1os muestra el perfil&hellip;&nbsp;<a href=\"https:\/\/teoriadeconstruccion.net\/blog\/seguros-de-vida-de-las-trabajadoras-de-la-construccion\/\" rel=\"bookmark\">Leer m\u00e1s &raquo;<span class=\"screen-reader-text\">Seguros de vida de las trabajadoras de la construcci\u00f3n<\/span><\/a><\/p>\n","protected":false},"author":4036,"featured_media":72785,"comment_status":"open","ping_status":"open","sticky":false,"template":"","format":"standard","meta":{"neve_meta_sidebar":"","neve_meta_container":"","neve_meta_enable_content_width":"","neve_meta_content_width":0,"neve_meta_title_alignment":"","neve_meta_author_avatar":"","neve_post_elements_order":"","neve_meta_disable_header":"","neve_meta_disable_footer":"","neve_meta_disable_title":"","jetpack_post_was_ever_published":false,"_jetpack_newsletter_access":"","_jetpack_dont_email_post_to_subs":false,"_jetpack_newsletter_tier_id":0,"_jetpack_memberships_contains_paywalled_content":false,"_jetpack_memberships_contains_paid_content":false,"footnotes":"","jetpack_publicize_message":"","jetpack_publicize_feature_enabled":true,"jetpack_social_post_already_shared":true,"jetpack_social_options":{"image_generator_settings":{"template":"highway","default_image_id":0,"font":"","enabled":false},"version":2}},"categories":[543,727,649],"tags":[],"class_list":["post-72781","post","type-post","status-publish","format-standard","has-post-thumbnail","hentry","category-normativa","category-oficio","category-seguridad"],"yoast_head":"<!-- This site is optimized with the Yoast SEO plugin v27.5 - https:\/\/yoast.com\/product\/yoast-seo-wordpress\/ -->\n<title>Seguros de vida de las trabajadoras de la construcci\u00f3n - Teor\u00eda de construcci\u00f3n<\/title>\n<meta name=\"robots\" content=\"index, follow, max-snippet:-1, max-image-preview:large, max-video-preview:-1\" \/>\n<link rel=\"canonical\" href=\"https:\/\/teoriadeconstruccion.net\/blog\/seguros-de-vida-de-las-trabajadoras-de-la-construccion\/\" \/>\n<meta property=\"og:locale\" content=\"es_ES\" \/>\n<meta property=\"og:type\" content=\"article\" \/>\n<meta property=\"og:title\" content=\"Seguros de vida de las trabajadoras de la construcci\u00f3n - Teor\u00eda de construcci\u00f3n\" \/>\n<meta property=\"og:description\" content=\"En el mes de marzo de este a\u00f1o se public\u00f3 el \u00faltimo informe sobre el estado del sector de la construcci\u00f3n, dado a conocer por el Observatorio Industrial de la Construcci\u00f3n, dependiente de la Fundaci\u00f3n Laboral de la Construcci\u00f3n, que cada a\u00f1o da a conocer la situaci\u00f3n y en los \u00faltimos a\u00f1os muestra el perfil&hellip;&nbsp;Leer m\u00e1s &raquo;Seguros de vida de las trabajadoras de la construcci\u00f3n\" \/>\n<meta property=\"og:url\" content=\"https:\/\/teoriadeconstruccion.net\/blog\/seguros-de-vida-de-las-trabajadoras-de-la-construccion\/\" \/>\n<meta property=\"og:site_name\" content=\"Teor\u00eda de construcci\u00f3n\" \/>\n<meta property=\"article:publisher\" content=\"https:\/\/www.facebook.com\/teoriadeconstru\" \/>\n<meta property=\"article:published_time\" content=\"2023-07-24T20:53:40+00:00\" \/>\n<meta property=\"article:modified_time\" content=\"2023-07-24T20:53:42+00:00\" \/>\n<meta property=\"og:image\" content=\"https:\/\/teoriadeconstruccion.net\/blog\/wp-content\/uploads\/2023\/07\/pexels-photo-8961130-scaled.jpeg\" \/>\n\t<meta property=\"og:image:width\" content=\"1600\" \/>\n\t<meta property=\"og:image:height\" content=\"1066\" \/>\n\t<meta property=\"og:image:type\" content=\"image\/jpeg\" \/>\n<meta name=\"author\" content=\"TeoriaDeConstruccion\" \/>\n<meta name=\"twitter:card\" content=\"summary_large_image\" \/>\n<meta name=\"twitter:creator\" content=\"@teoriadeconstru\" \/>\n<meta name=\"twitter:site\" content=\"@teoriadeconstru\" \/>\n<meta name=\"twitter:label1\" content=\"Escrito por\" \/>\n\t<meta name=\"twitter:data1\" content=\"TeoriaDeConstruccion\" \/>\n\t<meta name=\"twitter:label2\" content=\"Tiempo de lectura\" \/>\n\t<meta name=\"twitter:data2\" content=\"4 minutos\" \/>\n<script type=\"application\/ld+json\" class=\"yoast-schema-graph\">{\"@context\":\"https:\\\/\\\/schema.org\",\"@graph\":[{\"@type\":\"Article\",\"@id\":\"https:\\\/\\\/teoriadeconstruccion.net\\\/blog\\\/seguros-de-vida-de-las-trabajadoras-de-la-construccion\\\/#article\",\"isPartOf\":{\"@id\":\"https:\\\/\\\/teoriadeconstruccion.net\\\/blog\\\/seguros-de-vida-de-las-trabajadoras-de-la-construccion\\\/\"},\"author\":{\"name\":\"TeoriaDeConstruccion\",\"@id\":\"https:\\\/\\\/teoriadeconstruccion.net\\\/blog\\\/#\\\/schema\\\/person\\\/fb82548ff6b2c5ec8553abd27564d477\"},\"headline\":\"Seguros de vida de las trabajadoras de la construcci\u00f3n\",\"datePublished\":\"2023-07-24T20:53:40+00:00\",\"dateModified\":\"2023-07-24T20:53:42+00:00\",\"mainEntityOfPage\":{\"@id\":\"https:\\\/\\\/teoriadeconstruccion.net\\\/blog\\\/seguros-de-vida-de-las-trabajadoras-de-la-construccion\\\/\"},\"wordCount\":647,\"commentCount\":0,\"publisher\":{\"@id\":\"https:\\\/\\\/teoriadeconstruccion.net\\\/blog\\\/#organization\"},\"image\":{\"@id\":\"https:\\\/\\\/teoriadeconstruccion.net\\\/blog\\\/seguros-de-vida-de-las-trabajadoras-de-la-construccion\\\/#primaryimage\"},\"thumbnailUrl\":\"https:\\\/\\\/i0.wp.com\\\/teoriadeconstruccion.net\\\/blog\\\/wp-content\\\/uploads\\\/2023\\\/07\\\/pexels-photo-8961130-scaled.jpeg?fit=1600%2C1066&ssl=1\",\"articleSection\":[\"normativa\",\"oficio\",\"seguridad\"],\"inLanguage\":\"es\",\"potentialAction\":[{\"@type\":\"CommentAction\",\"name\":\"Comment\",\"target\":[\"https:\\\/\\\/teoriadeconstruccion.net\\\/blog\\\/seguros-de-vida-de-las-trabajadoras-de-la-construccion\\\/#respond\"]}]},{\"@type\":\"WebPage\",\"@id\":\"https:\\\/\\\/teoriadeconstruccion.net\\\/blog\\\/seguros-de-vida-de-las-trabajadoras-de-la-construccion\\\/\",\"url\":\"https:\\\/\\\/teoriadeconstruccion.net\\\/blog\\\/seguros-de-vida-de-las-trabajadoras-de-la-construccion\\\/\",\"name\":\"Seguros de vida de las trabajadoras de la construcci\u00f3n - Teor\u00eda de construcci\u00f3n\",\"isPartOf\":{\"@id\":\"https:\\\/\\\/teoriadeconstruccion.net\\\/blog\\\/#website\"},\"primaryImageOfPage\":{\"@id\":\"https:\\\/\\\/teoriadeconstruccion.net\\\/blog\\\/seguros-de-vida-de-las-trabajadoras-de-la-construccion\\\/#primaryimage\"},\"image\":{\"@id\":\"https:\\\/\\\/teoriadeconstruccion.net\\\/blog\\\/seguros-de-vida-de-las-trabajadoras-de-la-construccion\\\/#primaryimage\"},\"thumbnailUrl\":\"https:\\\/\\\/i0.wp.com\\\/teoriadeconstruccion.net\\\/blog\\\/wp-content\\\/uploads\\\/2023\\\/07\\\/pexels-photo-8961130-scaled.jpeg?fit=1600%2C1066&ssl=1\",\"datePublished\":\"2023-07-24T20:53:40+00:00\",\"dateModified\":\"2023-07-24T20:53:42+00:00\",\"breadcrumb\":{\"@id\":\"https:\\\/\\\/teoriadeconstruccion.net\\\/blog\\\/seguros-de-vida-de-las-trabajadoras-de-la-construccion\\\/#breadcrumb\"},\"inLanguage\":\"es\",\"potentialAction\":[{\"@type\":\"ReadAction\",\"target\":[\"https:\\\/\\\/teoriadeconstruccion.net\\\/blog\\\/seguros-de-vida-de-las-trabajadoras-de-la-construccion\\\/\"]}]},{\"@type\":\"ImageObject\",\"inLanguage\":\"es\",\"@id\":\"https:\\\/\\\/teoriadeconstruccion.net\\\/blog\\\/seguros-de-vida-de-las-trabajadoras-de-la-construccion\\\/#primaryimage\",\"url\":\"https:\\\/\\\/i0.wp.com\\\/teoriadeconstruccion.net\\\/blog\\\/wp-content\\\/uploads\\\/2023\\\/07\\\/pexels-photo-8961130-scaled.jpeg?fit=1600%2C1066&ssl=1\",\"contentUrl\":\"https:\\\/\\\/i0.wp.com\\\/teoriadeconstruccion.net\\\/blog\\\/wp-content\\\/uploads\\\/2023\\\/07\\\/pexels-photo-8961130-scaled.jpeg?fit=1600%2C1066&ssl=1\",\"width\":1600,\"height\":1066,\"caption\":\"Photo by Mikael Blomkvist on Pexels.com\"},{\"@type\":\"BreadcrumbList\",\"@id\":\"https:\\\/\\\/teoriadeconstruccion.net\\\/blog\\\/seguros-de-vida-de-las-trabajadoras-de-la-construccion\\\/#breadcrumb\",\"itemListElement\":[{\"@type\":\"ListItem\",\"position\":1,\"name\":\"Home\",\"item\":\"https:\\\/\\\/teoriadeconstruccion.net\\\/blog\\\/\"},{\"@type\":\"ListItem\",\"position\":2,\"name\":\"Seguros de vida de las trabajadoras de la construcci\u00f3n\"}]},{\"@type\":\"WebSite\",\"@id\":\"https:\\\/\\\/teoriadeconstruccion.net\\\/blog\\\/#website\",\"url\":\"https:\\\/\\\/teoriadeconstruccion.net\\\/blog\\\/\",\"name\":\"Teor\u00eda de construcci\u00f3n\",\"description\":\"blog sobre construcci\u00f3n, teor\u00eda y aplicaci\u00f3n: materiales, normativa de edificaci\u00f3n, sistemas constructivos.\",\"publisher\":{\"@id\":\"https:\\\/\\\/teoriadeconstruccion.net\\\/blog\\\/#organization\"},\"potentialAction\":[{\"@type\":\"SearchAction\",\"target\":{\"@type\":\"EntryPoint\",\"urlTemplate\":\"https:\\\/\\\/teoriadeconstruccion.net\\\/blog\\\/?s={search_term_string}\"},\"query-input\":{\"@type\":\"PropertyValueSpecification\",\"valueRequired\":true,\"valueName\":\"search_term_string\"}}],\"inLanguage\":\"es\"},{\"@type\":\"Organization\",\"@id\":\"https:\\\/\\\/teoriadeconstruccion.net\\\/blog\\\/#organization\",\"name\":\"teoriadeconstruccion.net\",\"url\":\"https:\\\/\\\/teoriadeconstruccion.net\\\/blog\\\/\",\"logo\":{\"@type\":\"ImageObject\",\"inLanguage\":\"es\",\"@id\":\"https:\\\/\\\/teoriadeconstruccion.net\\\/blog\\\/#\\\/schema\\\/logo\\\/image\\\/\",\"url\":\"https:\\\/\\\/i0.wp.com\\\/teoriadeconstruccion.net\\\/blog\\\/wp-content\\\/uploads\\\/2023\\\/08\\\/cropped-logo-2023-sm.jpg?fit=200%2C128&ssl=1\",\"contentUrl\":\"https:\\\/\\\/i0.wp.com\\\/teoriadeconstruccion.net\\\/blog\\\/wp-content\\\/uploads\\\/2023\\\/08\\\/cropped-logo-2023-sm.jpg?fit=200%2C128&ssl=1\",\"width\":200,\"height\":128,\"caption\":\"teoriadeconstruccion.net\"},\"image\":{\"@id\":\"https:\\\/\\\/teoriadeconstruccion.net\\\/blog\\\/#\\\/schema\\\/logo\\\/image\\\/\"},\"sameAs\":[\"https:\\\/\\\/www.facebook.com\\\/teoriadeconstru\",\"https:\\\/\\\/x.com\\\/teoriadeconstru\"]},{\"@type\":\"Person\",\"@id\":\"https:\\\/\\\/teoriadeconstruccion.net\\\/blog\\\/#\\\/schema\\\/person\\\/fb82548ff6b2c5ec8553abd27564d477\",\"name\":\"TeoriaDeConstruccion\",\"image\":{\"@type\":\"ImageObject\",\"inLanguage\":\"es\",\"@id\":\"https:\\\/\\\/secure.gravatar.com\\\/avatar\\\/93482bf08c0d97ba5562e27bd904bbeecb1a8f9ae1492a8ae68b95fc7885c374?s=96&d=mm&r=g\",\"url\":\"https:\\\/\\\/secure.gravatar.com\\\/avatar\\\/93482bf08c0d97ba5562e27bd904bbeecb1a8f9ae1492a8ae68b95fc7885c374?s=96&d=mm&r=g\",\"contentUrl\":\"https:\\\/\\\/secure.gravatar.com\\\/avatar\\\/93482bf08c0d97ba5562e27bd904bbeecb1a8f9ae1492a8ae68b95fc7885c374?s=96&d=mm&r=g\",\"caption\":\"TeoriaDeConstruccion\"},\"description\":\"Redacci\u00f3n general de art\u00edculos sobre materiales, instalaciones, normativa y sistemas constructivos. 80% obra \\\/ 20% oficina desde 2007\",\"url\":\"https:\\\/\\\/teoriadeconstruccion.net\\\/blog\\\/author\\\/teoriadeconstruccion\\\/\"}]}<\/script>\n<!-- \/ Yoast SEO plugin. -->","yoast_head_json":{"title":"Seguros de vida de las trabajadoras de la construcci\u00f3n - Teor\u00eda de construcci\u00f3n","robots":{"index":"index","follow":"follow","max-snippet":"max-snippet:-1","max-image-preview":"max-image-preview:large","max-video-preview":"max-video-preview:-1"},"canonical":"https:\/\/teoriadeconstruccion.net\/blog\/seguros-de-vida-de-las-trabajadoras-de-la-construccion\/","og_locale":"es_ES","og_type":"article","og_title":"Seguros de vida de las trabajadoras de la construcci\u00f3n - Teor\u00eda de construcci\u00f3n","og_description":"En el mes de marzo de este a\u00f1o se public\u00f3 el \u00faltimo informe sobre el estado del sector de la construcci\u00f3n, dado a conocer por el Observatorio Industrial de la Construcci\u00f3n, dependiente de la Fundaci\u00f3n Laboral de la Construcci\u00f3n, que cada a\u00f1o da a conocer la situaci\u00f3n y en los \u00faltimos a\u00f1os muestra el perfil&hellip;&nbsp;Leer m\u00e1s &raquo;Seguros de vida de las trabajadoras de la construcci\u00f3n","og_url":"https:\/\/teoriadeconstruccion.net\/blog\/seguros-de-vida-de-las-trabajadoras-de-la-construccion\/","og_site_name":"Teor\u00eda de construcci\u00f3n","article_publisher":"https:\/\/www.facebook.com\/teoriadeconstru","article_published_time":"2023-07-24T20:53:40+00:00","article_modified_time":"2023-07-24T20:53:42+00:00","og_image":[{"width":1600,"height":1066,"url":"https:\/\/teoriadeconstruccion.net\/blog\/wp-content\/uploads\/2023\/07\/pexels-photo-8961130-scaled.jpeg","type":"image\/jpeg"}],"author":"TeoriaDeConstruccion","twitter_card":"summary_large_image","twitter_creator":"@teoriadeconstru","twitter_site":"@teoriadeconstru","twitter_misc":{"Escrito por":"TeoriaDeConstruccion","Tiempo de lectura":"4 minutos"},"schema":{"@context":"https:\/\/schema.org","@graph":[{"@type":"Article","@id":"https:\/\/teoriadeconstruccion.net\/blog\/seguros-de-vida-de-las-trabajadoras-de-la-construccion\/#article","isPartOf":{"@id":"https:\/\/teoriadeconstruccion.net\/blog\/seguros-de-vida-de-las-trabajadoras-de-la-construccion\/"},"author":{"name":"TeoriaDeConstruccion","@id":"https:\/\/teoriadeconstruccion.net\/blog\/#\/schema\/person\/fb82548ff6b2c5ec8553abd27564d477"},"headline":"Seguros de vida de las trabajadoras de la construcci\u00f3n","datePublished":"2023-07-24T20:53:40+00:00","dateModified":"2023-07-24T20:53:42+00:00","mainEntityOfPage":{"@id":"https:\/\/teoriadeconstruccion.net\/blog\/seguros-de-vida-de-las-trabajadoras-de-la-construccion\/"},"wordCount":647,"commentCount":0,"publisher":{"@id":"https:\/\/teoriadeconstruccion.net\/blog\/#organization"},"image":{"@id":"https:\/\/teoriadeconstruccion.net\/blog\/seguros-de-vida-de-las-trabajadoras-de-la-construccion\/#primaryimage"},"thumbnailUrl":"https:\/\/i0.wp.com\/teoriadeconstruccion.net\/blog\/wp-content\/uploads\/2023\/07\/pexels-photo-8961130-scaled.jpeg?fit=1600%2C1066&ssl=1","articleSection":["normativa","oficio","seguridad"],"inLanguage":"es","potentialAction":[{"@type":"CommentAction","name":"Comment","target":["https:\/\/teoriadeconstruccion.net\/blog\/seguros-de-vida-de-las-trabajadoras-de-la-construccion\/#respond"]}]},{"@type":"WebPage","@id":"https:\/\/teoriadeconstruccion.net\/blog\/seguros-de-vida-de-las-trabajadoras-de-la-construccion\/","url":"https:\/\/teoriadeconstruccion.net\/blog\/seguros-de-vida-de-las-trabajadoras-de-la-construccion\/","name":"Seguros de vida de las trabajadoras de la construcci\u00f3n - Teor\u00eda de construcci\u00f3n","isPartOf":{"@id":"https:\/\/teoriadeconstruccion.net\/blog\/#website"},"primaryImageOfPage":{"@id":"https:\/\/teoriadeconstruccion.net\/blog\/seguros-de-vida-de-las-trabajadoras-de-la-construccion\/#primaryimage"},"image":{"@id":"https:\/\/teoriadeconstruccion.net\/blog\/seguros-de-vida-de-las-trabajadoras-de-la-construccion\/#primaryimage"},"thumbnailUrl":"https:\/\/i0.wp.com\/teoriadeconstruccion.net\/blog\/wp-content\/uploads\/2023\/07\/pexels-photo-8961130-scaled.jpeg?fit=1600%2C1066&ssl=1","datePublished":"2023-07-24T20:53:40+00:00","dateModified":"2023-07-24T20:53:42+00:00","breadcrumb":{"@id":"https:\/\/teoriadeconstruccion.net\/blog\/seguros-de-vida-de-las-trabajadoras-de-la-construccion\/#breadcrumb"},"inLanguage":"es","potentialAction":[{"@type":"ReadAction","target":["https:\/\/teoriadeconstruccion.net\/blog\/seguros-de-vida-de-las-trabajadoras-de-la-construccion\/"]}]},{"@type":"ImageObject","inLanguage":"es","@id":"https:\/\/teoriadeconstruccion.net\/blog\/seguros-de-vida-de-las-trabajadoras-de-la-construccion\/#primaryimage","url":"https:\/\/i0.wp.com\/teoriadeconstruccion.net\/blog\/wp-content\/uploads\/2023\/07\/pexels-photo-8961130-scaled.jpeg?fit=1600%2C1066&ssl=1","contentUrl":"https:\/\/i0.wp.com\/teoriadeconstruccion.net\/blog\/wp-content\/uploads\/2023\/07\/pexels-photo-8961130-scaled.jpeg?fit=1600%2C1066&ssl=1","width":1600,"height":1066,"caption":"Photo by Mikael Blomkvist on Pexels.com"},{"@type":"BreadcrumbList","@id":"https:\/\/teoriadeconstruccion.net\/blog\/seguros-de-vida-de-las-trabajadoras-de-la-construccion\/#breadcrumb","itemListElement":[{"@type":"ListItem","position":1,"name":"Home","item":"https:\/\/teoriadeconstruccion.net\/blog\/"},{"@type":"ListItem","position":2,"name":"Seguros de vida de las trabajadoras de la construcci\u00f3n"}]},{"@type":"WebSite","@id":"https:\/\/teoriadeconstruccion.net\/blog\/#website","url":"https:\/\/teoriadeconstruccion.net\/blog\/","name":"Teor\u00eda de construcci\u00f3n","description":"blog sobre construcci\u00f3n, teor\u00eda y aplicaci\u00f3n: materiales, normativa de edificaci\u00f3n, sistemas constructivos.","publisher":{"@id":"https:\/\/teoriadeconstruccion.net\/blog\/#organization"},"potentialAction":[{"@type":"SearchAction","target":{"@type":"EntryPoint","urlTemplate":"https:\/\/teoriadeconstruccion.net\/blog\/?s={search_term_string}"},"query-input":{"@type":"PropertyValueSpecification","valueRequired":true,"valueName":"search_term_string"}}],"inLanguage":"es"},{"@type":"Organization","@id":"https:\/\/teoriadeconstruccion.net\/blog\/#organization","name":"teoriadeconstruccion.net","url":"https:\/\/teoriadeconstruccion.net\/blog\/","logo":{"@type":"ImageObject","inLanguage":"es","@id":"https:\/\/teoriadeconstruccion.net\/blog\/#\/schema\/logo\/image\/","url":"https:\/\/i0.wp.com\/teoriadeconstruccion.net\/blog\/wp-content\/uploads\/2023\/08\/cropped-logo-2023-sm.jpg?fit=200%2C128&ssl=1","contentUrl":"https:\/\/i0.wp.com\/teoriadeconstruccion.net\/blog\/wp-content\/uploads\/2023\/08\/cropped-logo-2023-sm.jpg?fit=200%2C128&ssl=1","width":200,"height":128,"caption":"teoriadeconstruccion.net"},"image":{"@id":"https:\/\/teoriadeconstruccion.net\/blog\/#\/schema\/logo\/image\/"},"sameAs":["https:\/\/www.facebook.com\/teoriadeconstru","https:\/\/x.com\/teoriadeconstru"]},{"@type":"Person","@id":"https:\/\/teoriadeconstruccion.net\/blog\/#\/schema\/person\/fb82548ff6b2c5ec8553abd27564d477","name":"TeoriaDeConstruccion","image":{"@type":"ImageObject","inLanguage":"es","@id":"https:\/\/secure.gravatar.com\/avatar\/93482bf08c0d97ba5562e27bd904bbeecb1a8f9ae1492a8ae68b95fc7885c374?s=96&d=mm&r=g","url":"https:\/\/secure.gravatar.com\/avatar\/93482bf08c0d97ba5562e27bd904bbeecb1a8f9ae1492a8ae68b95fc7885c374?s=96&d=mm&r=g","contentUrl":"https:\/\/secure.gravatar.com\/avatar\/93482bf08c0d97ba5562e27bd904bbeecb1a8f9ae1492a8ae68b95fc7885c374?s=96&d=mm&r=g","caption":"TeoriaDeConstruccion"},"description":"Redacci\u00f3n general de art\u00edculos sobre materiales, instalaciones, normativa y sistemas constructivos. 80% obra \/ 20% oficina desde 2007","url":"https:\/\/teoriadeconstruccion.net\/blog\/author\/teoriadeconstruccion\/"}]}},"jetpack_publicize_connections":[],"jetpack_featured_media_url":"https:\/\/i0.wp.com\/teoriadeconstruccion.net\/blog\/wp-content\/uploads\/2023\/07\/pexels-photo-8961130-scaled.jpeg?fit=1600%2C1066&ssl=1","jetpack_shortlink":"https:\/\/wp.me\/p3diCd-iVT","jetpack_sharing_enabled":true,"_links":{"self":[{"href":"https:\/\/teoriadeconstruccion.net\/blog\/wp-json\/wp\/v2\/posts\/72781","targetHints":{"allow":["GET"]}}],"collection":[{"href":"https:\/\/teoriadeconstruccion.net\/blog\/wp-json\/wp\/v2\/posts"}],"about":[{"href":"https:\/\/teoriadeconstruccion.net\/blog\/wp-json\/wp\/v2\/types\/post"}],"author":[{"embeddable":true,"href":"https:\/\/teoriadeconstruccion.net\/blog\/wp-json\/wp\/v2\/users\/4036"}],"replies":[{"embeddable":true,"href":"https:\/\/teoriadeconstruccion.net\/blog\/wp-json\/wp\/v2\/comments?post=72781"}],"version-history":[{"count":0,"href":"https:\/\/teoriadeconstruccion.net\/blog\/wp-json\/wp\/v2\/posts\/72781\/revisions"}],"wp:featuredmedia":[{"embeddable":true,"href":"https:\/\/teoriadeconstruccion.net\/blog\/wp-json\/wp\/v2\/media\/72785"}],"wp:attachment":[{"href":"https:\/\/teoriadeconstruccion.net\/blog\/wp-json\/wp\/v2\/media?parent=72781"}],"wp:term":[{"taxonomy":"category","embeddable":true,"href":"https:\/\/teoriadeconstruccion.net\/blog\/wp-json\/wp\/v2\/categories?post=72781"},{"taxonomy":"post_tag","embeddable":true,"href":"https:\/\/teoriadeconstruccion.net\/blog\/wp-json\/wp\/v2\/tags?post=72781"}],"curies":[{"name":"wp","href":"https:\/\/api.w.org\/{rel}","templated":true}]}}