{"id":72652,"date":"2023-05-17T11:20:38","date_gmt":"2023-05-17T10:20:38","guid":{"rendered":"https:\/\/teoriadeconstruccion.net\/blog\/?p=72652"},"modified":"2023-05-19T21:54:05","modified_gmt":"2023-05-19T20:54:05","slug":"el-asfalto-utilizado-en-espana","status":"publish","type":"post","link":"https:\/\/teoriadeconstruccion.net\/blog\/el-asfalto-utilizado-en-espana\/","title":{"rendered":"El asfalto utilizado en Espa\u00f1a"},"content":{"rendered":"\n<p>Estamos habituados a que cada vez que hay elecciones generales o municipales aparezcan mayores despliegues de <a href=\"https:\/\/www.asfalpasa.es\/asfaltado-carreteras\/\" target=\"_blank\" rel=\"noreferrer noopener\"><strong>asfaltado de carreteras<\/strong><\/a> y calles. Hemos puesto la calculadora a funcionar y hemos comprobado que en Espa\u00f1a existe una red de carreteras  de 165.000 km, y hemos considerado los anchos de todas las autopistas, autov\u00edas y carreteras para determinar una superficie de asfalto. Sorpr\u00e9ndete con el resultado! <\/p>\n\n\n\n<figure class=\"wp-block-table\"><table><thead><tr><th>Tipo de carretera<\/th><th class=\"has-text-align-center\" data-align=\"center\">Longitud en Espa\u00f1a (km)<\/th><th class=\"has-text-align-center\" data-align=\"center\">Ancho habitual (m)<\/th><th class=\"has-text-align-center\" data-align=\"center\">Superficie (m\u00b2)<\/th><\/tr><\/thead><tbody><tr><td>Autopistas<\/td><td class=\"has-text-align-center\" data-align=\"center\">16,184<\/td><td class=\"has-text-align-center\" data-align=\"center\">26<\/td><td class=\"has-text-align-center\" data-align=\"center\">421,184,000<\/td><\/tr><tr><td>Autov\u00edas<\/td><td class=\"has-text-align-center\" data-align=\"center\">15,617<\/td><td class=\"has-text-align-center\" data-align=\"center\">24<\/td><td class=\"has-text-align-center\" data-align=\"center\">375,408,000<\/td><\/tr><tr><td>Carreteras Nacionales<\/td><td class=\"has-text-align-center\" data-align=\"center\">18,427<\/td><td class=\"has-text-align-center\" data-align=\"center\">5.5-10<\/td><td class=\"has-text-align-center\" data-align=\"center\">92,135,880 &#8211; 164,270,000<\/td><\/tr><tr><td>Carreteras Regionales<\/td><td class=\"has-text-align-center\" data-align=\"center\">82,495<\/td><td class=\"has-text-align-center\" data-align=\"center\">5<\/td><td class=\"has-text-align-center\" data-align=\"center\">412,475,000<\/td><\/tr><tr><td>Carreteras Locales<\/td><td class=\"has-text-align-center\" data-align=\"center\">32,793<\/td><td class=\"has-text-align-center\" data-align=\"center\">5<\/td><td class=\"has-text-align-center\" data-align=\"center\">163,965,000<\/td><\/tr><tr><td><strong>Sumatorio de todas las carreteras<\/strong><\/td><td class=\"has-text-align-center\" data-align=\"center\"><strong>165,516<\/strong><\/td><td class=\"has-text-align-center\" data-align=\"center\">&#8212;<\/td><td class=\"has-text-align-center\" data-align=\"center\"><strong>1,230,437,880 &#8211; 1,302,072,000<\/strong><\/td><\/tr><\/tbody><\/table><\/figure>\n\n\n\n<p class=\"has-nv-c-2-background-color has-background\">La superficie resultante de esta operaci\u00f3n condensada en una \u00fanica regi\u00f3n podr\u00eda cubrir la mitad de la comunidad de la Rioja, o por comparaci\u00f3n, tendr\u00eda el doble de extensi\u00f3n que el parque natural de los Picos de Europa.  Con la red de carreteras espa\u00f1ola podr\u00edamos asfaltar dos veces los Picos!<\/p>\n\n\n\n<p>En las zonas urbanas el asfalto tambi\u00e9n es muy utilizado. Por este motivo hemos pensado en que uno de los materiales artificiales m\u00e1s utilizados y que recubre gran superficie de nuestro territorio debe de tener un art\u00edculo completo en nuestro blog. <\/p>\n\n\n\n<p>Hablaremos del asfalto como material y de los sistemas de plataformas  y preparaci\u00f3n de diferentes superficies que debemos utilizar para utilizar correctamente el asfalto. <\/p>\n\n\n\n<p>El asfalto utilizado en carreteras es una mezcla artificial en la que el bet\u00fan est\u00e1 asociado con materia mineral inerte, es un producto de color negro o negro parduzco. Se aprovecha su caracter\u00edstica principal, cuando se somete a una temperatura entre 50 y 100 \u00b0 C est\u00e1 en estado l\u00edquido, mientras que a una temperatura ambiente permanece en estado s\u00f3lido.  El asfalto en si es una una mezcla de materia mineral inerte, cal, al\u00famina, cal, s\u00edlice, etc. y un hidrocarburo conocido como bet\u00fan asf\u00e1ltico que se roc\u00eda sobre capas de gravilla compactada. <\/p>\n\n\n<div class=\"wp-block-image\">\n<figure class=\"aligncenter size-full\"><a href=\"https:\/\/i0.wp.com\/teoriadeconstruccion.net\/blog\/wp-content\/uploads\/2023\/05\/image-12.png?ssl=1\"><img data-recalc-dims=\"1\" decoding=\"async\" width=\"761\" height=\"834\" src=\"https:\/\/i0.wp.com\/teoriadeconstruccion.net\/blog\/wp-content\/uploads\/2023\/05\/image-12.png?resize=761%2C834&#038;ssl=1\" alt=\"\" class=\"wp-image-72656\" srcset=\"https:\/\/i0.wp.com\/teoriadeconstruccion.net\/blog\/wp-content\/uploads\/2023\/05\/image-12.png?w=761&amp;ssl=1 761w, https:\/\/i0.wp.com\/teoriadeconstruccion.net\/blog\/wp-content\/uploads\/2023\/05\/image-12.png?resize=274%2C300&amp;ssl=1 274w\" sizes=\"(max-width: 761px) 100vw, 761px\" \/><\/a><figcaption class=\"wp-element-caption\"><em>Mezclas bituminosas en caliente. Influencia en la elecci\u00f3n del tipo de ligante bituminoso, as\u00ed como para la relaci\u00f3n entre su dosificaci\u00f3n en masa y la del polvo mineral<\/em><\/figcaption><\/figure>\n<\/div>\n\n\n<h2 class=\"wp-block-heading\">Secciones de firmes flexibles<\/h2>\n\n\n\n<p>A la hora de definir la estructura de un firme, la calidad de la explanada sobre la que se va a asentar es fundamental. En este sentido, el par\u00e1metro que se suele utilizar es el denominado \u201cm\u00f3dulo de compresibilidad en el segundo ciclo de carga\u201d (Ev2) expresado en megapascales (MPa). En funci\u00f3n del valor alcanzado por este par\u00e1metro, la Norma distingue tres categor\u00edas de explanada, que ordenadas de menor a mayor m\u00f3dulo de compresibilidad son: E1, E2 y E3.  Al final del art\u00edculo tienes un enlace para descargar la noma completa y un documento elaborado por el MITMA para tener mayor informaci\u00f3n. <\/p>\n\n\n<div class=\"wp-block-image\">\n<figure class=\"aligncenter size-full\"><a href=\"https:\/\/i0.wp.com\/teoriadeconstruccion.net\/blog\/wp-content\/uploads\/2023\/05\/image-9.png?ssl=1\"><img data-recalc-dims=\"1\" decoding=\"async\" width=\"573\" height=\"817\" src=\"https:\/\/i0.wp.com\/teoriadeconstruccion.net\/blog\/wp-content\/uploads\/2023\/05\/image-9.png?resize=573%2C817&#038;ssl=1\" alt=\"\" class=\"wp-image-72653\" srcset=\"https:\/\/i0.wp.com\/teoriadeconstruccion.net\/blog\/wp-content\/uploads\/2023\/05\/image-9.png?w=573&amp;ssl=1 573w, https:\/\/i0.wp.com\/teoriadeconstruccion.net\/blog\/wp-content\/uploads\/2023\/05\/image-9.png?resize=210%2C300&amp;ssl=1 210w\" sizes=\"(max-width: 573px) 100vw, 573px\" \/><\/a><\/figure>\n<\/div>\n\n<div class=\"wp-block-image\">\n<figure class=\"aligncenter size-full\"><a href=\"https:\/\/i0.wp.com\/teoriadeconstruccion.net\/blog\/wp-content\/uploads\/2023\/05\/image-10.png?ssl=1\"><img data-recalc-dims=\"1\" decoding=\"async\" width=\"564\" height=\"838\" src=\"https:\/\/i0.wp.com\/teoriadeconstruccion.net\/blog\/wp-content\/uploads\/2023\/05\/image-10.png?resize=564%2C838&#038;ssl=1\" alt=\"\" class=\"wp-image-72654\" srcset=\"https:\/\/i0.wp.com\/teoriadeconstruccion.net\/blog\/wp-content\/uploads\/2023\/05\/image-10.png?w=564&amp;ssl=1 564w, https:\/\/i0.wp.com\/teoriadeconstruccion.net\/blog\/wp-content\/uploads\/2023\/05\/image-10.png?resize=202%2C300&amp;ssl=1 202w\" sizes=\"(max-width: 564px) 100vw, 564px\" \/><\/a><\/figure>\n<\/div>\n\n<div class=\"wp-block-image\">\n<figure class=\"aligncenter size-full\"><a href=\"https:\/\/i0.wp.com\/teoriadeconstruccion.net\/blog\/wp-content\/uploads\/2023\/05\/image-11.png?ssl=1\"><img data-recalc-dims=\"1\" decoding=\"async\" width=\"563\" height=\"831\" src=\"https:\/\/i0.wp.com\/teoriadeconstruccion.net\/blog\/wp-content\/uploads\/2023\/05\/image-11.png?resize=563%2C831&#038;ssl=1\" alt=\"\" class=\"wp-image-72655\" srcset=\"https:\/\/i0.wp.com\/teoriadeconstruccion.net\/blog\/wp-content\/uploads\/2023\/05\/image-11.png?w=563&amp;ssl=1 563w, https:\/\/i0.wp.com\/teoriadeconstruccion.net\/blog\/wp-content\/uploads\/2023\/05\/image-11.png?resize=203%2C300&amp;ssl=1 203w\" sizes=\"(max-width: 563px) 100vw, 563px\" \/><\/a><\/figure>\n<\/div>\n\n\n<h2 class=\"wp-block-heading\">Reciclado del asfalto<\/h2>\n\n\n\n<p>El desecho de los materiales envejecidos del firme, adem\u00e1s de provocar problemas relacionados con la adquisici\u00f3n de nuevas materias y con su vertido, resulta contraproducente desde el punto de vista t\u00e9cnico, ya que pese a estar<br>envejecidos, conservan buena parte de sus cualidades. El fresado y reutilizaci\u00f3n del conglomerado asf\u00e1ltico comporta un gran ahorro, ya que requiere s\u00f3lo de un 1% a un 3% de bet\u00fan adicional, mientras que un nuevo hormig\u00f3n asf\u00e1ltico puede necesitar m\u00e1s del 6%. Este aspecto, junto con el reducido coste de transporte y la escasa energ\u00eda necesaria para la producci\u00f3n de un firme reciclado, hacen que el ahorro energ\u00e9tico sea importante respecto de la construcci\u00f3n convencional de pavimentos.<\/p>\n\n\n\n<p><strong>T\u00e9cnicas de reciclado <\/strong><\/p>\n\n\n\n<p>Este tipo de m\u00e9todos se basan en la reutilizaci\u00f3n de los materiales del firme defectuoso. Junto con estos materiales envejecidos, se pueden a\u00f1adir otros elementos (agentes rejuvenecedores, nueva mezcla bituminosa, etc.). Estas t\u00e9cnicas se pueden dividir en varios tipos diferentes, que exponemos brevemente a continuaci\u00f3n:<\/p>\n\n\n\n<p><strong>\u00b7 Reciclado \u201cin situ\u201d en caliente.<\/strong> Se reutiliza la totalidad de los materiales extra\u00eddos del firme envejecido mediante un tratamiento con aportaci\u00f3n de calor que se realiza en el mismo lugar de la obra. El firme se calienta mediante unos quemadores y se fresa un grosor determinado. Este material es mezclado normalmente con agentes<br>qu\u00edmicos rejuvenecedores y con nueva mezcla. Finalmente, la nueva mezcla se extiende y se compacta mediante procedimientos convencionales.<\/p>\n\n\n\n<p><strong>\u00b7 Reciclado \u201cin situ\u201d en fr\u00edo con cemento.<\/strong> Este es un procedimiento que se basa en el fresado en fr\u00edo de un cierto grosor del firme envejecido y el mezclado de este material con un conglomerante hidr\u00e1ulico (cemento normalmente). El nuevo material se extiende y se compacta definiendo una s\u00f3lida base para posteriores refuerzos.<\/p>\n\n\n\n<p><strong>\u00b7 Reciclado \u201cin situ\u201d en fr\u00edo con emulsiones bituminosas (RFSE)<\/strong>. Esta t\u00e9cnica, que es la utilizada en los tramos que posteriormente  comentaremos, permite reutilizar la totalidad de los materiales extra\u00eddos del firme envejecido en condiciones t\u00e9cnicas, econ\u00f3micas, sociales y ambientales muy favorables. El procedimiento usual y b\u00e1sico consiste fundamentalmente en las siguientes operaciones:<\/p>\n\n\n\n<ul class=\"wp-block-list\">\n<li>Fresado en fr\u00edo de un cierto grosor del firme<\/li>\n\n\n\n<li>Mezclado del material obtenido con una proporci\u00f3n<br>determinada de emulsi\u00f3n y otros aditivos<\/li>\n\n\n\n<li>Extensi\u00f3n en obra de la nueva mezcla<\/li>\n\n\n\n<li>Compactaci\u00f3n en\u00e9rgica<\/li>\n\n\n\n<li>Curado de la capa reciclada<\/li>\n\n\n\n<li>Extensi\u00f3n de una capa delgada de rodadura a base de mezcla<br>en caliente<\/li>\n<\/ul>\n\n\n\n<figure class=\"wp-block-image size-full\"><a href=\"https:\/\/i0.wp.com\/teoriadeconstruccion.net\/blog\/wp-content\/uploads\/2023\/05\/pexels-photo-2054144-scaled.jpeg?ssl=1\"><img data-recalc-dims=\"1\" decoding=\"async\" width=\"1200\" height=\"800\" src=\"https:\/\/i0.wp.com\/teoriadeconstruccion.net\/blog\/wp-content\/uploads\/2023\/05\/pexels-photo-2054144-scaled.jpeg?resize=1200%2C800&#038;ssl=1\" alt=\"gray concrete road\" class=\"wp-image-72658\" srcset=\"https:\/\/i0.wp.com\/teoriadeconstruccion.net\/blog\/wp-content\/uploads\/2023\/05\/pexels-photo-2054144-scaled.jpeg?w=1600&amp;ssl=1 1600w, https:\/\/i0.wp.com\/teoriadeconstruccion.net\/blog\/wp-content\/uploads\/2023\/05\/pexels-photo-2054144-scaled.jpeg?resize=300%2C200&amp;ssl=1 300w, https:\/\/i0.wp.com\/teoriadeconstruccion.net\/blog\/wp-content\/uploads\/2023\/05\/pexels-photo-2054144-scaled.jpeg?resize=1024%2C682&amp;ssl=1 1024w, https:\/\/i0.wp.com\/teoriadeconstruccion.net\/blog\/wp-content\/uploads\/2023\/05\/pexels-photo-2054144-scaled.jpeg?resize=768%2C512&amp;ssl=1 768w, https:\/\/i0.wp.com\/teoriadeconstruccion.net\/blog\/wp-content\/uploads\/2023\/05\/pexels-photo-2054144-scaled.jpeg?resize=1536%2C1024&amp;ssl=1 1536w, https:\/\/i0.wp.com\/teoriadeconstruccion.net\/blog\/wp-content\/uploads\/2023\/05\/pexels-photo-2054144-scaled.jpeg?resize=930%2C620&amp;ssl=1 930w\" sizes=\"(max-width: 1200px) 100vw, 1200px\" \/><\/a><figcaption class=\"wp-element-caption\">Photo by Aleksandar Pasaric on <a href=\"https:\/\/www.pexels.com\/photo\/gray-concrete-road-2054144\/\" rel=\"nofollow\">Pexels.com<\/a><\/figcaption><\/figure>\n\n\n\n<h2 class=\"wp-block-heading\">Fuentes<\/h2>\n\n\n\n<p>https:\/\/www.mitma.gob.es\/recursos_mfom\/1010100.pdf<\/p>\n\n\n\n<p><\/p>\n","protected":false},"excerpt":{"rendered":"<p>Estamos habituados a que cada vez que hay elecciones generales o municipales aparezcan mayores despliegues de asfaltado de carreteras y calles. Hemos puesto la calculadora a funcionar y hemos comprobado que en Espa\u00f1a existe una red de carreteras de 165.000 km, y hemos considerado los anchos de todas las autopistas, autov\u00edas y carreteras para determinar&hellip;&nbsp;<a href=\"https:\/\/teoriadeconstruccion.net\/blog\/el-asfalto-utilizado-en-espana\/\" rel=\"bookmark\">Leer m\u00e1s &raquo;<span class=\"screen-reader-text\">El asfalto utilizado en Espa\u00f1a<\/span><\/a><\/p>\n","protected":false},"author":4036,"featured_media":72657,"comment_status":"open","ping_status":"open","sticky":false,"template":"","format":"standard","meta":{"neve_meta_sidebar":"","neve_meta_container":"","neve_meta_enable_content_width":"","neve_meta_content_width":0,"neve_meta_title_alignment":"","neve_meta_author_avatar":"","neve_post_elements_order":"","neve_meta_disable_header":"","neve_meta_disable_footer":"","neve_meta_disable_title":"","jetpack_post_was_ever_published":false,"_jetpack_newsletter_access":"","_jetpack_dont_email_post_to_subs":false,"_jetpack_newsletter_tier_id":0,"_jetpack_memberships_contains_paywalled_content":false,"_jetpack_memberships_contains_paid_content":false,"footnotes":"","jetpack_publicize_message":"","jetpack_publicize_feature_enabled":true,"jetpack_social_post_already_shared":true,"jetpack_social_options":{"image_generator_settings":{"template":"highway","default_image_id":0,"font":"","enabled":false},"version":2}},"categories":[714,59,97,119],"tags":[],"class_list":["post-72652","post","type-post","status-publish","format-standard","has-post-thumbnail","hentry","category-asfalto","category-ecologia","category-material","category-pavimento"],"yoast_head":"<!-- This site is optimized with the Yoast SEO plugin v27.5 - https:\/\/yoast.com\/product\/yoast-seo-wordpress\/ -->\n<title>El asfalto utilizado en Espa\u00f1a - Teor\u00eda de construcci\u00f3n<\/title>\n<meta name=\"robots\" content=\"index, follow, max-snippet:-1, max-image-preview:large, max-video-preview:-1\" \/>\n<link rel=\"canonical\" href=\"https:\/\/teoriadeconstruccion.net\/blog\/el-asfalto-utilizado-en-espana\/\" \/>\n<meta property=\"og:locale\" content=\"es_ES\" \/>\n<meta property=\"og:type\" content=\"article\" \/>\n<meta property=\"og:title\" content=\"El asfalto utilizado en Espa\u00f1a - Teor\u00eda de construcci\u00f3n\" \/>\n<meta property=\"og:description\" content=\"Estamos habituados a que cada vez que hay elecciones generales o municipales aparezcan mayores despliegues de asfaltado de carreteras y calles. Hemos puesto la calculadora a funcionar y hemos comprobado que en Espa\u00f1a existe una red de carreteras de 165.000 km, y hemos considerado los anchos de todas las autopistas, autov\u00edas y carreteras para determinar&hellip;&nbsp;Leer m\u00e1s &raquo;El asfalto utilizado en Espa\u00f1a\" \/>\n<meta property=\"og:url\" content=\"https:\/\/teoriadeconstruccion.net\/blog\/el-asfalto-utilizado-en-espana\/\" \/>\n<meta property=\"og:site_name\" content=\"Teor\u00eda de construcci\u00f3n\" \/>\n<meta property=\"article:publisher\" content=\"https:\/\/www.facebook.com\/teoriadeconstru\" \/>\n<meta property=\"article:published_time\" content=\"2023-05-17T10:20:38+00:00\" \/>\n<meta property=\"article:modified_time\" content=\"2023-05-19T20:54:05+00:00\" \/>\n<meta property=\"og:image\" content=\"https:\/\/teoriadeconstruccion.net\/blog\/wp-content\/uploads\/2023\/05\/pexels-photo-428431-scaled.jpeg\" \/>\n\t<meta property=\"og:image:width\" content=\"1600\" \/>\n\t<meta property=\"og:image:height\" content=\"1068\" \/>\n\t<meta property=\"og:image:type\" content=\"image\/jpeg\" \/>\n<meta name=\"author\" content=\"TeoriaDeConstruccion\" \/>\n<meta name=\"twitter:card\" content=\"summary_large_image\" \/>\n<meta name=\"twitter:creator\" content=\"@teoriadeconstru\" \/>\n<meta name=\"twitter:site\" content=\"@teoriadeconstru\" \/>\n<meta name=\"twitter:label1\" content=\"Escrito por\" \/>\n\t<meta name=\"twitter:data1\" content=\"TeoriaDeConstruccion\" \/>\n\t<meta name=\"twitter:label2\" content=\"Tiempo de lectura\" \/>\n\t<meta name=\"twitter:data2\" content=\"5 minutos\" \/>\n<script type=\"application\/ld+json\" class=\"yoast-schema-graph\">{\"@context\":\"https:\\\/\\\/schema.org\",\"@graph\":[{\"@type\":\"Article\",\"@id\":\"https:\\\/\\\/teoriadeconstruccion.net\\\/blog\\\/el-asfalto-utilizado-en-espana\\\/#article\",\"isPartOf\":{\"@id\":\"https:\\\/\\\/teoriadeconstruccion.net\\\/blog\\\/el-asfalto-utilizado-en-espana\\\/\"},\"author\":{\"name\":\"TeoriaDeConstruccion\",\"@id\":\"https:\\\/\\\/teoriadeconstruccion.net\\\/blog\\\/#\\\/schema\\\/person\\\/fb82548ff6b2c5ec8553abd27564d477\"},\"headline\":\"El asfalto utilizado en Espa\u00f1a\",\"datePublished\":\"2023-05-17T10:20:38+00:00\",\"dateModified\":\"2023-05-19T20:54:05+00:00\",\"mainEntityOfPage\":{\"@id\":\"https:\\\/\\\/teoriadeconstruccion.net\\\/blog\\\/el-asfalto-utilizado-en-espana\\\/\"},\"wordCount\":910,\"commentCount\":0,\"publisher\":{\"@id\":\"https:\\\/\\\/teoriadeconstruccion.net\\\/blog\\\/#organization\"},\"image\":{\"@id\":\"https:\\\/\\\/teoriadeconstruccion.net\\\/blog\\\/el-asfalto-utilizado-en-espana\\\/#primaryimage\"},\"thumbnailUrl\":\"https:\\\/\\\/i0.wp.com\\\/teoriadeconstruccion.net\\\/blog\\\/wp-content\\\/uploads\\\/2023\\\/05\\\/pexels-photo-428431-scaled.jpeg?fit=1600%2C1068&ssl=1\",\"articleSection\":[\"asfalto\",\"ecologia\",\"material\",\"pavimento\"],\"inLanguage\":\"es\",\"potentialAction\":[{\"@type\":\"CommentAction\",\"name\":\"Comment\",\"target\":[\"https:\\\/\\\/teoriadeconstruccion.net\\\/blog\\\/el-asfalto-utilizado-en-espana\\\/#respond\"]}]},{\"@type\":\"WebPage\",\"@id\":\"https:\\\/\\\/teoriadeconstruccion.net\\\/blog\\\/el-asfalto-utilizado-en-espana\\\/\",\"url\":\"https:\\\/\\\/teoriadeconstruccion.net\\\/blog\\\/el-asfalto-utilizado-en-espana\\\/\",\"name\":\"El asfalto utilizado en Espa\u00f1a - Teor\u00eda de construcci\u00f3n\",\"isPartOf\":{\"@id\":\"https:\\\/\\\/teoriadeconstruccion.net\\\/blog\\\/#website\"},\"primaryImageOfPage\":{\"@id\":\"https:\\\/\\\/teoriadeconstruccion.net\\\/blog\\\/el-asfalto-utilizado-en-espana\\\/#primaryimage\"},\"image\":{\"@id\":\"https:\\\/\\\/teoriadeconstruccion.net\\\/blog\\\/el-asfalto-utilizado-en-espana\\\/#primaryimage\"},\"thumbnailUrl\":\"https:\\\/\\\/i0.wp.com\\\/teoriadeconstruccion.net\\\/blog\\\/wp-content\\\/uploads\\\/2023\\\/05\\\/pexels-photo-428431-scaled.jpeg?fit=1600%2C1068&ssl=1\",\"datePublished\":\"2023-05-17T10:20:38+00:00\",\"dateModified\":\"2023-05-19T20:54:05+00:00\",\"breadcrumb\":{\"@id\":\"https:\\\/\\\/teoriadeconstruccion.net\\\/blog\\\/el-asfalto-utilizado-en-espana\\\/#breadcrumb\"},\"inLanguage\":\"es\",\"potentialAction\":[{\"@type\":\"ReadAction\",\"target\":[\"https:\\\/\\\/teoriadeconstruccion.net\\\/blog\\\/el-asfalto-utilizado-en-espana\\\/\"]}]},{\"@type\":\"ImageObject\",\"inLanguage\":\"es\",\"@id\":\"https:\\\/\\\/teoriadeconstruccion.net\\\/blog\\\/el-asfalto-utilizado-en-espana\\\/#primaryimage\",\"url\":\"https:\\\/\\\/i0.wp.com\\\/teoriadeconstruccion.net\\\/blog\\\/wp-content\\\/uploads\\\/2023\\\/05\\\/pexels-photo-428431-scaled.jpeg?fit=1600%2C1068&ssl=1\",\"contentUrl\":\"https:\\\/\\\/i0.wp.com\\\/teoriadeconstruccion.net\\\/blog\\\/wp-content\\\/uploads\\\/2023\\\/05\\\/pexels-photo-428431-scaled.jpeg?fit=1600%2C1068&ssl=1\",\"width\":1600,\"height\":1068,\"caption\":\"Photo by Spencer Selover on Pexels.com\"},{\"@type\":\"BreadcrumbList\",\"@id\":\"https:\\\/\\\/teoriadeconstruccion.net\\\/blog\\\/el-asfalto-utilizado-en-espana\\\/#breadcrumb\",\"itemListElement\":[{\"@type\":\"ListItem\",\"position\":1,\"name\":\"Home\",\"item\":\"https:\\\/\\\/teoriadeconstruccion.net\\\/blog\\\/\"},{\"@type\":\"ListItem\",\"position\":2,\"name\":\"El asfalto utilizado en Espa\u00f1a\"}]},{\"@type\":\"WebSite\",\"@id\":\"https:\\\/\\\/teoriadeconstruccion.net\\\/blog\\\/#website\",\"url\":\"https:\\\/\\\/teoriadeconstruccion.net\\\/blog\\\/\",\"name\":\"Teor\u00eda de construcci\u00f3n\",\"description\":\"blog sobre construcci\u00f3n, teor\u00eda y aplicaci\u00f3n: materiales, normativa de edificaci\u00f3n, sistemas constructivos.\",\"publisher\":{\"@id\":\"https:\\\/\\\/teoriadeconstruccion.net\\\/blog\\\/#organization\"},\"potentialAction\":[{\"@type\":\"SearchAction\",\"target\":{\"@type\":\"EntryPoint\",\"urlTemplate\":\"https:\\\/\\\/teoriadeconstruccion.net\\\/blog\\\/?s={search_term_string}\"},\"query-input\":{\"@type\":\"PropertyValueSpecification\",\"valueRequired\":true,\"valueName\":\"search_term_string\"}}],\"inLanguage\":\"es\"},{\"@type\":\"Organization\",\"@id\":\"https:\\\/\\\/teoriadeconstruccion.net\\\/blog\\\/#organization\",\"name\":\"teoriadeconstruccion.net\",\"url\":\"https:\\\/\\\/teoriadeconstruccion.net\\\/blog\\\/\",\"logo\":{\"@type\":\"ImageObject\",\"inLanguage\":\"es\",\"@id\":\"https:\\\/\\\/teoriadeconstruccion.net\\\/blog\\\/#\\\/schema\\\/logo\\\/image\\\/\",\"url\":\"https:\\\/\\\/i0.wp.com\\\/teoriadeconstruccion.net\\\/blog\\\/wp-content\\\/uploads\\\/2023\\\/08\\\/cropped-logo-2023-sm.jpg?fit=200%2C128&ssl=1\",\"contentUrl\":\"https:\\\/\\\/i0.wp.com\\\/teoriadeconstruccion.net\\\/blog\\\/wp-content\\\/uploads\\\/2023\\\/08\\\/cropped-logo-2023-sm.jpg?fit=200%2C128&ssl=1\",\"width\":200,\"height\":128,\"caption\":\"teoriadeconstruccion.net\"},\"image\":{\"@id\":\"https:\\\/\\\/teoriadeconstruccion.net\\\/blog\\\/#\\\/schema\\\/logo\\\/image\\\/\"},\"sameAs\":[\"https:\\\/\\\/www.facebook.com\\\/teoriadeconstru\",\"https:\\\/\\\/x.com\\\/teoriadeconstru\"]},{\"@type\":\"Person\",\"@id\":\"https:\\\/\\\/teoriadeconstruccion.net\\\/blog\\\/#\\\/schema\\\/person\\\/fb82548ff6b2c5ec8553abd27564d477\",\"name\":\"TeoriaDeConstruccion\",\"image\":{\"@type\":\"ImageObject\",\"inLanguage\":\"es\",\"@id\":\"https:\\\/\\\/secure.gravatar.com\\\/avatar\\\/93482bf08c0d97ba5562e27bd904bbeecb1a8f9ae1492a8ae68b95fc7885c374?s=96&d=mm&r=g\",\"url\":\"https:\\\/\\\/secure.gravatar.com\\\/avatar\\\/93482bf08c0d97ba5562e27bd904bbeecb1a8f9ae1492a8ae68b95fc7885c374?s=96&d=mm&r=g\",\"contentUrl\":\"https:\\\/\\\/secure.gravatar.com\\\/avatar\\\/93482bf08c0d97ba5562e27bd904bbeecb1a8f9ae1492a8ae68b95fc7885c374?s=96&d=mm&r=g\",\"caption\":\"TeoriaDeConstruccion\"},\"description\":\"Redacci\u00f3n general de art\u00edculos sobre materiales, instalaciones, normativa y sistemas constructivos. 80% obra \\\/ 20% oficina desde 2007\",\"url\":\"https:\\\/\\\/teoriadeconstruccion.net\\\/blog\\\/author\\\/teoriadeconstruccion\\\/\"}]}<\/script>\n<!-- \/ Yoast SEO plugin. -->","yoast_head_json":{"title":"El asfalto utilizado en Espa\u00f1a - Teor\u00eda de construcci\u00f3n","robots":{"index":"index","follow":"follow","max-snippet":"max-snippet:-1","max-image-preview":"max-image-preview:large","max-video-preview":"max-video-preview:-1"},"canonical":"https:\/\/teoriadeconstruccion.net\/blog\/el-asfalto-utilizado-en-espana\/","og_locale":"es_ES","og_type":"article","og_title":"El asfalto utilizado en Espa\u00f1a - Teor\u00eda de construcci\u00f3n","og_description":"Estamos habituados a que cada vez que hay elecciones generales o municipales aparezcan mayores despliegues de asfaltado de carreteras y calles. Hemos puesto la calculadora a funcionar y hemos comprobado que en Espa\u00f1a existe una red de carreteras de 165.000 km, y hemos considerado los anchos de todas las autopistas, autov\u00edas y carreteras para determinar&hellip;&nbsp;Leer m\u00e1s &raquo;El asfalto utilizado en Espa\u00f1a","og_url":"https:\/\/teoriadeconstruccion.net\/blog\/el-asfalto-utilizado-en-espana\/","og_site_name":"Teor\u00eda de construcci\u00f3n","article_publisher":"https:\/\/www.facebook.com\/teoriadeconstru","article_published_time":"2023-05-17T10:20:38+00:00","article_modified_time":"2023-05-19T20:54:05+00:00","og_image":[{"width":1600,"height":1068,"url":"https:\/\/teoriadeconstruccion.net\/blog\/wp-content\/uploads\/2023\/05\/pexels-photo-428431-scaled.jpeg","type":"image\/jpeg"}],"author":"TeoriaDeConstruccion","twitter_card":"summary_large_image","twitter_creator":"@teoriadeconstru","twitter_site":"@teoriadeconstru","twitter_misc":{"Escrito por":"TeoriaDeConstruccion","Tiempo de lectura":"5 minutos"},"schema":{"@context":"https:\/\/schema.org","@graph":[{"@type":"Article","@id":"https:\/\/teoriadeconstruccion.net\/blog\/el-asfalto-utilizado-en-espana\/#article","isPartOf":{"@id":"https:\/\/teoriadeconstruccion.net\/blog\/el-asfalto-utilizado-en-espana\/"},"author":{"name":"TeoriaDeConstruccion","@id":"https:\/\/teoriadeconstruccion.net\/blog\/#\/schema\/person\/fb82548ff6b2c5ec8553abd27564d477"},"headline":"El asfalto utilizado en Espa\u00f1a","datePublished":"2023-05-17T10:20:38+00:00","dateModified":"2023-05-19T20:54:05+00:00","mainEntityOfPage":{"@id":"https:\/\/teoriadeconstruccion.net\/blog\/el-asfalto-utilizado-en-espana\/"},"wordCount":910,"commentCount":0,"publisher":{"@id":"https:\/\/teoriadeconstruccion.net\/blog\/#organization"},"image":{"@id":"https:\/\/teoriadeconstruccion.net\/blog\/el-asfalto-utilizado-en-espana\/#primaryimage"},"thumbnailUrl":"https:\/\/i0.wp.com\/teoriadeconstruccion.net\/blog\/wp-content\/uploads\/2023\/05\/pexels-photo-428431-scaled.jpeg?fit=1600%2C1068&ssl=1","articleSection":["asfalto","ecologia","material","pavimento"],"inLanguage":"es","potentialAction":[{"@type":"CommentAction","name":"Comment","target":["https:\/\/teoriadeconstruccion.net\/blog\/el-asfalto-utilizado-en-espana\/#respond"]}]},{"@type":"WebPage","@id":"https:\/\/teoriadeconstruccion.net\/blog\/el-asfalto-utilizado-en-espana\/","url":"https:\/\/teoriadeconstruccion.net\/blog\/el-asfalto-utilizado-en-espana\/","name":"El asfalto utilizado en Espa\u00f1a - Teor\u00eda de construcci\u00f3n","isPartOf":{"@id":"https:\/\/teoriadeconstruccion.net\/blog\/#website"},"primaryImageOfPage":{"@id":"https:\/\/teoriadeconstruccion.net\/blog\/el-asfalto-utilizado-en-espana\/#primaryimage"},"image":{"@id":"https:\/\/teoriadeconstruccion.net\/blog\/el-asfalto-utilizado-en-espana\/#primaryimage"},"thumbnailUrl":"https:\/\/i0.wp.com\/teoriadeconstruccion.net\/blog\/wp-content\/uploads\/2023\/05\/pexels-photo-428431-scaled.jpeg?fit=1600%2C1068&ssl=1","datePublished":"2023-05-17T10:20:38+00:00","dateModified":"2023-05-19T20:54:05+00:00","breadcrumb":{"@id":"https:\/\/teoriadeconstruccion.net\/blog\/el-asfalto-utilizado-en-espana\/#breadcrumb"},"inLanguage":"es","potentialAction":[{"@type":"ReadAction","target":["https:\/\/teoriadeconstruccion.net\/blog\/el-asfalto-utilizado-en-espana\/"]}]},{"@type":"ImageObject","inLanguage":"es","@id":"https:\/\/teoriadeconstruccion.net\/blog\/el-asfalto-utilizado-en-espana\/#primaryimage","url":"https:\/\/i0.wp.com\/teoriadeconstruccion.net\/blog\/wp-content\/uploads\/2023\/05\/pexels-photo-428431-scaled.jpeg?fit=1600%2C1068&ssl=1","contentUrl":"https:\/\/i0.wp.com\/teoriadeconstruccion.net\/blog\/wp-content\/uploads\/2023\/05\/pexels-photo-428431-scaled.jpeg?fit=1600%2C1068&ssl=1","width":1600,"height":1068,"caption":"Photo by Spencer Selover on Pexels.com"},{"@type":"BreadcrumbList","@id":"https:\/\/teoriadeconstruccion.net\/blog\/el-asfalto-utilizado-en-espana\/#breadcrumb","itemListElement":[{"@type":"ListItem","position":1,"name":"Home","item":"https:\/\/teoriadeconstruccion.net\/blog\/"},{"@type":"ListItem","position":2,"name":"El asfalto utilizado en Espa\u00f1a"}]},{"@type":"WebSite","@id":"https:\/\/teoriadeconstruccion.net\/blog\/#website","url":"https:\/\/teoriadeconstruccion.net\/blog\/","name":"Teor\u00eda de construcci\u00f3n","description":"blog sobre construcci\u00f3n, teor\u00eda y aplicaci\u00f3n: materiales, normativa de edificaci\u00f3n, sistemas constructivos.","publisher":{"@id":"https:\/\/teoriadeconstruccion.net\/blog\/#organization"},"potentialAction":[{"@type":"SearchAction","target":{"@type":"EntryPoint","urlTemplate":"https:\/\/teoriadeconstruccion.net\/blog\/?s={search_term_string}"},"query-input":{"@type":"PropertyValueSpecification","valueRequired":true,"valueName":"search_term_string"}}],"inLanguage":"es"},{"@type":"Organization","@id":"https:\/\/teoriadeconstruccion.net\/blog\/#organization","name":"teoriadeconstruccion.net","url":"https:\/\/teoriadeconstruccion.net\/blog\/","logo":{"@type":"ImageObject","inLanguage":"es","@id":"https:\/\/teoriadeconstruccion.net\/blog\/#\/schema\/logo\/image\/","url":"https:\/\/i0.wp.com\/teoriadeconstruccion.net\/blog\/wp-content\/uploads\/2023\/08\/cropped-logo-2023-sm.jpg?fit=200%2C128&ssl=1","contentUrl":"https:\/\/i0.wp.com\/teoriadeconstruccion.net\/blog\/wp-content\/uploads\/2023\/08\/cropped-logo-2023-sm.jpg?fit=200%2C128&ssl=1","width":200,"height":128,"caption":"teoriadeconstruccion.net"},"image":{"@id":"https:\/\/teoriadeconstruccion.net\/blog\/#\/schema\/logo\/image\/"},"sameAs":["https:\/\/www.facebook.com\/teoriadeconstru","https:\/\/x.com\/teoriadeconstru"]},{"@type":"Person","@id":"https:\/\/teoriadeconstruccion.net\/blog\/#\/schema\/person\/fb82548ff6b2c5ec8553abd27564d477","name":"TeoriaDeConstruccion","image":{"@type":"ImageObject","inLanguage":"es","@id":"https:\/\/secure.gravatar.com\/avatar\/93482bf08c0d97ba5562e27bd904bbeecb1a8f9ae1492a8ae68b95fc7885c374?s=96&d=mm&r=g","url":"https:\/\/secure.gravatar.com\/avatar\/93482bf08c0d97ba5562e27bd904bbeecb1a8f9ae1492a8ae68b95fc7885c374?s=96&d=mm&r=g","contentUrl":"https:\/\/secure.gravatar.com\/avatar\/93482bf08c0d97ba5562e27bd904bbeecb1a8f9ae1492a8ae68b95fc7885c374?s=96&d=mm&r=g","caption":"TeoriaDeConstruccion"},"description":"Redacci\u00f3n general de art\u00edculos sobre materiales, instalaciones, normativa y sistemas constructivos. 80% obra \/ 20% oficina desde 2007","url":"https:\/\/teoriadeconstruccion.net\/blog\/author\/teoriadeconstruccion\/"}]}},"jetpack_publicize_connections":[],"jetpack_featured_media_url":"https:\/\/i0.wp.com\/teoriadeconstruccion.net\/blog\/wp-content\/uploads\/2023\/05\/pexels-photo-428431-scaled.jpeg?fit=1600%2C1068&ssl=1","jetpack_shortlink":"https:\/\/wp.me\/p3diCd-iTO","jetpack_sharing_enabled":true,"_links":{"self":[{"href":"https:\/\/teoriadeconstruccion.net\/blog\/wp-json\/wp\/v2\/posts\/72652","targetHints":{"allow":["GET"]}}],"collection":[{"href":"https:\/\/teoriadeconstruccion.net\/blog\/wp-json\/wp\/v2\/posts"}],"about":[{"href":"https:\/\/teoriadeconstruccion.net\/blog\/wp-json\/wp\/v2\/types\/post"}],"author":[{"embeddable":true,"href":"https:\/\/teoriadeconstruccion.net\/blog\/wp-json\/wp\/v2\/users\/4036"}],"replies":[{"embeddable":true,"href":"https:\/\/teoriadeconstruccion.net\/blog\/wp-json\/wp\/v2\/comments?post=72652"}],"version-history":[{"count":0,"href":"https:\/\/teoriadeconstruccion.net\/blog\/wp-json\/wp\/v2\/posts\/72652\/revisions"}],"wp:featuredmedia":[{"embeddable":true,"href":"https:\/\/teoriadeconstruccion.net\/blog\/wp-json\/wp\/v2\/media\/72657"}],"wp:attachment":[{"href":"https:\/\/teoriadeconstruccion.net\/blog\/wp-json\/wp\/v2\/media?parent=72652"}],"wp:term":[{"taxonomy":"category","embeddable":true,"href":"https:\/\/teoriadeconstruccion.net\/blog\/wp-json\/wp\/v2\/categories?post=72652"},{"taxonomy":"post_tag","embeddable":true,"href":"https:\/\/teoriadeconstruccion.net\/blog\/wp-json\/wp\/v2\/tags?post=72652"}],"curies":[{"name":"wp","href":"https:\/\/api.w.org\/{rel}","templated":true}]}}