{"id":72185,"date":"2022-11-16T21:25:30","date_gmt":"2022-11-16T20:25:30","guid":{"rendered":"https:\/\/teoriadeconstruccion.net\/blog\/?p=72185"},"modified":"2022-11-16T21:25:39","modified_gmt":"2022-11-16T20:25:39","slug":"vallas-de-madera-fabricadas-en-espana-con-madera-de-pino-de-calidad","status":"publish","type":"post","link":"https:\/\/teoriadeconstruccion.net\/blog\/vallas-de-madera-fabricadas-en-espana-con-madera-de-pino-de-calidad\/","title":{"rendered":"Vallas de madera fabricadas en Espa\u00f1a con madera de pino de calidad"},"content":{"rendered":"\n<p>La forma m\u00e1s confortable de pasear por el campo es disfrutar de sus vistas, sus texturas, del sonido de la naturaleza&#8230; El paisaje acompa\u00f1a en el paseo a la vez que es paseado. El caminar se convierte en un baile en el que el caminante se desplaza y el territorio se va mostrando. <\/p>\n\n\n\n<p>Cuando el pasear se realiza por zonas de parques naturales, zonas protegidas, e incluso otros paisajes m\u00e1s humanizados, la forma construida que parece que es el mejor acompa\u00f1ante son las <a href=\"https:\/\/eiforsa.es\/mobiliario-de-madera\/vallas-de-madera\/\">vallas de madera<\/a>. La calidez del material, su textura, su color, su olor&#8230; se convierten en caracter\u00edsticas intr\u00ednsecas del paseo. La humanizaci\u00f3n m\u00e1s natural y la m\u00ednima necesaria para proteger las ca\u00eddas, marcar el paseo y al mismo tiempo ser una forma elegante de modificar el paisaje. <\/p>\n\n\n\n<p>Una simple <a href=\"https:\/\/eiforsa.es\/mobiliario-de-madera\/vallas-de-madera\/\">valla de madera<\/a> puede ser un elemento que aporte la clase que un entorno necesita. En el momento en el que se plantea la instalaci\u00f3n de un elemento lineal de cientos de metros empezamos a explorar materiales y a empezar una divagaci\u00f3n entre sistemas de barandillas que nos puede llegar a un cruce con tantas opciones que puede llegar a confundirnos. <\/p>\n\n\n\n<figure class=\"wp-block-image size-full\"><a href=\"https:\/\/i0.wp.com\/teoriadeconstruccion.net\/blog\/wp-content\/uploads\/2022\/11\/Valla-de-madera-modelo-Muskiz-O.jpg?ssl=1\"><img data-recalc-dims=\"1\" decoding=\"async\" width=\"1024\" height=\"768\" src=\"https:\/\/i0.wp.com\/teoriadeconstruccion.net\/blog\/wp-content\/uploads\/2022\/11\/Valla-de-madera-modelo-Muskiz-O.jpg?resize=1024%2C768&#038;ssl=1\" alt=\"\" class=\"wp-image-72191\" srcset=\"https:\/\/i0.wp.com\/teoriadeconstruccion.net\/blog\/wp-content\/uploads\/2022\/11\/Valla-de-madera-modelo-Muskiz-O.jpg?w=1024&amp;ssl=1 1024w, https:\/\/i0.wp.com\/teoriadeconstruccion.net\/blog\/wp-content\/uploads\/2022\/11\/Valla-de-madera-modelo-Muskiz-O.jpg?resize=300%2C225&amp;ssl=1 300w, https:\/\/i0.wp.com\/teoriadeconstruccion.net\/blog\/wp-content\/uploads\/2022\/11\/Valla-de-madera-modelo-Muskiz-O.jpg?resize=768%2C576&amp;ssl=1 768w\" sizes=\"(max-width: 1024px) 100vw, 1024px\" \/><\/a><\/figure>\n\n\n\n<p>La soluci\u00f3n constructiva de una  <a href=\"https:\/\/eiforsa.es\/mobiliario-de-madera\/vallas-de-madera\/\">valla de madera<\/a> es una estructura elemental que se puede complejizar hasta donde la imaginaci\u00f3n del dise\u00f1ador lo permita. B\u00e1sicamente se trata de un entramado de elementos verticales y horizontales, con la capacidad de soportar empujes laterales. Por esta raz\u00f3n est\u00e1 hincado en el terreno y tiene arriostramientos puntuales de tal manera que permita la contenci\u00f3n y la protecci\u00f3n de ca\u00eddas de personas o animales en los bordes m\u00e1s escarpados o en los desniveles m\u00e1s inesperados, donde es factible encontrarse con una desafortunada ca\u00edda. <\/p>\n\n\n\n<p>Podemos extrapolar esta soluci\u00f3n a otros ambientes fuera de la naturaleza m\u00e1s salvaje. En cualquier urbanizaci\u00f3n podemos pensar en utilizar este tipo de cerramientos como una manera elegante de delimitar espacios p\u00fablicos en medio de los bloques residenciales, en los per\u00edmetros de los parques urbanos y en las inmediaciones de los equipamientos p\u00fablicos.  \u00bfPor qu\u00e9 no disfrutar de acariciar la madera que nace en las proximidades de nuestra ciudad? La forma de aprovechar los recursos naturales y tener un bajo impacto ambiental pasa por aprovechar las materias primas que tenemos cerca. <\/p>\n\n\n\n<p>Est\u00e1 claro que para ejecutar los cierres perimetrales de grandes instalaciones p\u00fablicas se necesitan kil\u00f3metros de troncos para la fabricaci\u00f3n de postes y barandillas, de entramados intermedios, tornapuntas y otros elementos que componen el cierre , como las puertas y cancelas. <\/p>\n\n\n\n<figure class=\"wp-block-image size-full\"><a href=\"https:\/\/i0.wp.com\/teoriadeconstruccion.net\/blog\/wp-content\/uploads\/2022\/11\/Valla-de-madera-modelo-Cervales-diagonal-O.jpg?ssl=1\"><img data-recalc-dims=\"1\" decoding=\"async\" width=\"1024\" height=\"768\" src=\"https:\/\/i0.wp.com\/teoriadeconstruccion.net\/blog\/wp-content\/uploads\/2022\/11\/Valla-de-madera-modelo-Cervales-diagonal-O.jpg?resize=1024%2C768&#038;ssl=1\" alt=\"\" class=\"wp-image-72188\" srcset=\"https:\/\/i0.wp.com\/teoriadeconstruccion.net\/blog\/wp-content\/uploads\/2022\/11\/Valla-de-madera-modelo-Cervales-diagonal-O.jpg?w=1024&amp;ssl=1 1024w, https:\/\/i0.wp.com\/teoriadeconstruccion.net\/blog\/wp-content\/uploads\/2022\/11\/Valla-de-madera-modelo-Cervales-diagonal-O.jpg?resize=300%2C225&amp;ssl=1 300w, https:\/\/i0.wp.com\/teoriadeconstruccion.net\/blog\/wp-content\/uploads\/2022\/11\/Valla-de-madera-modelo-Cervales-diagonal-O.jpg?resize=768%2C576&amp;ssl=1 768w\" sizes=\"(max-width: 1024px) 100vw, 1024px\" \/><\/a><\/figure>\n\n\n\n<p>Los puntos intermedios entre la valla y el terreno son puntos complicados. En algunas ocasiones son detalles que quedan sin resolver de una forma elegante porque no se dispone de presupuesto, o porque el grado de protecci\u00f3n que se necesita no se aplica sobre la madera, sino que se interpone alg\u00fan elemento, bien de hormig\u00f3n, o de alg\u00fan tipo de elemento met\u00e1lico. <\/p>\n\n\n\n<p>En ocasiones la forma de hincar el elemento vertical tambi\u00e9n condiciona la soluci\u00f3n. Si no disponemos de espacio para realizar un hincado directo, como una estaca, debemos de recurrir a soluciones intermedias, como la interposici\u00f3n de anclajes, empotramientos, que en ocasiones hacen sufrir a la madera en su encuentro, siendo puntos donde la intemperie ataca m\u00e1s a la madera, siendo los puntos donde conviene aplicar capas de protecci\u00f3n m\u00e1s efectivas y que penetren mejor en los poros de la madera.<\/p>\n\n\n\n<figure class=\"wp-block-image size-full\"><a href=\"https:\/\/i0.wp.com\/teoriadeconstruccion.net\/blog\/wp-content\/uploads\/2022\/11\/Valla-de-madera-modelo-Mulhacen-O.jpg?ssl=1\"><img data-recalc-dims=\"1\" decoding=\"async\" width=\"1024\" height=\"768\" src=\"https:\/\/i0.wp.com\/teoriadeconstruccion.net\/blog\/wp-content\/uploads\/2022\/11\/Valla-de-madera-modelo-Mulhacen-O.jpg?resize=1024%2C768&#038;ssl=1\" alt=\"\" class=\"wp-image-72190\" srcset=\"https:\/\/i0.wp.com\/teoriadeconstruccion.net\/blog\/wp-content\/uploads\/2022\/11\/Valla-de-madera-modelo-Mulhacen-O.jpg?w=1024&amp;ssl=1 1024w, https:\/\/i0.wp.com\/teoriadeconstruccion.net\/blog\/wp-content\/uploads\/2022\/11\/Valla-de-madera-modelo-Mulhacen-O.jpg?resize=300%2C225&amp;ssl=1 300w, https:\/\/i0.wp.com\/teoriadeconstruccion.net\/blog\/wp-content\/uploads\/2022\/11\/Valla-de-madera-modelo-Mulhacen-O.jpg?resize=768%2C576&amp;ssl=1 768w\" sizes=\"(max-width: 1024px) 100vw, 1024px\" \/><\/a><\/figure>\n\n\n\n<p>El mantenimiento de los elementos de madera puede ser una de las pr\u00e1cticas m\u00e1s sencillas y placenteras de la construcci\u00f3n. Limpiar, lijar, aplicar el producto de protecci\u00f3n, son tareas extremadamente f\u00e1ciles y necesarias a la vez. Cada dos a\u00f1os es importante renovar las capas de protecci\u00f3n de la madera para aumentar su durabilidad. <\/p>\n","protected":false},"excerpt":{"rendered":"<p>La forma m\u00e1s confortable de pasear por el campo es disfrutar de sus vistas, sus texturas, del sonido de la naturaleza&#8230; El paisaje acompa\u00f1a en el paseo a la vez que es paseado. El caminar se convierte en un baile en el que el caminante se desplaza y el territorio se va mostrando. Cuando el&hellip;&nbsp;<a href=\"https:\/\/teoriadeconstruccion.net\/blog\/vallas-de-madera-fabricadas-en-espana-con-madera-de-pino-de-calidad\/\" rel=\"bookmark\">Leer m\u00e1s &raquo;<span class=\"screen-reader-text\">Vallas de madera fabricadas en Espa\u00f1a con madera de pino de calidad<\/span><\/a><\/p>\n","protected":false},"author":4036,"featured_media":72199,"comment_status":"open","ping_status":"open","sticky":false,"template":"","format":"standard","meta":{"neve_meta_sidebar":"","neve_meta_container":"","neve_meta_enable_content_width":"","neve_meta_content_width":0,"neve_meta_title_alignment":"","neve_meta_author_avatar":"","neve_post_elements_order":"","neve_meta_disable_header":"","neve_meta_disable_footer":"","neve_meta_disable_title":"","jetpack_post_was_ever_published":false,"_jetpack_newsletter_access":"","_jetpack_dont_email_post_to_subs":false,"_jetpack_newsletter_tier_id":0,"_jetpack_memberships_contains_paywalled_content":false,"_jetpack_memberships_contains_paid_content":false,"footnotes":"","jetpack_publicize_message":"","jetpack_publicize_feature_enabled":true,"jetpack_social_post_already_shared":true,"jetpack_social_options":{"image_generator_settings":{"template":"highway","default_image_id":0,"font":"","enabled":false},"version":2}},"categories":[570,96,703],"tags":[],"class_list":["post-72185","post","type-post","status-publish","format-standard","has-post-thumbnail","hentry","category-carpinteria","category-madera","category-parcela"],"yoast_head":"<!-- This site is optimized with the Yoast SEO plugin v27.5 - https:\/\/yoast.com\/product\/yoast-seo-wordpress\/ -->\n<title>Vallas de madera fabricadas en Espa\u00f1a con madera de pino de calidad - Teor\u00eda de construcci\u00f3n<\/title>\n<meta name=\"robots\" content=\"index, follow, max-snippet:-1, max-image-preview:large, max-video-preview:-1\" \/>\n<link rel=\"canonical\" href=\"https:\/\/teoriadeconstruccion.net\/blog\/vallas-de-madera-fabricadas-en-espana-con-madera-de-pino-de-calidad\/\" \/>\n<meta property=\"og:locale\" content=\"es_ES\" \/>\n<meta property=\"og:type\" content=\"article\" \/>\n<meta property=\"og:title\" content=\"Vallas de madera fabricadas en Espa\u00f1a con madera de pino de calidad - Teor\u00eda de construcci\u00f3n\" \/>\n<meta property=\"og:description\" content=\"La forma m\u00e1s confortable de pasear por el campo es disfrutar de sus vistas, sus texturas, del sonido de la naturaleza&#8230; El paisaje acompa\u00f1a en el paseo a la vez que es paseado. El caminar se convierte en un baile en el que el caminante se desplaza y el territorio se va mostrando. Cuando el&hellip;&nbsp;Leer m\u00e1s &raquo;Vallas de madera fabricadas en Espa\u00f1a con madera de pino de calidad\" \/>\n<meta property=\"og:url\" content=\"https:\/\/teoriadeconstruccion.net\/blog\/vallas-de-madera-fabricadas-en-espana-con-madera-de-pino-de-calidad\/\" \/>\n<meta property=\"og:site_name\" content=\"Teor\u00eda de construcci\u00f3n\" \/>\n<meta property=\"article:publisher\" content=\"https:\/\/www.facebook.com\/teoriadeconstru\" \/>\n<meta property=\"article:published_time\" content=\"2022-11-16T20:25:30+00:00\" \/>\n<meta property=\"article:modified_time\" content=\"2022-11-16T20:25:39+00:00\" \/>\n<meta property=\"og:image\" content=\"https:\/\/teoriadeconstruccion.net\/blog\/wp-content\/uploads\/2022\/11\/pexels-photo-221345-scaled.jpeg\" \/>\n\t<meta property=\"og:image:width\" content=\"1600\" \/>\n\t<meta property=\"og:image:height\" content=\"1200\" \/>\n\t<meta property=\"og:image:type\" content=\"image\/jpeg\" \/>\n<meta name=\"author\" content=\"TeoriaDeConstruccion\" \/>\n<meta name=\"twitter:card\" content=\"summary_large_image\" \/>\n<meta name=\"twitter:creator\" content=\"@teoriadeconstru\" \/>\n<meta name=\"twitter:site\" content=\"@teoriadeconstru\" \/>\n<meta name=\"twitter:label1\" content=\"Escrito por\" \/>\n\t<meta name=\"twitter:data1\" content=\"TeoriaDeConstruccion\" \/>\n\t<meta name=\"twitter:label2\" content=\"Tiempo de lectura\" \/>\n\t<meta name=\"twitter:data2\" content=\"4 minutos\" \/>\n<script type=\"application\/ld+json\" class=\"yoast-schema-graph\">{\"@context\":\"https:\\\/\\\/schema.org\",\"@graph\":[{\"@type\":\"Article\",\"@id\":\"https:\\\/\\\/teoriadeconstruccion.net\\\/blog\\\/vallas-de-madera-fabricadas-en-espana-con-madera-de-pino-de-calidad\\\/#article\",\"isPartOf\":{\"@id\":\"https:\\\/\\\/teoriadeconstruccion.net\\\/blog\\\/vallas-de-madera-fabricadas-en-espana-con-madera-de-pino-de-calidad\\\/\"},\"author\":{\"name\":\"TeoriaDeConstruccion\",\"@id\":\"https:\\\/\\\/teoriadeconstruccion.net\\\/blog\\\/#\\\/schema\\\/person\\\/fb82548ff6b2c5ec8553abd27564d477\"},\"headline\":\"Vallas de madera fabricadas en Espa\u00f1a con madera de pino de calidad\",\"datePublished\":\"2022-11-16T20:25:30+00:00\",\"dateModified\":\"2022-11-16T20:25:39+00:00\",\"mainEntityOfPage\":{\"@id\":\"https:\\\/\\\/teoriadeconstruccion.net\\\/blog\\\/vallas-de-madera-fabricadas-en-espana-con-madera-de-pino-de-calidad\\\/\"},\"wordCount\":671,\"commentCount\":1,\"publisher\":{\"@id\":\"https:\\\/\\\/teoriadeconstruccion.net\\\/blog\\\/#organization\"},\"image\":{\"@id\":\"https:\\\/\\\/teoriadeconstruccion.net\\\/blog\\\/vallas-de-madera-fabricadas-en-espana-con-madera-de-pino-de-calidad\\\/#primaryimage\"},\"thumbnailUrl\":\"https:\\\/\\\/i0.wp.com\\\/teoriadeconstruccion.net\\\/blog\\\/wp-content\\\/uploads\\\/2022\\\/11\\\/pexels-photo-221345-scaled.jpeg?fit=1600%2C1200&ssl=1\",\"articleSection\":[\"carpinter\u00eda\",\"madera\",\"parcela\"],\"inLanguage\":\"es\",\"potentialAction\":[{\"@type\":\"CommentAction\",\"name\":\"Comment\",\"target\":[\"https:\\\/\\\/teoriadeconstruccion.net\\\/blog\\\/vallas-de-madera-fabricadas-en-espana-con-madera-de-pino-de-calidad\\\/#respond\"]}]},{\"@type\":\"WebPage\",\"@id\":\"https:\\\/\\\/teoriadeconstruccion.net\\\/blog\\\/vallas-de-madera-fabricadas-en-espana-con-madera-de-pino-de-calidad\\\/\",\"url\":\"https:\\\/\\\/teoriadeconstruccion.net\\\/blog\\\/vallas-de-madera-fabricadas-en-espana-con-madera-de-pino-de-calidad\\\/\",\"name\":\"Vallas de madera fabricadas en Espa\u00f1a con madera de pino de calidad - Teor\u00eda de construcci\u00f3n\",\"isPartOf\":{\"@id\":\"https:\\\/\\\/teoriadeconstruccion.net\\\/blog\\\/#website\"},\"primaryImageOfPage\":{\"@id\":\"https:\\\/\\\/teoriadeconstruccion.net\\\/blog\\\/vallas-de-madera-fabricadas-en-espana-con-madera-de-pino-de-calidad\\\/#primaryimage\"},\"image\":{\"@id\":\"https:\\\/\\\/teoriadeconstruccion.net\\\/blog\\\/vallas-de-madera-fabricadas-en-espana-con-madera-de-pino-de-calidad\\\/#primaryimage\"},\"thumbnailUrl\":\"https:\\\/\\\/i0.wp.com\\\/teoriadeconstruccion.net\\\/blog\\\/wp-content\\\/uploads\\\/2022\\\/11\\\/pexels-photo-221345-scaled.jpeg?fit=1600%2C1200&ssl=1\",\"datePublished\":\"2022-11-16T20:25:30+00:00\",\"dateModified\":\"2022-11-16T20:25:39+00:00\",\"breadcrumb\":{\"@id\":\"https:\\\/\\\/teoriadeconstruccion.net\\\/blog\\\/vallas-de-madera-fabricadas-en-espana-con-madera-de-pino-de-calidad\\\/#breadcrumb\"},\"inLanguage\":\"es\",\"potentialAction\":[{\"@type\":\"ReadAction\",\"target\":[\"https:\\\/\\\/teoriadeconstruccion.net\\\/blog\\\/vallas-de-madera-fabricadas-en-espana-con-madera-de-pino-de-calidad\\\/\"]}]},{\"@type\":\"ImageObject\",\"inLanguage\":\"es\",\"@id\":\"https:\\\/\\\/teoriadeconstruccion.net\\\/blog\\\/vallas-de-madera-fabricadas-en-espana-con-madera-de-pino-de-calidad\\\/#primaryimage\",\"url\":\"https:\\\/\\\/i0.wp.com\\\/teoriadeconstruccion.net\\\/blog\\\/wp-content\\\/uploads\\\/2022\\\/11\\\/pexels-photo-221345-scaled.jpeg?fit=1600%2C1200&ssl=1\",\"contentUrl\":\"https:\\\/\\\/i0.wp.com\\\/teoriadeconstruccion.net\\\/blog\\\/wp-content\\\/uploads\\\/2022\\\/11\\\/pexels-photo-221345-scaled.jpeg?fit=1600%2C1200&ssl=1\",\"width\":1600,\"height\":1200,\"caption\":\"Photo by Pixabay on Pexels.com\"},{\"@type\":\"BreadcrumbList\",\"@id\":\"https:\\\/\\\/teoriadeconstruccion.net\\\/blog\\\/vallas-de-madera-fabricadas-en-espana-con-madera-de-pino-de-calidad\\\/#breadcrumb\",\"itemListElement\":[{\"@type\":\"ListItem\",\"position\":1,\"name\":\"Home\",\"item\":\"https:\\\/\\\/teoriadeconstruccion.net\\\/blog\\\/\"},{\"@type\":\"ListItem\",\"position\":2,\"name\":\"Vallas de madera fabricadas en Espa\u00f1a con madera de pino de calidad\"}]},{\"@type\":\"WebSite\",\"@id\":\"https:\\\/\\\/teoriadeconstruccion.net\\\/blog\\\/#website\",\"url\":\"https:\\\/\\\/teoriadeconstruccion.net\\\/blog\\\/\",\"name\":\"Teor\u00eda de construcci\u00f3n\",\"description\":\"blog sobre construcci\u00f3n, teor\u00eda y aplicaci\u00f3n: materiales, normativa de edificaci\u00f3n, sistemas constructivos.\",\"publisher\":{\"@id\":\"https:\\\/\\\/teoriadeconstruccion.net\\\/blog\\\/#organization\"},\"potentialAction\":[{\"@type\":\"SearchAction\",\"target\":{\"@type\":\"EntryPoint\",\"urlTemplate\":\"https:\\\/\\\/teoriadeconstruccion.net\\\/blog\\\/?s={search_term_string}\"},\"query-input\":{\"@type\":\"PropertyValueSpecification\",\"valueRequired\":true,\"valueName\":\"search_term_string\"}}],\"inLanguage\":\"es\"},{\"@type\":\"Organization\",\"@id\":\"https:\\\/\\\/teoriadeconstruccion.net\\\/blog\\\/#organization\",\"name\":\"teoriadeconstruccion.net\",\"url\":\"https:\\\/\\\/teoriadeconstruccion.net\\\/blog\\\/\",\"logo\":{\"@type\":\"ImageObject\",\"inLanguage\":\"es\",\"@id\":\"https:\\\/\\\/teoriadeconstruccion.net\\\/blog\\\/#\\\/schema\\\/logo\\\/image\\\/\",\"url\":\"https:\\\/\\\/i0.wp.com\\\/teoriadeconstruccion.net\\\/blog\\\/wp-content\\\/uploads\\\/2023\\\/08\\\/cropped-logo-2023-sm.jpg?fit=200%2C128&ssl=1\",\"contentUrl\":\"https:\\\/\\\/i0.wp.com\\\/teoriadeconstruccion.net\\\/blog\\\/wp-content\\\/uploads\\\/2023\\\/08\\\/cropped-logo-2023-sm.jpg?fit=200%2C128&ssl=1\",\"width\":200,\"height\":128,\"caption\":\"teoriadeconstruccion.net\"},\"image\":{\"@id\":\"https:\\\/\\\/teoriadeconstruccion.net\\\/blog\\\/#\\\/schema\\\/logo\\\/image\\\/\"},\"sameAs\":[\"https:\\\/\\\/www.facebook.com\\\/teoriadeconstru\",\"https:\\\/\\\/x.com\\\/teoriadeconstru\"]},{\"@type\":\"Person\",\"@id\":\"https:\\\/\\\/teoriadeconstruccion.net\\\/blog\\\/#\\\/schema\\\/person\\\/fb82548ff6b2c5ec8553abd27564d477\",\"name\":\"TeoriaDeConstruccion\",\"image\":{\"@type\":\"ImageObject\",\"inLanguage\":\"es\",\"@id\":\"https:\\\/\\\/secure.gravatar.com\\\/avatar\\\/93482bf08c0d97ba5562e27bd904bbeecb1a8f9ae1492a8ae68b95fc7885c374?s=96&d=mm&r=g\",\"url\":\"https:\\\/\\\/secure.gravatar.com\\\/avatar\\\/93482bf08c0d97ba5562e27bd904bbeecb1a8f9ae1492a8ae68b95fc7885c374?s=96&d=mm&r=g\",\"contentUrl\":\"https:\\\/\\\/secure.gravatar.com\\\/avatar\\\/93482bf08c0d97ba5562e27bd904bbeecb1a8f9ae1492a8ae68b95fc7885c374?s=96&d=mm&r=g\",\"caption\":\"TeoriaDeConstruccion\"},\"description\":\"Redacci\u00f3n general de art\u00edculos sobre materiales, instalaciones, normativa y sistemas constructivos. 80% obra \\\/ 20% oficina desde 2007\",\"url\":\"https:\\\/\\\/teoriadeconstruccion.net\\\/blog\\\/author\\\/teoriadeconstruccion\\\/\"}]}<\/script>\n<!-- \/ Yoast SEO plugin. -->","yoast_head_json":{"title":"Vallas de madera fabricadas en Espa\u00f1a con madera de pino de calidad - Teor\u00eda de construcci\u00f3n","robots":{"index":"index","follow":"follow","max-snippet":"max-snippet:-1","max-image-preview":"max-image-preview:large","max-video-preview":"max-video-preview:-1"},"canonical":"https:\/\/teoriadeconstruccion.net\/blog\/vallas-de-madera-fabricadas-en-espana-con-madera-de-pino-de-calidad\/","og_locale":"es_ES","og_type":"article","og_title":"Vallas de madera fabricadas en Espa\u00f1a con madera de pino de calidad - Teor\u00eda de construcci\u00f3n","og_description":"La forma m\u00e1s confortable de pasear por el campo es disfrutar de sus vistas, sus texturas, del sonido de la naturaleza&#8230; El paisaje acompa\u00f1a en el paseo a la vez que es paseado. El caminar se convierte en un baile en el que el caminante se desplaza y el territorio se va mostrando. Cuando el&hellip;&nbsp;Leer m\u00e1s &raquo;Vallas de madera fabricadas en Espa\u00f1a con madera de pino de calidad","og_url":"https:\/\/teoriadeconstruccion.net\/blog\/vallas-de-madera-fabricadas-en-espana-con-madera-de-pino-de-calidad\/","og_site_name":"Teor\u00eda de construcci\u00f3n","article_publisher":"https:\/\/www.facebook.com\/teoriadeconstru","article_published_time":"2022-11-16T20:25:30+00:00","article_modified_time":"2022-11-16T20:25:39+00:00","og_image":[{"width":1600,"height":1200,"url":"https:\/\/teoriadeconstruccion.net\/blog\/wp-content\/uploads\/2022\/11\/pexels-photo-221345-scaled.jpeg","type":"image\/jpeg"}],"author":"TeoriaDeConstruccion","twitter_card":"summary_large_image","twitter_creator":"@teoriadeconstru","twitter_site":"@teoriadeconstru","twitter_misc":{"Escrito por":"TeoriaDeConstruccion","Tiempo de lectura":"4 minutos"},"schema":{"@context":"https:\/\/schema.org","@graph":[{"@type":"Article","@id":"https:\/\/teoriadeconstruccion.net\/blog\/vallas-de-madera-fabricadas-en-espana-con-madera-de-pino-de-calidad\/#article","isPartOf":{"@id":"https:\/\/teoriadeconstruccion.net\/blog\/vallas-de-madera-fabricadas-en-espana-con-madera-de-pino-de-calidad\/"},"author":{"name":"TeoriaDeConstruccion","@id":"https:\/\/teoriadeconstruccion.net\/blog\/#\/schema\/person\/fb82548ff6b2c5ec8553abd27564d477"},"headline":"Vallas de madera fabricadas en Espa\u00f1a con madera de pino de calidad","datePublished":"2022-11-16T20:25:30+00:00","dateModified":"2022-11-16T20:25:39+00:00","mainEntityOfPage":{"@id":"https:\/\/teoriadeconstruccion.net\/blog\/vallas-de-madera-fabricadas-en-espana-con-madera-de-pino-de-calidad\/"},"wordCount":671,"commentCount":1,"publisher":{"@id":"https:\/\/teoriadeconstruccion.net\/blog\/#organization"},"image":{"@id":"https:\/\/teoriadeconstruccion.net\/blog\/vallas-de-madera-fabricadas-en-espana-con-madera-de-pino-de-calidad\/#primaryimage"},"thumbnailUrl":"https:\/\/i0.wp.com\/teoriadeconstruccion.net\/blog\/wp-content\/uploads\/2022\/11\/pexels-photo-221345-scaled.jpeg?fit=1600%2C1200&ssl=1","articleSection":["carpinter\u00eda","madera","parcela"],"inLanguage":"es","potentialAction":[{"@type":"CommentAction","name":"Comment","target":["https:\/\/teoriadeconstruccion.net\/blog\/vallas-de-madera-fabricadas-en-espana-con-madera-de-pino-de-calidad\/#respond"]}]},{"@type":"WebPage","@id":"https:\/\/teoriadeconstruccion.net\/blog\/vallas-de-madera-fabricadas-en-espana-con-madera-de-pino-de-calidad\/","url":"https:\/\/teoriadeconstruccion.net\/blog\/vallas-de-madera-fabricadas-en-espana-con-madera-de-pino-de-calidad\/","name":"Vallas de madera fabricadas en Espa\u00f1a con madera de pino de calidad - Teor\u00eda de construcci\u00f3n","isPartOf":{"@id":"https:\/\/teoriadeconstruccion.net\/blog\/#website"},"primaryImageOfPage":{"@id":"https:\/\/teoriadeconstruccion.net\/blog\/vallas-de-madera-fabricadas-en-espana-con-madera-de-pino-de-calidad\/#primaryimage"},"image":{"@id":"https:\/\/teoriadeconstruccion.net\/blog\/vallas-de-madera-fabricadas-en-espana-con-madera-de-pino-de-calidad\/#primaryimage"},"thumbnailUrl":"https:\/\/i0.wp.com\/teoriadeconstruccion.net\/blog\/wp-content\/uploads\/2022\/11\/pexels-photo-221345-scaled.jpeg?fit=1600%2C1200&ssl=1","datePublished":"2022-11-16T20:25:30+00:00","dateModified":"2022-11-16T20:25:39+00:00","breadcrumb":{"@id":"https:\/\/teoriadeconstruccion.net\/blog\/vallas-de-madera-fabricadas-en-espana-con-madera-de-pino-de-calidad\/#breadcrumb"},"inLanguage":"es","potentialAction":[{"@type":"ReadAction","target":["https:\/\/teoriadeconstruccion.net\/blog\/vallas-de-madera-fabricadas-en-espana-con-madera-de-pino-de-calidad\/"]}]},{"@type":"ImageObject","inLanguage":"es","@id":"https:\/\/teoriadeconstruccion.net\/blog\/vallas-de-madera-fabricadas-en-espana-con-madera-de-pino-de-calidad\/#primaryimage","url":"https:\/\/i0.wp.com\/teoriadeconstruccion.net\/blog\/wp-content\/uploads\/2022\/11\/pexels-photo-221345-scaled.jpeg?fit=1600%2C1200&ssl=1","contentUrl":"https:\/\/i0.wp.com\/teoriadeconstruccion.net\/blog\/wp-content\/uploads\/2022\/11\/pexels-photo-221345-scaled.jpeg?fit=1600%2C1200&ssl=1","width":1600,"height":1200,"caption":"Photo by Pixabay on Pexels.com"},{"@type":"BreadcrumbList","@id":"https:\/\/teoriadeconstruccion.net\/blog\/vallas-de-madera-fabricadas-en-espana-con-madera-de-pino-de-calidad\/#breadcrumb","itemListElement":[{"@type":"ListItem","position":1,"name":"Home","item":"https:\/\/teoriadeconstruccion.net\/blog\/"},{"@type":"ListItem","position":2,"name":"Vallas de madera fabricadas en Espa\u00f1a con madera de pino de calidad"}]},{"@type":"WebSite","@id":"https:\/\/teoriadeconstruccion.net\/blog\/#website","url":"https:\/\/teoriadeconstruccion.net\/blog\/","name":"Teor\u00eda de construcci\u00f3n","description":"blog sobre construcci\u00f3n, teor\u00eda y aplicaci\u00f3n: materiales, normativa de edificaci\u00f3n, sistemas constructivos.","publisher":{"@id":"https:\/\/teoriadeconstruccion.net\/blog\/#organization"},"potentialAction":[{"@type":"SearchAction","target":{"@type":"EntryPoint","urlTemplate":"https:\/\/teoriadeconstruccion.net\/blog\/?s={search_term_string}"},"query-input":{"@type":"PropertyValueSpecification","valueRequired":true,"valueName":"search_term_string"}}],"inLanguage":"es"},{"@type":"Organization","@id":"https:\/\/teoriadeconstruccion.net\/blog\/#organization","name":"teoriadeconstruccion.net","url":"https:\/\/teoriadeconstruccion.net\/blog\/","logo":{"@type":"ImageObject","inLanguage":"es","@id":"https:\/\/teoriadeconstruccion.net\/blog\/#\/schema\/logo\/image\/","url":"https:\/\/i0.wp.com\/teoriadeconstruccion.net\/blog\/wp-content\/uploads\/2023\/08\/cropped-logo-2023-sm.jpg?fit=200%2C128&ssl=1","contentUrl":"https:\/\/i0.wp.com\/teoriadeconstruccion.net\/blog\/wp-content\/uploads\/2023\/08\/cropped-logo-2023-sm.jpg?fit=200%2C128&ssl=1","width":200,"height":128,"caption":"teoriadeconstruccion.net"},"image":{"@id":"https:\/\/teoriadeconstruccion.net\/blog\/#\/schema\/logo\/image\/"},"sameAs":["https:\/\/www.facebook.com\/teoriadeconstru","https:\/\/x.com\/teoriadeconstru"]},{"@type":"Person","@id":"https:\/\/teoriadeconstruccion.net\/blog\/#\/schema\/person\/fb82548ff6b2c5ec8553abd27564d477","name":"TeoriaDeConstruccion","image":{"@type":"ImageObject","inLanguage":"es","@id":"https:\/\/secure.gravatar.com\/avatar\/93482bf08c0d97ba5562e27bd904bbeecb1a8f9ae1492a8ae68b95fc7885c374?s=96&d=mm&r=g","url":"https:\/\/secure.gravatar.com\/avatar\/93482bf08c0d97ba5562e27bd904bbeecb1a8f9ae1492a8ae68b95fc7885c374?s=96&d=mm&r=g","contentUrl":"https:\/\/secure.gravatar.com\/avatar\/93482bf08c0d97ba5562e27bd904bbeecb1a8f9ae1492a8ae68b95fc7885c374?s=96&d=mm&r=g","caption":"TeoriaDeConstruccion"},"description":"Redacci\u00f3n general de art\u00edculos sobre materiales, instalaciones, normativa y sistemas constructivos. 80% obra \/ 20% oficina desde 2007","url":"https:\/\/teoriadeconstruccion.net\/blog\/author\/teoriadeconstruccion\/"}]}},"jetpack_publicize_connections":[],"jetpack_featured_media_url":"https:\/\/i0.wp.com\/teoriadeconstruccion.net\/blog\/wp-content\/uploads\/2022\/11\/pexels-photo-221345-scaled.jpeg?fit=1600%2C1200&ssl=1","jetpack_shortlink":"https:\/\/wp.me\/p3diCd-iMh","jetpack_sharing_enabled":true,"_links":{"self":[{"href":"https:\/\/teoriadeconstruccion.net\/blog\/wp-json\/wp\/v2\/posts\/72185","targetHints":{"allow":["GET"]}}],"collection":[{"href":"https:\/\/teoriadeconstruccion.net\/blog\/wp-json\/wp\/v2\/posts"}],"about":[{"href":"https:\/\/teoriadeconstruccion.net\/blog\/wp-json\/wp\/v2\/types\/post"}],"author":[{"embeddable":true,"href":"https:\/\/teoriadeconstruccion.net\/blog\/wp-json\/wp\/v2\/users\/4036"}],"replies":[{"embeddable":true,"href":"https:\/\/teoriadeconstruccion.net\/blog\/wp-json\/wp\/v2\/comments?post=72185"}],"version-history":[{"count":0,"href":"https:\/\/teoriadeconstruccion.net\/blog\/wp-json\/wp\/v2\/posts\/72185\/revisions"}],"wp:featuredmedia":[{"embeddable":true,"href":"https:\/\/teoriadeconstruccion.net\/blog\/wp-json\/wp\/v2\/media\/72199"}],"wp:attachment":[{"href":"https:\/\/teoriadeconstruccion.net\/blog\/wp-json\/wp\/v2\/media?parent=72185"}],"wp:term":[{"taxonomy":"category","embeddable":true,"href":"https:\/\/teoriadeconstruccion.net\/blog\/wp-json\/wp\/v2\/categories?post=72185"},{"taxonomy":"post_tag","embeddable":true,"href":"https:\/\/teoriadeconstruccion.net\/blog\/wp-json\/wp\/v2\/tags?post=72185"}],"curies":[{"name":"wp","href":"https:\/\/api.w.org\/{rel}","templated":true}]}}