{"id":70519,"date":"2021-02-11T15:39:09","date_gmt":"2021-02-11T14:39:09","guid":{"rendered":"https:\/\/teoriadeconstruccion.net\/blog\/?p=70519"},"modified":"2021-02-12T08:37:17","modified_gmt":"2021-02-12T07:37:17","slug":"muebles-y-reformas-en-tiempos-de-covid","status":"publish","type":"post","link":"https:\/\/teoriadeconstruccion.net\/blog\/muebles-y-reformas-en-tiempos-de-covid\/","title":{"rendered":"Muebles y reformas en tiempos de Covid"},"content":{"rendered":"\n<p><\/p>\n\n\n\n<p>La casa ha sido siempre lugar de refugio y cobijo, pero tras la reciente crisis sanitaria esta se ha convertido en algo m\u00e1s, en una barrera de protecci\u00f3n frente al virus. La mejora de la vivienda se ha convertido en un aspecto esencial, por ello la inversi\u00f3n en nuevo mobiliario ha aumentado la demanda <a href=\"https:\/\/www.tutiendadesofas.es\/sofas-sillones-entrega-rapida\">sobre todo compras de sof\u00e1s<\/a>.<\/p>\n\n\n\n<p>La composici\u00f3n espacial de una vivienda, junto con sus condiciones higrot\u00e9rmicos y calidad material, son fundamentales para garantizar su confort. De entre los diferentes espacios que componen la casa, el sal\u00f3n es el lugar de relaci\u00f3n de la vivienda, y por lo tanto aquel que ha de tener unas condiciones m\u00e1s flexibles y ricas. En este sentido en los \u00faltimos meses ha habido una creciente demanda de nuevas ideas en <a href=\"https:\/\/www.tutiendadesofas.es\/\">tiendas de muebles<\/a>.<\/p>\n\n\n\n<figure class=\"wp-block-image size-large\"><a href=\"https:\/\/i0.wp.com\/teoriadeconstruccion.net\/blog\/wp-content\/uploads\/2021\/02\/por-collectmoments-via-Flickr-scaled.jpg?ssl=1\"><img data-recalc-dims=\"1\" decoding=\"async\" width=\"1024\" height=\"686\" src=\"https:\/\/i0.wp.com\/teoriadeconstruccion.net\/blog\/wp-content\/uploads\/2021\/02\/por-collectmoments-via-Flickr.jpg?resize=1024%2C686&#038;ssl=1\" alt=\"\" class=\"wp-image-70521\" srcset=\"https:\/\/i0.wp.com\/teoriadeconstruccion.net\/blog\/wp-content\/uploads\/2021\/02\/por-collectmoments-via-Flickr-scaled.jpg?resize=1024%2C686&amp;ssl=1 1024w, https:\/\/i0.wp.com\/teoriadeconstruccion.net\/blog\/wp-content\/uploads\/2021\/02\/por-collectmoments-via-Flickr-scaled.jpg?resize=300%2C201&amp;ssl=1 300w, https:\/\/i0.wp.com\/teoriadeconstruccion.net\/blog\/wp-content\/uploads\/2021\/02\/por-collectmoments-via-Flickr-scaled.jpg?resize=768%2C514&amp;ssl=1 768w, https:\/\/i0.wp.com\/teoriadeconstruccion.net\/blog\/wp-content\/uploads\/2021\/02\/por-collectmoments-via-Flickr-scaled.jpg?resize=1536%2C1028&amp;ssl=1 1536w, https:\/\/i0.wp.com\/teoriadeconstruccion.net\/blog\/wp-content\/uploads\/2021\/02\/por-collectmoments-via-Flickr-scaled.jpg?w=1600&amp;ssl=1 1600w\" sizes=\"(max-width: 1024px) 100vw, 1024px\" \/><\/a><figcaption>por collectmoments via Flickr<\/figcaption><\/figure>\n\n\n\n<p>La disposici\u00f3n del mobiliario en el sal\u00f3n es determinante para que este pueda resultar confortable. En muchos casos esta intervenci\u00f3n sobre el espacio de estar ha requerido de reformas que permitan abrir las condiciones de ese espacio. Las reformas realizadas sobre este tipo de espacios suelen centrarse en revestimientos y ampliaciones. En este sentido podr\u00edan establecerse varios niveles de intervenci\u00f3n: desde los m\u00e1s profundos como la sustituci\u00f3n de carpinter\u00edas o modificaci\u00f3n de particiones; la renovaci\u00f3n y cambio de paramentos y pavimentos; hasta los m\u00e1s conceptuales como la sustituci\u00f3n de mobiliario. Todas ellas son intervenciones destinadas a consolidar la calidad espacial de la vivienda y en ocasiones a transformarla sin perder su identidad propia.<\/p>\n\n\n\n<p>En los espacios comunes en los que tienen lugar las actividades compartidas en la casa, destacan por recibir un uso m\u00e1s intenso. Las piezas de mobiliario que m\u00e1s renovaci\u00f3n suelen demandar, son sobre todo compras de sof\u00e1s. El sof\u00e1, por su tama\u00f1o y condiciones de uso requiere de una estructura resiliente y un revestimiento superficial con materiales durables, pero incluso a pesar de estas condiciones de partida, su vida \u00fatil es reducida respecto a otros muebles que demandan menos uso. La morfolog\u00eda del sof\u00e1 como mueble dom\u00e9stico ha de incorporar adem\u00e1s versatilidad de uso y capacidad resistente suficiente como para estar sometido a una cierta carga constante durante espacios de tiempo prolongados. Sus dimensiones y volumen responden a las necesidades propias del usuario, dando lugar a numerosas tipolog\u00edas.<\/p>\n\n\n\n<figure class=\"wp-block-image size-large\"><a href=\"https:\/\/i0.wp.com\/teoriadeconstruccion.net\/blog\/wp-content\/uploads\/2021\/02\/por-Michael-Dain-via-Flickr.jpg?ssl=1\"><img data-recalc-dims=\"1\" decoding=\"async\" width=\"600\" height=\"296\" src=\"https:\/\/i0.wp.com\/teoriadeconstruccion.net\/blog\/wp-content\/uploads\/2021\/02\/por-Michael-Dain-via-Flickr.jpg?resize=600%2C296&#038;ssl=1\" alt=\"\" class=\"wp-image-70523\" srcset=\"https:\/\/i0.wp.com\/teoriadeconstruccion.net\/blog\/wp-content\/uploads\/2021\/02\/por-Michael-Dain-via-Flickr.jpg?w=600&amp;ssl=1 600w, https:\/\/i0.wp.com\/teoriadeconstruccion.net\/blog\/wp-content\/uploads\/2021\/02\/por-Michael-Dain-via-Flickr.jpg?resize=300%2C148&amp;ssl=1 300w\" sizes=\"(max-width: 600px) 100vw, 600px\" \/><\/a><figcaption>por Michael Dain via Flickr<\/figcaption><\/figure>\n\n\n\n<p>A lo largo de la historia de la arquitectura, muchos profesionales han desarrollado dise\u00f1os que resaltaban alguno de los aspectos fundamentales del mobiliario: uniones, estructura, acabados o materiales. Sus propuestas han servido como catalizador de procesos de investigaci\u00f3n en la producci\u00f3n de mobiliario. Dise\u00f1adores como Finn Juhl o Joe Colombo han definido la vanguardia del dise\u00f1o en el mobiliario que conjugaba una tendencia y un camino a seguir dentro de los espacios dom\u00e9sticos. Sus piezas, hoy en d\u00eda valoradas casi como piezas de arte introdujeron nuevas formas de utilizar materiales como la madera, el acero o los textiles. Las nuevas tendencias definidas por la vanguardia se transfer\u00edan de manera directa al mobiliario de uso com\u00fan y a los talleres de carpinter\u00eda renovando la vivienda. Una forma m\u00e1s de hacer arquitectura. La diversidad de mobiliario disponible es muy amplia, y su adaptaci\u00f3n a los espacios dom\u00e9sticos una demanda que se ha visto incrementada en los \u00faltimos meses como respuesta a la necesidad de convertir el hogar en un espacio m\u00e1s confortable.<\/p>\n","protected":false},"excerpt":{"rendered":"<p>La casa ha sido siempre lugar de refugio y cobijo, pero tras la reciente crisis sanitaria esta se ha convertido en algo m\u00e1s, en una barrera de protecci\u00f3n frente al virus. La mejora de la vivienda se ha convertido en un aspecto esencial, por ello la inversi\u00f3n en nuevo mobiliario ha aumentado la demanda sobre&hellip;&nbsp;<a href=\"https:\/\/teoriadeconstruccion.net\/blog\/muebles-y-reformas-en-tiempos-de-covid\/\" rel=\"bookmark\">Leer m\u00e1s &raquo;<span class=\"screen-reader-text\">Muebles y reformas en tiempos de Covid<\/span><\/a><\/p>\n","protected":false},"author":4037,"featured_media":70522,"comment_status":"open","ping_status":"open","sticky":false,"template":"","format":"standard","meta":{"neve_meta_sidebar":"","neve_meta_container":"","neve_meta_enable_content_width":"","neve_meta_content_width":0,"neve_meta_title_alignment":"","neve_meta_author_avatar":"","neve_post_elements_order":"","neve_meta_disable_header":"","neve_meta_disable_footer":"","neve_meta_disable_title":"","jetpack_post_was_ever_published":false,"_jetpack_newsletter_access":"","_jetpack_dont_email_post_to_subs":false,"_jetpack_newsletter_tier_id":0,"_jetpack_memberships_contains_paywalled_content":false,"_jetpack_memberships_contains_paid_content":false,"footnotes":"","jetpack_publicize_message":"","jetpack_publicize_feature_enabled":true,"jetpack_social_post_already_shared":true,"jetpack_social_options":{"image_generator_settings":{"template":"highway","default_image_id":0,"font":"","enabled":false},"version":2}},"categories":[690,692,647,680],"tags":[],"class_list":["post-70519","post","type-post","status-publish","format-standard","has-post-thumbnail","hentry","category-arquitectura","category-decoracion","category-mobiliario","category-reformas"],"yoast_head":"<!-- This site is optimized with the Yoast SEO plugin v27.5 - https:\/\/yoast.com\/product\/yoast-seo-wordpress\/ -->\n<title>Muebles y reformas en tiempos de Covid - Teor\u00eda de construcci\u00f3n<\/title>\n<meta name=\"robots\" content=\"index, follow, max-snippet:-1, max-image-preview:large, max-video-preview:-1\" \/>\n<link rel=\"canonical\" href=\"https:\/\/teoriadeconstruccion.net\/blog\/muebles-y-reformas-en-tiempos-de-covid\/\" \/>\n<meta property=\"og:locale\" content=\"es_ES\" \/>\n<meta property=\"og:type\" content=\"article\" \/>\n<meta property=\"og:title\" content=\"Muebles y reformas en tiempos de Covid - Teor\u00eda de construcci\u00f3n\" \/>\n<meta property=\"og:description\" content=\"La casa ha sido siempre lugar de refugio y cobijo, pero tras la reciente crisis sanitaria esta se ha convertido en algo m\u00e1s, en una barrera de protecci\u00f3n frente al virus. La mejora de la vivienda se ha convertido en un aspecto esencial, por ello la inversi\u00f3n en nuevo mobiliario ha aumentado la demanda sobre&hellip;&nbsp;Leer m\u00e1s &raquo;Muebles y reformas en tiempos de Covid\" \/>\n<meta property=\"og:url\" content=\"https:\/\/teoriadeconstruccion.net\/blog\/muebles-y-reformas-en-tiempos-de-covid\/\" \/>\n<meta property=\"og:site_name\" content=\"Teor\u00eda de construcci\u00f3n\" \/>\n<meta property=\"article:publisher\" content=\"https:\/\/www.facebook.com\/teoriadeconstru\" \/>\n<meta property=\"article:published_time\" content=\"2021-02-11T14:39:09+00:00\" \/>\n<meta property=\"article:modified_time\" content=\"2021-02-12T07:37:17+00:00\" \/>\n<meta property=\"og:image\" content=\"https:\/\/i0.wp.com\/teoriadeconstruccion.net\/blog\/wp-content\/uploads\/2021\/02\/por-Dion-Hinchcliffe-via-Flickr-scaled.jpg?fit=1600%2C1066&ssl=1\" \/>\n\t<meta property=\"og:image:width\" content=\"1600\" \/>\n\t<meta property=\"og:image:height\" content=\"1066\" \/>\n\t<meta property=\"og:image:type\" content=\"image\/jpeg\" \/>\n<meta name=\"author\" content=\"N P\" \/>\n<meta name=\"twitter:card\" content=\"summary_large_image\" \/>\n<meta name=\"twitter:creator\" content=\"@teoriadeconstru\" \/>\n<meta name=\"twitter:site\" content=\"@teoriadeconstru\" \/>\n<meta name=\"twitter:label1\" content=\"Escrito por\" \/>\n\t<meta name=\"twitter:data1\" content=\"N P\" \/>\n\t<meta name=\"twitter:label2\" content=\"Tiempo de lectura\" \/>\n\t<meta name=\"twitter:data2\" content=\"3 minutos\" \/>\n<script type=\"application\/ld+json\" class=\"yoast-schema-graph\">{\"@context\":\"https:\\\/\\\/schema.org\",\"@graph\":[{\"@type\":\"Article\",\"@id\":\"https:\\\/\\\/teoriadeconstruccion.net\\\/blog\\\/muebles-y-reformas-en-tiempos-de-covid\\\/#article\",\"isPartOf\":{\"@id\":\"https:\\\/\\\/teoriadeconstruccion.net\\\/blog\\\/muebles-y-reformas-en-tiempos-de-covid\\\/\"},\"author\":{\"name\":\"N P\",\"@id\":\"https:\\\/\\\/teoriadeconstruccion.net\\\/blog\\\/#\\\/schema\\\/person\\\/cb4b7253eb6e6d3c470454ac369e40e9\"},\"headline\":\"Muebles y reformas en tiempos de Covid\",\"datePublished\":\"2021-02-11T14:39:09+00:00\",\"dateModified\":\"2021-02-12T07:37:17+00:00\",\"mainEntityOfPage\":{\"@id\":\"https:\\\/\\\/teoriadeconstruccion.net\\\/blog\\\/muebles-y-reformas-en-tiempos-de-covid\\\/\"},\"wordCount\":603,\"commentCount\":1,\"publisher\":{\"@id\":\"https:\\\/\\\/teoriadeconstruccion.net\\\/blog\\\/#organization\"},\"image\":{\"@id\":\"https:\\\/\\\/teoriadeconstruccion.net\\\/blog\\\/muebles-y-reformas-en-tiempos-de-covid\\\/#primaryimage\"},\"thumbnailUrl\":\"https:\\\/\\\/i0.wp.com\\\/teoriadeconstruccion.net\\\/blog\\\/wp-content\\\/uploads\\\/2021\\\/02\\\/por-Dion-Hinchcliffe-via-Flickr-scaled.jpg?fit=1600%2C1066&ssl=1\",\"articleSection\":[\"arquitectura\",\"decoraci\u00f3n\",\"mobiliario\",\"reformas\"],\"inLanguage\":\"es\",\"potentialAction\":[{\"@type\":\"CommentAction\",\"name\":\"Comment\",\"target\":[\"https:\\\/\\\/teoriadeconstruccion.net\\\/blog\\\/muebles-y-reformas-en-tiempos-de-covid\\\/#respond\"]}]},{\"@type\":\"WebPage\",\"@id\":\"https:\\\/\\\/teoriadeconstruccion.net\\\/blog\\\/muebles-y-reformas-en-tiempos-de-covid\\\/\",\"url\":\"https:\\\/\\\/teoriadeconstruccion.net\\\/blog\\\/muebles-y-reformas-en-tiempos-de-covid\\\/\",\"name\":\"Muebles y reformas en tiempos de Covid - Teor\u00eda de construcci\u00f3n\",\"isPartOf\":{\"@id\":\"https:\\\/\\\/teoriadeconstruccion.net\\\/blog\\\/#website\"},\"primaryImageOfPage\":{\"@id\":\"https:\\\/\\\/teoriadeconstruccion.net\\\/blog\\\/muebles-y-reformas-en-tiempos-de-covid\\\/#primaryimage\"},\"image\":{\"@id\":\"https:\\\/\\\/teoriadeconstruccion.net\\\/blog\\\/muebles-y-reformas-en-tiempos-de-covid\\\/#primaryimage\"},\"thumbnailUrl\":\"https:\\\/\\\/i0.wp.com\\\/teoriadeconstruccion.net\\\/blog\\\/wp-content\\\/uploads\\\/2021\\\/02\\\/por-Dion-Hinchcliffe-via-Flickr-scaled.jpg?fit=1600%2C1066&ssl=1\",\"datePublished\":\"2021-02-11T14:39:09+00:00\",\"dateModified\":\"2021-02-12T07:37:17+00:00\",\"breadcrumb\":{\"@id\":\"https:\\\/\\\/teoriadeconstruccion.net\\\/blog\\\/muebles-y-reformas-en-tiempos-de-covid\\\/#breadcrumb\"},\"inLanguage\":\"es\",\"potentialAction\":[{\"@type\":\"ReadAction\",\"target\":[\"https:\\\/\\\/teoriadeconstruccion.net\\\/blog\\\/muebles-y-reformas-en-tiempos-de-covid\\\/\"]}]},{\"@type\":\"ImageObject\",\"inLanguage\":\"es\",\"@id\":\"https:\\\/\\\/teoriadeconstruccion.net\\\/blog\\\/muebles-y-reformas-en-tiempos-de-covid\\\/#primaryimage\",\"url\":\"https:\\\/\\\/i0.wp.com\\\/teoriadeconstruccion.net\\\/blog\\\/wp-content\\\/uploads\\\/2021\\\/02\\\/por-Dion-Hinchcliffe-via-Flickr-scaled.jpg?fit=1600%2C1066&ssl=1\",\"contentUrl\":\"https:\\\/\\\/i0.wp.com\\\/teoriadeconstruccion.net\\\/blog\\\/wp-content\\\/uploads\\\/2021\\\/02\\\/por-Dion-Hinchcliffe-via-Flickr-scaled.jpg?fit=1600%2C1066&ssl=1\",\"width\":1600,\"height\":1066},{\"@type\":\"BreadcrumbList\",\"@id\":\"https:\\\/\\\/teoriadeconstruccion.net\\\/blog\\\/muebles-y-reformas-en-tiempos-de-covid\\\/#breadcrumb\",\"itemListElement\":[{\"@type\":\"ListItem\",\"position\":1,\"name\":\"Home\",\"item\":\"https:\\\/\\\/teoriadeconstruccion.net\\\/blog\\\/\"},{\"@type\":\"ListItem\",\"position\":2,\"name\":\"Muebles y reformas en tiempos de Covid\"}]},{\"@type\":\"WebSite\",\"@id\":\"https:\\\/\\\/teoriadeconstruccion.net\\\/blog\\\/#website\",\"url\":\"https:\\\/\\\/teoriadeconstruccion.net\\\/blog\\\/\",\"name\":\"Teor\u00eda de construcci\u00f3n\",\"description\":\"blog sobre construcci\u00f3n, teor\u00eda y aplicaci\u00f3n: materiales, normativa de edificaci\u00f3n, sistemas constructivos.\",\"publisher\":{\"@id\":\"https:\\\/\\\/teoriadeconstruccion.net\\\/blog\\\/#organization\"},\"potentialAction\":[{\"@type\":\"SearchAction\",\"target\":{\"@type\":\"EntryPoint\",\"urlTemplate\":\"https:\\\/\\\/teoriadeconstruccion.net\\\/blog\\\/?s={search_term_string}\"},\"query-input\":{\"@type\":\"PropertyValueSpecification\",\"valueRequired\":true,\"valueName\":\"search_term_string\"}}],\"inLanguage\":\"es\"},{\"@type\":\"Organization\",\"@id\":\"https:\\\/\\\/teoriadeconstruccion.net\\\/blog\\\/#organization\",\"name\":\"teoriadeconstruccion.net\",\"url\":\"https:\\\/\\\/teoriadeconstruccion.net\\\/blog\\\/\",\"logo\":{\"@type\":\"ImageObject\",\"inLanguage\":\"es\",\"@id\":\"https:\\\/\\\/teoriadeconstruccion.net\\\/blog\\\/#\\\/schema\\\/logo\\\/image\\\/\",\"url\":\"https:\\\/\\\/i0.wp.com\\\/teoriadeconstruccion.net\\\/blog\\\/wp-content\\\/uploads\\\/2023\\\/08\\\/cropped-logo-2023-sm.jpg?fit=200%2C128&ssl=1\",\"contentUrl\":\"https:\\\/\\\/i0.wp.com\\\/teoriadeconstruccion.net\\\/blog\\\/wp-content\\\/uploads\\\/2023\\\/08\\\/cropped-logo-2023-sm.jpg?fit=200%2C128&ssl=1\",\"width\":200,\"height\":128,\"caption\":\"teoriadeconstruccion.net\"},\"image\":{\"@id\":\"https:\\\/\\\/teoriadeconstruccion.net\\\/blog\\\/#\\\/schema\\\/logo\\\/image\\\/\"},\"sameAs\":[\"https:\\\/\\\/www.facebook.com\\\/teoriadeconstru\",\"https:\\\/\\\/x.com\\\/teoriadeconstru\"]},{\"@type\":\"Person\",\"@id\":\"https:\\\/\\\/teoriadeconstruccion.net\\\/blog\\\/#\\\/schema\\\/person\\\/cb4b7253eb6e6d3c470454ac369e40e9\",\"name\":\"N P\",\"image\":{\"@type\":\"ImageObject\",\"inLanguage\":\"es\",\"@id\":\"https:\\\/\\\/secure.gravatar.com\\\/avatar\\\/65e88523f6928be707f9bc7ee01d030f0aa8c1f97923022333ab1a39583c10b9?s=96&d=mm&r=g\",\"url\":\"https:\\\/\\\/secure.gravatar.com\\\/avatar\\\/65e88523f6928be707f9bc7ee01d030f0aa8c1f97923022333ab1a39583c10b9?s=96&d=mm&r=g\",\"contentUrl\":\"https:\\\/\\\/secure.gravatar.com\\\/avatar\\\/65e88523f6928be707f9bc7ee01d030f0aa8c1f97923022333ab1a39583c10b9?s=96&d=mm&r=g\",\"caption\":\"N P\"},\"sameAs\":[\"http:\\\/\\\/nuriaprieto.es\"],\"url\":\"https:\\\/\\\/teoriadeconstruccion.net\\\/blog\\\/author\\\/nuria\\\/\"}]}<\/script>\n<!-- \/ Yoast SEO plugin. -->","yoast_head_json":{"title":"Muebles y reformas en tiempos de Covid - Teor\u00eda de construcci\u00f3n","robots":{"index":"index","follow":"follow","max-snippet":"max-snippet:-1","max-image-preview":"max-image-preview:large","max-video-preview":"max-video-preview:-1"},"canonical":"https:\/\/teoriadeconstruccion.net\/blog\/muebles-y-reformas-en-tiempos-de-covid\/","og_locale":"es_ES","og_type":"article","og_title":"Muebles y reformas en tiempos de Covid - Teor\u00eda de construcci\u00f3n","og_description":"La casa ha sido siempre lugar de refugio y cobijo, pero tras la reciente crisis sanitaria esta se ha convertido en algo m\u00e1s, en una barrera de protecci\u00f3n frente al virus. La mejora de la vivienda se ha convertido en un aspecto esencial, por ello la inversi\u00f3n en nuevo mobiliario ha aumentado la demanda sobre&hellip;&nbsp;Leer m\u00e1s &raquo;Muebles y reformas en tiempos de Covid","og_url":"https:\/\/teoriadeconstruccion.net\/blog\/muebles-y-reformas-en-tiempos-de-covid\/","og_site_name":"Teor\u00eda de construcci\u00f3n","article_publisher":"https:\/\/www.facebook.com\/teoriadeconstru","article_published_time":"2021-02-11T14:39:09+00:00","article_modified_time":"2021-02-12T07:37:17+00:00","og_image":[{"width":1600,"height":1066,"url":"https:\/\/i0.wp.com\/teoriadeconstruccion.net\/blog\/wp-content\/uploads\/2021\/02\/por-Dion-Hinchcliffe-via-Flickr-scaled.jpg?fit=1600%2C1066&ssl=1","type":"image\/jpeg"}],"author":"N P","twitter_card":"summary_large_image","twitter_creator":"@teoriadeconstru","twitter_site":"@teoriadeconstru","twitter_misc":{"Escrito por":"N P","Tiempo de lectura":"3 minutos"},"schema":{"@context":"https:\/\/schema.org","@graph":[{"@type":"Article","@id":"https:\/\/teoriadeconstruccion.net\/blog\/muebles-y-reformas-en-tiempos-de-covid\/#article","isPartOf":{"@id":"https:\/\/teoriadeconstruccion.net\/blog\/muebles-y-reformas-en-tiempos-de-covid\/"},"author":{"name":"N P","@id":"https:\/\/teoriadeconstruccion.net\/blog\/#\/schema\/person\/cb4b7253eb6e6d3c470454ac369e40e9"},"headline":"Muebles y reformas en tiempos de Covid","datePublished":"2021-02-11T14:39:09+00:00","dateModified":"2021-02-12T07:37:17+00:00","mainEntityOfPage":{"@id":"https:\/\/teoriadeconstruccion.net\/blog\/muebles-y-reformas-en-tiempos-de-covid\/"},"wordCount":603,"commentCount":1,"publisher":{"@id":"https:\/\/teoriadeconstruccion.net\/blog\/#organization"},"image":{"@id":"https:\/\/teoriadeconstruccion.net\/blog\/muebles-y-reformas-en-tiempos-de-covid\/#primaryimage"},"thumbnailUrl":"https:\/\/i0.wp.com\/teoriadeconstruccion.net\/blog\/wp-content\/uploads\/2021\/02\/por-Dion-Hinchcliffe-via-Flickr-scaled.jpg?fit=1600%2C1066&ssl=1","articleSection":["arquitectura","decoraci\u00f3n","mobiliario","reformas"],"inLanguage":"es","potentialAction":[{"@type":"CommentAction","name":"Comment","target":["https:\/\/teoriadeconstruccion.net\/blog\/muebles-y-reformas-en-tiempos-de-covid\/#respond"]}]},{"@type":"WebPage","@id":"https:\/\/teoriadeconstruccion.net\/blog\/muebles-y-reformas-en-tiempos-de-covid\/","url":"https:\/\/teoriadeconstruccion.net\/blog\/muebles-y-reformas-en-tiempos-de-covid\/","name":"Muebles y reformas en tiempos de Covid - Teor\u00eda de construcci\u00f3n","isPartOf":{"@id":"https:\/\/teoriadeconstruccion.net\/blog\/#website"},"primaryImageOfPage":{"@id":"https:\/\/teoriadeconstruccion.net\/blog\/muebles-y-reformas-en-tiempos-de-covid\/#primaryimage"},"image":{"@id":"https:\/\/teoriadeconstruccion.net\/blog\/muebles-y-reformas-en-tiempos-de-covid\/#primaryimage"},"thumbnailUrl":"https:\/\/i0.wp.com\/teoriadeconstruccion.net\/blog\/wp-content\/uploads\/2021\/02\/por-Dion-Hinchcliffe-via-Flickr-scaled.jpg?fit=1600%2C1066&ssl=1","datePublished":"2021-02-11T14:39:09+00:00","dateModified":"2021-02-12T07:37:17+00:00","breadcrumb":{"@id":"https:\/\/teoriadeconstruccion.net\/blog\/muebles-y-reformas-en-tiempos-de-covid\/#breadcrumb"},"inLanguage":"es","potentialAction":[{"@type":"ReadAction","target":["https:\/\/teoriadeconstruccion.net\/blog\/muebles-y-reformas-en-tiempos-de-covid\/"]}]},{"@type":"ImageObject","inLanguage":"es","@id":"https:\/\/teoriadeconstruccion.net\/blog\/muebles-y-reformas-en-tiempos-de-covid\/#primaryimage","url":"https:\/\/i0.wp.com\/teoriadeconstruccion.net\/blog\/wp-content\/uploads\/2021\/02\/por-Dion-Hinchcliffe-via-Flickr-scaled.jpg?fit=1600%2C1066&ssl=1","contentUrl":"https:\/\/i0.wp.com\/teoriadeconstruccion.net\/blog\/wp-content\/uploads\/2021\/02\/por-Dion-Hinchcliffe-via-Flickr-scaled.jpg?fit=1600%2C1066&ssl=1","width":1600,"height":1066},{"@type":"BreadcrumbList","@id":"https:\/\/teoriadeconstruccion.net\/blog\/muebles-y-reformas-en-tiempos-de-covid\/#breadcrumb","itemListElement":[{"@type":"ListItem","position":1,"name":"Home","item":"https:\/\/teoriadeconstruccion.net\/blog\/"},{"@type":"ListItem","position":2,"name":"Muebles y reformas en tiempos de Covid"}]},{"@type":"WebSite","@id":"https:\/\/teoriadeconstruccion.net\/blog\/#website","url":"https:\/\/teoriadeconstruccion.net\/blog\/","name":"Teor\u00eda de construcci\u00f3n","description":"blog sobre construcci\u00f3n, teor\u00eda y aplicaci\u00f3n: materiales, normativa de edificaci\u00f3n, sistemas constructivos.","publisher":{"@id":"https:\/\/teoriadeconstruccion.net\/blog\/#organization"},"potentialAction":[{"@type":"SearchAction","target":{"@type":"EntryPoint","urlTemplate":"https:\/\/teoriadeconstruccion.net\/blog\/?s={search_term_string}"},"query-input":{"@type":"PropertyValueSpecification","valueRequired":true,"valueName":"search_term_string"}}],"inLanguage":"es"},{"@type":"Organization","@id":"https:\/\/teoriadeconstruccion.net\/blog\/#organization","name":"teoriadeconstruccion.net","url":"https:\/\/teoriadeconstruccion.net\/blog\/","logo":{"@type":"ImageObject","inLanguage":"es","@id":"https:\/\/teoriadeconstruccion.net\/blog\/#\/schema\/logo\/image\/","url":"https:\/\/i0.wp.com\/teoriadeconstruccion.net\/blog\/wp-content\/uploads\/2023\/08\/cropped-logo-2023-sm.jpg?fit=200%2C128&ssl=1","contentUrl":"https:\/\/i0.wp.com\/teoriadeconstruccion.net\/blog\/wp-content\/uploads\/2023\/08\/cropped-logo-2023-sm.jpg?fit=200%2C128&ssl=1","width":200,"height":128,"caption":"teoriadeconstruccion.net"},"image":{"@id":"https:\/\/teoriadeconstruccion.net\/blog\/#\/schema\/logo\/image\/"},"sameAs":["https:\/\/www.facebook.com\/teoriadeconstru","https:\/\/x.com\/teoriadeconstru"]},{"@type":"Person","@id":"https:\/\/teoriadeconstruccion.net\/blog\/#\/schema\/person\/cb4b7253eb6e6d3c470454ac369e40e9","name":"N P","image":{"@type":"ImageObject","inLanguage":"es","@id":"https:\/\/secure.gravatar.com\/avatar\/65e88523f6928be707f9bc7ee01d030f0aa8c1f97923022333ab1a39583c10b9?s=96&d=mm&r=g","url":"https:\/\/secure.gravatar.com\/avatar\/65e88523f6928be707f9bc7ee01d030f0aa8c1f97923022333ab1a39583c10b9?s=96&d=mm&r=g","contentUrl":"https:\/\/secure.gravatar.com\/avatar\/65e88523f6928be707f9bc7ee01d030f0aa8c1f97923022333ab1a39583c10b9?s=96&d=mm&r=g","caption":"N P"},"sameAs":["http:\/\/nuriaprieto.es"],"url":"https:\/\/teoriadeconstruccion.net\/blog\/author\/nuria\/"}]}},"jetpack_publicize_connections":[],"jetpack_featured_media_url":"https:\/\/i0.wp.com\/teoriadeconstruccion.net\/blog\/wp-content\/uploads\/2021\/02\/por-Dion-Hinchcliffe-via-Flickr-scaled.jpg?fit=1600%2C1066&ssl=1","jetpack_shortlink":"https:\/\/wp.me\/p3diCd-ilp","jetpack_sharing_enabled":true,"_links":{"self":[{"href":"https:\/\/teoriadeconstruccion.net\/blog\/wp-json\/wp\/v2\/posts\/70519","targetHints":{"allow":["GET"]}}],"collection":[{"href":"https:\/\/teoriadeconstruccion.net\/blog\/wp-json\/wp\/v2\/posts"}],"about":[{"href":"https:\/\/teoriadeconstruccion.net\/blog\/wp-json\/wp\/v2\/types\/post"}],"author":[{"embeddable":true,"href":"https:\/\/teoriadeconstruccion.net\/blog\/wp-json\/wp\/v2\/users\/4037"}],"replies":[{"embeddable":true,"href":"https:\/\/teoriadeconstruccion.net\/blog\/wp-json\/wp\/v2\/comments?post=70519"}],"version-history":[{"count":0,"href":"https:\/\/teoriadeconstruccion.net\/blog\/wp-json\/wp\/v2\/posts\/70519\/revisions"}],"wp:featuredmedia":[{"embeddable":true,"href":"https:\/\/teoriadeconstruccion.net\/blog\/wp-json\/wp\/v2\/media\/70522"}],"wp:attachment":[{"href":"https:\/\/teoriadeconstruccion.net\/blog\/wp-json\/wp\/v2\/media?parent=70519"}],"wp:term":[{"taxonomy":"category","embeddable":true,"href":"https:\/\/teoriadeconstruccion.net\/blog\/wp-json\/wp\/v2\/categories?post=70519"},{"taxonomy":"post_tag","embeddable":true,"href":"https:\/\/teoriadeconstruccion.net\/blog\/wp-json\/wp\/v2\/tags?post=70519"}],"curies":[{"name":"wp","href":"https:\/\/api.w.org\/{rel}","templated":true}]}}