{"id":70280,"date":"2020-11-26T23:20:49","date_gmt":"2020-11-26T22:20:49","guid":{"rendered":"http:\/\/teoriadeconstruccion.net\/blog\/?p=70280"},"modified":"2020-12-14T18:11:49","modified_gmt":"2020-12-14T17:11:49","slug":"seleccion-de-construcciones-modulares","status":"publish","type":"post","link":"https:\/\/teoriadeconstruccion.net\/blog\/seleccion-de-construcciones-modulares\/","title":{"rendered":"Selecci\u00f3n de construcciones modulares"},"content":{"rendered":"\n<p>La prefabricaci\u00f3n ya est\u00e1 instaurada como sistema habitual en el que tenemos que pensar como opci\u00f3n para hacernos con unas casas prefabricadas <a rel=\"noreferrer noopener\" href=\"https:\/\/www.tobelem.pro\/\" target=\"_blank\">Tobelem<\/a> o con vol\u00famenes para cualquier uso, oficina, ba\u00f1os, o usos relacionados con cualquier emergencia.<\/p>\n\n\n\n<p>En este art\u00edculo hablaremos de tipos de casetas, teniendo en cuenta su material, por un lado, y por su uso por otro. Dentro de las posibilidades habituales de estos sistemas ya podemos llegar a clasificar los tipos de m\u00f3dulo prefabricado y relacionarlos con su uso \u00f3ptimo.<\/p>\n\n\n\n<p>Desde bungalows para hoteles hasta casetas de obra, las construcciones modulares han llegado a todas las ubicaciones posibles. <\/p>\n\n\n\n<figure class=\"wp-block-image size-large\"><img data-recalc-dims=\"1\" decoding=\"async\" width=\"721\" height=\"449\" src=\"https:\/\/i0.wp.com\/teoriadeconstruccion.net\/blog\/wp-content\/uploads\/2020\/11\/image-27.png?resize=721%2C449\" alt=\"\" class=\"wp-image-70286\" srcset=\"https:\/\/i0.wp.com\/teoriadeconstruccion.net\/blog\/wp-content\/uploads\/2020\/11\/image-27.png?w=721&amp;ssl=1 721w, https:\/\/i0.wp.com\/teoriadeconstruccion.net\/blog\/wp-content\/uploads\/2020\/11\/image-27.png?resize=300%2C187&amp;ssl=1 300w\" sizes=\"(max-width: 721px) 100vw, 721px\" \/><figcaption>Torre Nakagin &#8211; Fuente pxfuel<\/figcaption><\/figure>\n\n\n\n<p>Por el momento no llegamos a la industrializaci\u00f3n deseada por arquitectos como Kisho Kurokawa, creador de la Torre Nakagin, en la que supon\u00eda que los m\u00f3dulos ser\u00edan reemplazados con el paso del tiempo, productos de una cadena de producci\u00f3n industrializada que servir\u00eda a m\u00e1s proyectos. A d\u00eda de hoy esto sigue siendo un universo con diferentes sistemas y laboratorios de pruebas, en cont\u00ednua investigaci\u00f3n buscando los m\u00f3dulos o componentes acordes a nuestro tiempo y a nuestro futuro. <\/p>\n\n\n\n<p class=\"has-light-green-cyan-background-color has-background\"><strong>Nota: <\/strong>(<em>obtenida de la tesis de Juan Carlos S\u00e1nchez Gonz\u00e1lez<\/em>)<br>Una realidad contrastada es que muchos de los materiales que intervienen en la construcci\u00f3n ligera (CL), ligera industrializada (CIL) y construcci\u00f3n modular ligera (CML) tienen un alto coste energ\u00e9tico por su nivel de emisiones; pero aun siendo esto as\u00ed la cantidad de material utilizado en la construcci\u00f3n tradicional si hacemos el c\u00e1lculo directo de kg\/m2 o kg\/m3 seg\u00fan sea el caso. Un m2 de construcci\u00f3n tradicional tiene un peso aproximado de 2.300kg (Wadel Raina, 2009), mientras que un m2 de construcci\u00f3n ligera supone solamente 200 kg (Del \u00c1guila, 2006)<\/p>\n\n\n\n<h2 class=\"wp-block-heading\">Tipos de m\u00f3dulos prefabricados por su material<\/h2>\n\n\n\n<p>Hablar de m\u00f3dulos prefabricados no siempre es hablar de construcci\u00f3n modular ligera. Por una parte vamos a separar el hormig\u00f3n y por otra parte la construcci\u00f3n que no llega a 200 kg\/m2 que es la que realmente se considera ligera, con estructura de acero y madera.<\/p>\n\n\n\n<p><strong>Hormig\u00f3n<\/strong><\/p>\n\n\n\n<p>Las construcciones prefabricadas de hormig\u00f3n se basan generalmente en paneles (de hormig\u00f3n o mixtos, empleando aislamientos) que en muchos casos funcionan como estructura portante.<\/p>\n\n\n\n<p><strong>Madera<\/strong><\/p>\n\n\n\n<p>El m\u00f3dulo prefabricado m\u00e1s tradicional y m\u00e1s f\u00e1cil de construir, muy explotado en Estados Unidos. Se trata del sistema m\u00e1s dom\u00e9stico y m\u00e1s accesible para la autoconstrucci\u00f3n. <\/p>\n\n\n\n<p><strong>Metal<\/strong><\/p>\n\n\n\n<p>Los m\u00f3dulos de estructura met\u00e1lica (acero o aluminio fundamentalmente) son los m\u00e1s resistentes en relaci\u00f3n a su peso. Su fabricaci\u00f3n en taller es la m\u00e1s precisa y con mejores garant\u00edas de uni\u00f3n entre elementos (atornillados o soldados), as\u00ed como de su tratamiento (lacados, esmaltados, galvanizados&#8230;)<\/p>\n\n\n\n<figure class=\"wp-block-image size-large\"><img data-recalc-dims=\"1\" decoding=\"async\" width=\"862\" height=\"545\" src=\"https:\/\/i0.wp.com\/teoriadeconstruccion.net\/blog\/wp-content\/uploads\/2020\/11\/image-25.png?resize=862%2C545\" alt=\"\" class=\"wp-image-70284\" srcset=\"https:\/\/i0.wp.com\/teoriadeconstruccion.net\/blog\/wp-content\/uploads\/2020\/11\/image-25.png?w=862&amp;ssl=1 862w, https:\/\/i0.wp.com\/teoriadeconstruccion.net\/blog\/wp-content\/uploads\/2020\/11\/image-25.png?resize=300%2C190&amp;ssl=1 300w, https:\/\/i0.wp.com\/teoriadeconstruccion.net\/blog\/wp-content\/uploads\/2020\/11\/image-25.png?resize=768%2C486&amp;ssl=1 768w\" sizes=\"(max-width: 862px) 100vw, 862px\" \/><\/figure>\n\n\n\n<h2 class=\"wp-block-heading\">Tipos de m\u00f3dulos prefabricados por su uso<\/h2>\n\n\n\n<p>Despues de dar una pincelada muy superficial a los tipos de material con los que podemos tener una estructura prefabricada, veamos los principales usos de estos m\u00f3dulos.<\/p>\n\n\n\n<p><strong>Vivienda:<\/strong> Aqu\u00ed tenemos m\u00e1s variedad, en funci\u00f3n de la permanencia temporal que estemos buscando podemos recurrir a cualquiera de los sistemas constructivos. A diferencia de la obra in situ se busca rapidez de ejecuci\u00f3n y calidad en los acabados realizados en taller.<\/p>\n\n\n\n<p><strong>Oficinas:<\/strong> los m\u00f3dulos de oficinas prefabricados son ideales para usos temporales, como eventos, ferias etc. Generalmente se utilizan los m\u00f3dulos con estructura met\u00e1lica ya que soportan perfectamente cargas y descargas sucesivas, manteniendo su integridad en todo momento.<\/p>\n\n\n\n<p><strong>Ba\u00f1o:<\/strong> las casetas de ba\u00f1o prefabricadas suelen ser de materiales m\u00e1s ligeros y en algunos casos est\u00e1n realizadas en una pieza, ya sea alumino, inox o diferentes pl\u00e1sticos, generalmente con estructura met\u00e1lica. Soportan muchas cargas y descargas debido a su eventualidad, sirviendo de apoyo a ferias, conciertos, playas&#8230; <\/p>\n\n\n\n<figure class=\"wp-block-image size-large\"><img data-recalc-dims=\"1\" decoding=\"async\" width=\"856\" height=\"542\" src=\"https:\/\/i0.wp.com\/teoriadeconstruccion.net\/blog\/wp-content\/uploads\/2020\/11\/image-26.png?resize=856%2C542\" alt=\"\" class=\"wp-image-70285\" srcset=\"https:\/\/i0.wp.com\/teoriadeconstruccion.net\/blog\/wp-content\/uploads\/2020\/11\/image-26.png?w=856&amp;ssl=1 856w, https:\/\/i0.wp.com\/teoriadeconstruccion.net\/blog\/wp-content\/uploads\/2020\/11\/image-26.png?resize=300%2C190&amp;ssl=1 300w, https:\/\/i0.wp.com\/teoriadeconstruccion.net\/blog\/wp-content\/uploads\/2020\/11\/image-26.png?resize=768%2C486&amp;ssl=1 768w\" sizes=\"(max-width: 856px) 100vw, 856px\" \/><\/figure>\n\n\n\n<p><strong>Casetas de obra<\/strong>: las m\u00e1s resistentes por definici\u00f3n. Capaces de soportar el ambiente de una obra y las cargas y descargas con material en su interior. Se utilizan tambi\u00e9n como almac\u00e9n durante el per\u00edodo de obra, por lo que tienen que tener un alto grado de seguridad.<\/p>\n\n\n\n<h2 class=\"wp-block-heading\">Acabados exteriores de los m\u00f3dulos prefabricados<\/h2>\n\n\n\n<p>Un m\u00f3dulo ligero seg\u00fan la definici\u00f3n de Del \u00c1guila es aquel en el que se busca la disminuci\u00f3n de peso mediante diversos procedimientos, como la utilizaci\u00f3n de estructuras met\u00e1licas, c\u00e1scaras de pl\u00e1stico o GRC y uso de planchas de materiales ligeros, es decir, metacrilatos, contrachapados de madera, vidrio, chapas met\u00e1licas, PVC, etc. (Del \u00c1guila Garc\u00eda, 2006).<\/p>\n\n\n\n<figure class=\"wp-block-image size-large\"><img data-recalc-dims=\"1\" decoding=\"async\" width=\"754\" height=\"456\" src=\"https:\/\/i0.wp.com\/teoriadeconstruccion.net\/blog\/wp-content\/uploads\/2020\/11\/image-24.png?resize=754%2C456\" alt=\"\" class=\"wp-image-70283\" srcset=\"https:\/\/i0.wp.com\/teoriadeconstruccion.net\/blog\/wp-content\/uploads\/2020\/11\/image-24.png?w=754&amp;ssl=1 754w, https:\/\/i0.wp.com\/teoriadeconstruccion.net\/blog\/wp-content\/uploads\/2020\/11\/image-24.png?resize=300%2C181&amp;ssl=1 300w\" sizes=\"(max-width: 754px) 100vw, 754px\" \/><figcaption>Fuente: Tesis doctoral \u00abConstrucci\u00f3n modular ligera energ\u00e9ticamente eficiente\u00bb , Juan Carlos S\u00e1nchez Gonz\u00e1lez, 2016 <\/figcaption><\/figure>\n","protected":false},"excerpt":{"rendered":"<p>La prefabricaci\u00f3n ya est\u00e1 instaurada como sistema habitual en el que tenemos que pensar como opci\u00f3n para hacernos con unas casas prefabricadas Tobelem o con vol\u00famenes para cualquier uso, oficina, ba\u00f1os, o usos relacionados con cualquier emergencia. En este art\u00edculo hablaremos de tipos de casetas, teniendo en cuenta su material, por un lado, y por&hellip;&nbsp;<a href=\"https:\/\/teoriadeconstruccion.net\/blog\/seleccion-de-construcciones-modulares\/\" rel=\"bookmark\">Leer m\u00e1s &raquo;<span class=\"screen-reader-text\">Selecci\u00f3n de construcciones modulares<\/span><\/a><\/p>\n","protected":false},"author":1,"featured_media":70287,"comment_status":"open","ping_status":"open","sticky":false,"template":"","format":"standard","meta":{"neve_meta_sidebar":"","neve_meta_container":"","neve_meta_enable_content_width":"","neve_meta_content_width":0,"neve_meta_title_alignment":"","neve_meta_author_avatar":"","neve_post_elements_order":"","neve_meta_disable_header":"","neve_meta_disable_footer":"","neve_meta_disable_title":"","jetpack_post_was_ever_published":false,"_jetpack_newsletter_access":"","_jetpack_dont_email_post_to_subs":false,"_jetpack_newsletter_tier_id":0,"_jetpack_memberships_contains_paywalled_content":false,"_jetpack_memberships_contains_paid_content":false,"footnotes":"","jetpack_publicize_message":"","jetpack_publicize_feature_enabled":true,"jetpack_social_post_already_shared":true,"jetpack_social_options":{"image_generator_settings":{"template":"highway","default_image_id":0,"font":"","enabled":false},"version":2}},"categories":[659,133],"tags":[],"class_list":["post-70280","post","type-post","status-publish","format-standard","has-post-thumbnail","hentry","category-caseta-de-obra","category-prefabricado"],"yoast_head":"<!-- This site is optimized with the Yoast SEO plugin v27.5 - https:\/\/yoast.com\/product\/yoast-seo-wordpress\/ -->\n<title>Selecci\u00f3n de construcciones modulares - Teor\u00eda de construcci\u00f3n<\/title>\n<meta name=\"robots\" content=\"index, follow, max-snippet:-1, max-image-preview:large, max-video-preview:-1\" \/>\n<link rel=\"canonical\" href=\"https:\/\/teoriadeconstruccion.net\/blog\/seleccion-de-construcciones-modulares\/\" \/>\n<meta property=\"og:locale\" content=\"es_ES\" \/>\n<meta property=\"og:type\" content=\"article\" \/>\n<meta property=\"og:title\" content=\"Selecci\u00f3n de construcciones modulares - Teor\u00eda de construcci\u00f3n\" \/>\n<meta property=\"og:description\" content=\"La prefabricaci\u00f3n ya est\u00e1 instaurada como sistema habitual en el que tenemos que pensar como opci\u00f3n para hacernos con unas casas prefabricadas Tobelem o con vol\u00famenes para cualquier uso, oficina, ba\u00f1os, o usos relacionados con cualquier emergencia. En este art\u00edculo hablaremos de tipos de casetas, teniendo en cuenta su material, por un lado, y por&hellip;&nbsp;Leer m\u00e1s &raquo;Selecci\u00f3n de construcciones modulares\" \/>\n<meta property=\"og:url\" content=\"https:\/\/teoriadeconstruccion.net\/blog\/seleccion-de-construcciones-modulares\/\" \/>\n<meta property=\"og:site_name\" content=\"Teor\u00eda de construcci\u00f3n\" \/>\n<meta property=\"article:publisher\" content=\"https:\/\/www.facebook.com\/teoriadeconstru\" \/>\n<meta property=\"article:published_time\" content=\"2020-11-26T22:20:49+00:00\" \/>\n<meta property=\"article:modified_time\" content=\"2020-12-14T17:11:49+00:00\" \/>\n<meta property=\"og:image\" content=\"https:\/\/i0.wp.com\/teoriadeconstruccion.net\/blog\/wp-content\/uploads\/2020\/11\/architecture-1477041_1280.jpg?fit=1280%2C720&ssl=1\" \/>\n\t<meta property=\"og:image:width\" content=\"1280\" \/>\n\t<meta property=\"og:image:height\" content=\"720\" \/>\n\t<meta property=\"og:image:type\" content=\"image\/jpeg\" \/>\n<meta name=\"author\" content=\"luissantalla\" \/>\n<meta name=\"twitter:card\" content=\"summary_large_image\" \/>\n<meta name=\"twitter:creator\" content=\"@teoriadeconstru\" \/>\n<meta name=\"twitter:site\" content=\"@teoriadeconstru\" \/>\n<meta name=\"twitter:label1\" content=\"Escrito por\" \/>\n\t<meta name=\"twitter:data1\" content=\"luissantalla\" \/>\n\t<meta name=\"twitter:label2\" content=\"Tiempo de lectura\" \/>\n\t<meta name=\"twitter:data2\" content=\"4 minutos\" \/>\n<script type=\"application\/ld+json\" class=\"yoast-schema-graph\">{\"@context\":\"https:\\\/\\\/schema.org\",\"@graph\":[{\"@type\":\"Article\",\"@id\":\"https:\\\/\\\/teoriadeconstruccion.net\\\/blog\\\/seleccion-de-construcciones-modulares\\\/#article\",\"isPartOf\":{\"@id\":\"https:\\\/\\\/teoriadeconstruccion.net\\\/blog\\\/seleccion-de-construcciones-modulares\\\/\"},\"author\":{\"name\":\"luissantalla\",\"@id\":\"https:\\\/\\\/teoriadeconstruccion.net\\\/blog\\\/#\\\/schema\\\/person\\\/97bc651383e78ac257b38d0846ac73ca\"},\"headline\":\"Selecci\u00f3n de construcciones modulares\",\"datePublished\":\"2020-11-26T22:20:49+00:00\",\"dateModified\":\"2020-12-14T17:11:49+00:00\",\"mainEntityOfPage\":{\"@id\":\"https:\\\/\\\/teoriadeconstruccion.net\\\/blog\\\/seleccion-de-construcciones-modulares\\\/\"},\"wordCount\":804,\"commentCount\":1,\"publisher\":{\"@id\":\"https:\\\/\\\/teoriadeconstruccion.net\\\/blog\\\/#organization\"},\"image\":{\"@id\":\"https:\\\/\\\/teoriadeconstruccion.net\\\/blog\\\/seleccion-de-construcciones-modulares\\\/#primaryimage\"},\"thumbnailUrl\":\"https:\\\/\\\/i0.wp.com\\\/teoriadeconstruccion.net\\\/blog\\\/wp-content\\\/uploads\\\/2020\\\/11\\\/architecture-1477041_1280.jpg?fit=1280%2C720&ssl=1\",\"articleSection\":[\"caseta de obra\",\"prefabricado\"],\"inLanguage\":\"es\",\"potentialAction\":[{\"@type\":\"CommentAction\",\"name\":\"Comment\",\"target\":[\"https:\\\/\\\/teoriadeconstruccion.net\\\/blog\\\/seleccion-de-construcciones-modulares\\\/#respond\"]}]},{\"@type\":\"WebPage\",\"@id\":\"https:\\\/\\\/teoriadeconstruccion.net\\\/blog\\\/seleccion-de-construcciones-modulares\\\/\",\"url\":\"https:\\\/\\\/teoriadeconstruccion.net\\\/blog\\\/seleccion-de-construcciones-modulares\\\/\",\"name\":\"Selecci\u00f3n de construcciones modulares - Teor\u00eda de construcci\u00f3n\",\"isPartOf\":{\"@id\":\"https:\\\/\\\/teoriadeconstruccion.net\\\/blog\\\/#website\"},\"primaryImageOfPage\":{\"@id\":\"https:\\\/\\\/teoriadeconstruccion.net\\\/blog\\\/seleccion-de-construcciones-modulares\\\/#primaryimage\"},\"image\":{\"@id\":\"https:\\\/\\\/teoriadeconstruccion.net\\\/blog\\\/seleccion-de-construcciones-modulares\\\/#primaryimage\"},\"thumbnailUrl\":\"https:\\\/\\\/i0.wp.com\\\/teoriadeconstruccion.net\\\/blog\\\/wp-content\\\/uploads\\\/2020\\\/11\\\/architecture-1477041_1280.jpg?fit=1280%2C720&ssl=1\",\"datePublished\":\"2020-11-26T22:20:49+00:00\",\"dateModified\":\"2020-12-14T17:11:49+00:00\",\"breadcrumb\":{\"@id\":\"https:\\\/\\\/teoriadeconstruccion.net\\\/blog\\\/seleccion-de-construcciones-modulares\\\/#breadcrumb\"},\"inLanguage\":\"es\",\"potentialAction\":[{\"@type\":\"ReadAction\",\"target\":[\"https:\\\/\\\/teoriadeconstruccion.net\\\/blog\\\/seleccion-de-construcciones-modulares\\\/\"]}]},{\"@type\":\"ImageObject\",\"inLanguage\":\"es\",\"@id\":\"https:\\\/\\\/teoriadeconstruccion.net\\\/blog\\\/seleccion-de-construcciones-modulares\\\/#primaryimage\",\"url\":\"https:\\\/\\\/i0.wp.com\\\/teoriadeconstruccion.net\\\/blog\\\/wp-content\\\/uploads\\\/2020\\\/11\\\/architecture-1477041_1280.jpg?fit=1280%2C720&ssl=1\",\"contentUrl\":\"https:\\\/\\\/i0.wp.com\\\/teoriadeconstruccion.net\\\/blog\\\/wp-content\\\/uploads\\\/2020\\\/11\\\/architecture-1477041_1280.jpg?fit=1280%2C720&ssl=1\",\"width\":1280,\"height\":720},{\"@type\":\"BreadcrumbList\",\"@id\":\"https:\\\/\\\/teoriadeconstruccion.net\\\/blog\\\/seleccion-de-construcciones-modulares\\\/#breadcrumb\",\"itemListElement\":[{\"@type\":\"ListItem\",\"position\":1,\"name\":\"Home\",\"item\":\"https:\\\/\\\/teoriadeconstruccion.net\\\/blog\\\/\"},{\"@type\":\"ListItem\",\"position\":2,\"name\":\"Selecci\u00f3n de construcciones modulares\"}]},{\"@type\":\"WebSite\",\"@id\":\"https:\\\/\\\/teoriadeconstruccion.net\\\/blog\\\/#website\",\"url\":\"https:\\\/\\\/teoriadeconstruccion.net\\\/blog\\\/\",\"name\":\"Teor\u00eda de construcci\u00f3n\",\"description\":\"blog sobre construcci\u00f3n, teor\u00eda y aplicaci\u00f3n: materiales, normativa de edificaci\u00f3n, sistemas constructivos.\",\"publisher\":{\"@id\":\"https:\\\/\\\/teoriadeconstruccion.net\\\/blog\\\/#organization\"},\"potentialAction\":[{\"@type\":\"SearchAction\",\"target\":{\"@type\":\"EntryPoint\",\"urlTemplate\":\"https:\\\/\\\/teoriadeconstruccion.net\\\/blog\\\/?s={search_term_string}\"},\"query-input\":{\"@type\":\"PropertyValueSpecification\",\"valueRequired\":true,\"valueName\":\"search_term_string\"}}],\"inLanguage\":\"es\"},{\"@type\":\"Organization\",\"@id\":\"https:\\\/\\\/teoriadeconstruccion.net\\\/blog\\\/#organization\",\"name\":\"teoriadeconstruccion.net\",\"url\":\"https:\\\/\\\/teoriadeconstruccion.net\\\/blog\\\/\",\"logo\":{\"@type\":\"ImageObject\",\"inLanguage\":\"es\",\"@id\":\"https:\\\/\\\/teoriadeconstruccion.net\\\/blog\\\/#\\\/schema\\\/logo\\\/image\\\/\",\"url\":\"https:\\\/\\\/i0.wp.com\\\/teoriadeconstruccion.net\\\/blog\\\/wp-content\\\/uploads\\\/2023\\\/08\\\/cropped-logo-2023-sm.jpg?fit=200%2C128&ssl=1\",\"contentUrl\":\"https:\\\/\\\/i0.wp.com\\\/teoriadeconstruccion.net\\\/blog\\\/wp-content\\\/uploads\\\/2023\\\/08\\\/cropped-logo-2023-sm.jpg?fit=200%2C128&ssl=1\",\"width\":200,\"height\":128,\"caption\":\"teoriadeconstruccion.net\"},\"image\":{\"@id\":\"https:\\\/\\\/teoriadeconstruccion.net\\\/blog\\\/#\\\/schema\\\/logo\\\/image\\\/\"},\"sameAs\":[\"https:\\\/\\\/www.facebook.com\\\/teoriadeconstru\",\"https:\\\/\\\/x.com\\\/teoriadeconstru\"]},{\"@type\":\"Person\",\"@id\":\"https:\\\/\\\/teoriadeconstruccion.net\\\/blog\\\/#\\\/schema\\\/person\\\/97bc651383e78ac257b38d0846ac73ca\",\"name\":\"luissantalla\",\"image\":{\"@type\":\"ImageObject\",\"inLanguage\":\"es\",\"@id\":\"https:\\\/\\\/secure.gravatar.com\\\/avatar\\\/56886681d0d1ff9e199d6a1ad65d5b0ca705679d1dc9d88d9e63a5e7baaf36c2?s=96&d=mm&r=g\",\"url\":\"https:\\\/\\\/secure.gravatar.com\\\/avatar\\\/56886681d0d1ff9e199d6a1ad65d5b0ca705679d1dc9d88d9e63a5e7baaf36c2?s=96&d=mm&r=g\",\"contentUrl\":\"https:\\\/\\\/secure.gravatar.com\\\/avatar\\\/56886681d0d1ff9e199d6a1ad65d5b0ca705679d1dc9d88d9e63a5e7baaf36c2?s=96&d=mm&r=g\",\"caption\":\"luissantalla\"},\"description\":\"Luis M Santalla Blanco . Director de teoriadeconstruccion.net, autor en blogs como arquitecturadegalicia.eu. Socio del estudio FLU-OR Arquitectura . ver m\u00e1s sobre el autor\",\"url\":\"https:\\\/\\\/teoriadeconstruccion.net\\\/blog\\\/author\\\/luissantalla\\\/\"}]}<\/script>\n<!-- \/ Yoast SEO plugin. -->","yoast_head_json":{"title":"Selecci\u00f3n de construcciones modulares - Teor\u00eda de construcci\u00f3n","robots":{"index":"index","follow":"follow","max-snippet":"max-snippet:-1","max-image-preview":"max-image-preview:large","max-video-preview":"max-video-preview:-1"},"canonical":"https:\/\/teoriadeconstruccion.net\/blog\/seleccion-de-construcciones-modulares\/","og_locale":"es_ES","og_type":"article","og_title":"Selecci\u00f3n de construcciones modulares - Teor\u00eda de construcci\u00f3n","og_description":"La prefabricaci\u00f3n ya est\u00e1 instaurada como sistema habitual en el que tenemos que pensar como opci\u00f3n para hacernos con unas casas prefabricadas Tobelem o con vol\u00famenes para cualquier uso, oficina, ba\u00f1os, o usos relacionados con cualquier emergencia. En este art\u00edculo hablaremos de tipos de casetas, teniendo en cuenta su material, por un lado, y por&hellip;&nbsp;Leer m\u00e1s &raquo;Selecci\u00f3n de construcciones modulares","og_url":"https:\/\/teoriadeconstruccion.net\/blog\/seleccion-de-construcciones-modulares\/","og_site_name":"Teor\u00eda de construcci\u00f3n","article_publisher":"https:\/\/www.facebook.com\/teoriadeconstru","article_published_time":"2020-11-26T22:20:49+00:00","article_modified_time":"2020-12-14T17:11:49+00:00","og_image":[{"width":1280,"height":720,"url":"https:\/\/i0.wp.com\/teoriadeconstruccion.net\/blog\/wp-content\/uploads\/2020\/11\/architecture-1477041_1280.jpg?fit=1280%2C720&ssl=1","type":"image\/jpeg"}],"author":"luissantalla","twitter_card":"summary_large_image","twitter_creator":"@teoriadeconstru","twitter_site":"@teoriadeconstru","twitter_misc":{"Escrito por":"luissantalla","Tiempo de lectura":"4 minutos"},"schema":{"@context":"https:\/\/schema.org","@graph":[{"@type":"Article","@id":"https:\/\/teoriadeconstruccion.net\/blog\/seleccion-de-construcciones-modulares\/#article","isPartOf":{"@id":"https:\/\/teoriadeconstruccion.net\/blog\/seleccion-de-construcciones-modulares\/"},"author":{"name":"luissantalla","@id":"https:\/\/teoriadeconstruccion.net\/blog\/#\/schema\/person\/97bc651383e78ac257b38d0846ac73ca"},"headline":"Selecci\u00f3n de construcciones modulares","datePublished":"2020-11-26T22:20:49+00:00","dateModified":"2020-12-14T17:11:49+00:00","mainEntityOfPage":{"@id":"https:\/\/teoriadeconstruccion.net\/blog\/seleccion-de-construcciones-modulares\/"},"wordCount":804,"commentCount":1,"publisher":{"@id":"https:\/\/teoriadeconstruccion.net\/blog\/#organization"},"image":{"@id":"https:\/\/teoriadeconstruccion.net\/blog\/seleccion-de-construcciones-modulares\/#primaryimage"},"thumbnailUrl":"https:\/\/i0.wp.com\/teoriadeconstruccion.net\/blog\/wp-content\/uploads\/2020\/11\/architecture-1477041_1280.jpg?fit=1280%2C720&ssl=1","articleSection":["caseta de obra","prefabricado"],"inLanguage":"es","potentialAction":[{"@type":"CommentAction","name":"Comment","target":["https:\/\/teoriadeconstruccion.net\/blog\/seleccion-de-construcciones-modulares\/#respond"]}]},{"@type":"WebPage","@id":"https:\/\/teoriadeconstruccion.net\/blog\/seleccion-de-construcciones-modulares\/","url":"https:\/\/teoriadeconstruccion.net\/blog\/seleccion-de-construcciones-modulares\/","name":"Selecci\u00f3n de construcciones modulares - Teor\u00eda de construcci\u00f3n","isPartOf":{"@id":"https:\/\/teoriadeconstruccion.net\/blog\/#website"},"primaryImageOfPage":{"@id":"https:\/\/teoriadeconstruccion.net\/blog\/seleccion-de-construcciones-modulares\/#primaryimage"},"image":{"@id":"https:\/\/teoriadeconstruccion.net\/blog\/seleccion-de-construcciones-modulares\/#primaryimage"},"thumbnailUrl":"https:\/\/i0.wp.com\/teoriadeconstruccion.net\/blog\/wp-content\/uploads\/2020\/11\/architecture-1477041_1280.jpg?fit=1280%2C720&ssl=1","datePublished":"2020-11-26T22:20:49+00:00","dateModified":"2020-12-14T17:11:49+00:00","breadcrumb":{"@id":"https:\/\/teoriadeconstruccion.net\/blog\/seleccion-de-construcciones-modulares\/#breadcrumb"},"inLanguage":"es","potentialAction":[{"@type":"ReadAction","target":["https:\/\/teoriadeconstruccion.net\/blog\/seleccion-de-construcciones-modulares\/"]}]},{"@type":"ImageObject","inLanguage":"es","@id":"https:\/\/teoriadeconstruccion.net\/blog\/seleccion-de-construcciones-modulares\/#primaryimage","url":"https:\/\/i0.wp.com\/teoriadeconstruccion.net\/blog\/wp-content\/uploads\/2020\/11\/architecture-1477041_1280.jpg?fit=1280%2C720&ssl=1","contentUrl":"https:\/\/i0.wp.com\/teoriadeconstruccion.net\/blog\/wp-content\/uploads\/2020\/11\/architecture-1477041_1280.jpg?fit=1280%2C720&ssl=1","width":1280,"height":720},{"@type":"BreadcrumbList","@id":"https:\/\/teoriadeconstruccion.net\/blog\/seleccion-de-construcciones-modulares\/#breadcrumb","itemListElement":[{"@type":"ListItem","position":1,"name":"Home","item":"https:\/\/teoriadeconstruccion.net\/blog\/"},{"@type":"ListItem","position":2,"name":"Selecci\u00f3n de construcciones modulares"}]},{"@type":"WebSite","@id":"https:\/\/teoriadeconstruccion.net\/blog\/#website","url":"https:\/\/teoriadeconstruccion.net\/blog\/","name":"Teor\u00eda de construcci\u00f3n","description":"blog sobre construcci\u00f3n, teor\u00eda y aplicaci\u00f3n: materiales, normativa de edificaci\u00f3n, sistemas constructivos.","publisher":{"@id":"https:\/\/teoriadeconstruccion.net\/blog\/#organization"},"potentialAction":[{"@type":"SearchAction","target":{"@type":"EntryPoint","urlTemplate":"https:\/\/teoriadeconstruccion.net\/blog\/?s={search_term_string}"},"query-input":{"@type":"PropertyValueSpecification","valueRequired":true,"valueName":"search_term_string"}}],"inLanguage":"es"},{"@type":"Organization","@id":"https:\/\/teoriadeconstruccion.net\/blog\/#organization","name":"teoriadeconstruccion.net","url":"https:\/\/teoriadeconstruccion.net\/blog\/","logo":{"@type":"ImageObject","inLanguage":"es","@id":"https:\/\/teoriadeconstruccion.net\/blog\/#\/schema\/logo\/image\/","url":"https:\/\/i0.wp.com\/teoriadeconstruccion.net\/blog\/wp-content\/uploads\/2023\/08\/cropped-logo-2023-sm.jpg?fit=200%2C128&ssl=1","contentUrl":"https:\/\/i0.wp.com\/teoriadeconstruccion.net\/blog\/wp-content\/uploads\/2023\/08\/cropped-logo-2023-sm.jpg?fit=200%2C128&ssl=1","width":200,"height":128,"caption":"teoriadeconstruccion.net"},"image":{"@id":"https:\/\/teoriadeconstruccion.net\/blog\/#\/schema\/logo\/image\/"},"sameAs":["https:\/\/www.facebook.com\/teoriadeconstru","https:\/\/x.com\/teoriadeconstru"]},{"@type":"Person","@id":"https:\/\/teoriadeconstruccion.net\/blog\/#\/schema\/person\/97bc651383e78ac257b38d0846ac73ca","name":"luissantalla","image":{"@type":"ImageObject","inLanguage":"es","@id":"https:\/\/secure.gravatar.com\/avatar\/56886681d0d1ff9e199d6a1ad65d5b0ca705679d1dc9d88d9e63a5e7baaf36c2?s=96&d=mm&r=g","url":"https:\/\/secure.gravatar.com\/avatar\/56886681d0d1ff9e199d6a1ad65d5b0ca705679d1dc9d88d9e63a5e7baaf36c2?s=96&d=mm&r=g","contentUrl":"https:\/\/secure.gravatar.com\/avatar\/56886681d0d1ff9e199d6a1ad65d5b0ca705679d1dc9d88d9e63a5e7baaf36c2?s=96&d=mm&r=g","caption":"luissantalla"},"description":"Luis M Santalla Blanco . Director de teoriadeconstruccion.net, autor en blogs como arquitecturadegalicia.eu. Socio del estudio FLU-OR Arquitectura . ver m\u00e1s sobre el autor","url":"https:\/\/teoriadeconstruccion.net\/blog\/author\/luissantalla\/"}]}},"jetpack_publicize_connections":[],"jetpack_featured_media_url":"https:\/\/i0.wp.com\/teoriadeconstruccion.net\/blog\/wp-content\/uploads\/2020\/11\/architecture-1477041_1280.jpg?fit=1280%2C720&ssl=1","jetpack_shortlink":"https:\/\/wp.me\/p3diCd-ihy","jetpack_sharing_enabled":true,"_links":{"self":[{"href":"https:\/\/teoriadeconstruccion.net\/blog\/wp-json\/wp\/v2\/posts\/70280","targetHints":{"allow":["GET"]}}],"collection":[{"href":"https:\/\/teoriadeconstruccion.net\/blog\/wp-json\/wp\/v2\/posts"}],"about":[{"href":"https:\/\/teoriadeconstruccion.net\/blog\/wp-json\/wp\/v2\/types\/post"}],"author":[{"embeddable":true,"href":"https:\/\/teoriadeconstruccion.net\/blog\/wp-json\/wp\/v2\/users\/1"}],"replies":[{"embeddable":true,"href":"https:\/\/teoriadeconstruccion.net\/blog\/wp-json\/wp\/v2\/comments?post=70280"}],"version-history":[{"count":0,"href":"https:\/\/teoriadeconstruccion.net\/blog\/wp-json\/wp\/v2\/posts\/70280\/revisions"}],"wp:featuredmedia":[{"embeddable":true,"href":"https:\/\/teoriadeconstruccion.net\/blog\/wp-json\/wp\/v2\/media\/70287"}],"wp:attachment":[{"href":"https:\/\/teoriadeconstruccion.net\/blog\/wp-json\/wp\/v2\/media?parent=70280"}],"wp:term":[{"taxonomy":"category","embeddable":true,"href":"https:\/\/teoriadeconstruccion.net\/blog\/wp-json\/wp\/v2\/categories?post=70280"},{"taxonomy":"post_tag","embeddable":true,"href":"https:\/\/teoriadeconstruccion.net\/blog\/wp-json\/wp\/v2\/tags?post=70280"}],"curies":[{"name":"wp","href":"https:\/\/api.w.org\/{rel}","templated":true}]}}