{"id":70045,"date":"2020-07-21T20:59:36","date_gmt":"2020-07-21T19:59:36","guid":{"rendered":"http:\/\/teoriadeconstruccion.net\/blog\/?p=70045"},"modified":"2020-07-21T20:59:45","modified_gmt":"2020-07-21T19:59:45","slug":"especial-vacaciones-blablacar-a-ronchamp","status":"publish","type":"post","link":"https:\/\/teoriadeconstruccion.net\/blog\/especial-vacaciones-blablacar-a-ronchamp\/","title":{"rendered":"Especial vacaciones: Blablacar a Ronchamp"},"content":{"rendered":"\n<p>\u00bfEst\u00e1s preparando la m\u00fasica para salir de viaje? Un momento! tengo algo que contarte!<\/p>\n\n\n\n<p>Saenz de Oiza dec\u00eda que no te puedes morir sin ir a Ronchamp pero Manu Barba, Nuria Prieto y Adri\u00e1n Gonz\u00e1lez no ten\u00edan ni idea de esto cuando decidieron estrujarse en un biscuter para hablar. Blablacar a Ronchamp, arquitectura marcha atr\u00e1s, es el podcast para todo el mundo, en el que descubren, incitan, explican y divierten hablando de temas tangenciales de la arquitectura.<\/p>\n\n\n\n<p>Imag\u00ednate subir un biscuter y salir a la feria de Ronchamp, pasando por pueblos tan fant\u00e1sticos como San Mart\u00edn del Pimpollar. Estos tres magn\u00edficos compa\u00f1eros te invitan a escuchar sus charlas a bordo de este magn\u00edfico veh\u00edculo, con cap\u00edtulos largos para sentirte acompa\u00f1ado durante tus viajes, y con paradas puntuales m\u00e1s cortas en las estaciones de servicio.<\/p>\n\n\n\n<figure class=\"wp-block-image size-large\"><img data-recalc-dims=\"1\" decoding=\"async\" width=\"941\" height=\"932\" src=\"https:\/\/i0.wp.com\/teoriadeconstruccion.net\/blog\/wp-content\/uploads\/2020\/07\/image-9.png?resize=941%2C932\" alt=\"\" class=\"wp-image-70046\" srcset=\"https:\/\/i0.wp.com\/teoriadeconstruccion.net\/blog\/wp-content\/uploads\/2020\/07\/image-9.png?w=941&amp;ssl=1 941w, https:\/\/i0.wp.com\/teoriadeconstruccion.net\/blog\/wp-content\/uploads\/2020\/07\/image-9.png?resize=300%2C297&amp;ssl=1 300w, https:\/\/i0.wp.com\/teoriadeconstruccion.net\/blog\/wp-content\/uploads\/2020\/07\/image-9.png?resize=150%2C150&amp;ssl=1 150w, https:\/\/i0.wp.com\/teoriadeconstruccion.net\/blog\/wp-content\/uploads\/2020\/07\/image-9.png?resize=768%2C761&amp;ssl=1 768w\" sizes=\"(max-width: 941px) 100vw, 941px\" \/><figcaption><a href=\"https:\/\/www.ivoox.com\/podcast-blablacar-a-ronchamp_sq_f1799015_1.html\" target=\"_blank\" rel=\"noreferrer noopener\">escucha los cap\u00edtulos en IVOOX<\/a><\/figcaption><\/figure>\n\n\n\n<h2 class=\"wp-block-heading\">Cap\u00edtulos recientes de Blablacar a Ronchamp<\/h2>\n\n\n\n<p><a href=\"https:\/\/www.ivoox.com\/t01-cap01-le-corbusier-berenjena-del-whatsapp-audios-mp3_rf_44061808_1.html\">T01.Cap01 Le Corbusier y la berenjena del Whatsapp\u00a0<\/a><\/p>\n\n\n\n<p><a href=\"https:\/\/www.ivoox.com\/t01-cap02-schindler-neutra-fiebre-del-orgon-audios-mp3_rf_45095894_1.html\">T01.Cap02 Schindler, Neutra y la fiebre del Orgon\u00a0<\/a><\/p>\n\n\n\n<p><a href=\"https:\/\/www.ivoox.com\/t01-cap03-arquitectos-escriben-movidas-audios-mp3_rf_47322550_1.html\">T01.Cap03 Arquitectos que escriben movidas\u00a0<\/a><\/p>\n\n\n\n<p><a href=\"https:\/\/www.ivoox.com\/t01-cap04-confinados-casa-audios-mp3_rf_50687583_1.html\">T01. Cap04 Confinados en una casa\u00a0<\/a><\/p>\n\n\n\n<p><a href=\"https:\/\/www.ivoox.com\/t01-cap05-parasitos-jaume-prat-audios-mp3_rf_51778182_1.html\">T01. Cap05 Par\u00e1sitos con Jaume Prat\u00a0<\/a><\/p>\n\n\n\n<p><a href=\"https:\/\/www.ivoox.com\/t01-cap-06-the-fernando-higueras-experience-i-audios-mp3_rf_54152262_1.html\">T01. Cap 06 The Fernando Higueras Experience I\u00a0<\/a><\/p>\n\n\n\n<h2 class=\"wp-block-heading\">Los autores<\/h2>\n\n\n\n<p>Podr\u00eda definir a las voces por aquello que han hecho, y por todo lo que son capaces de hacer. Compa\u00f1eros de carrera, amigos por casualidad, colegas de estudio&#8230; que terminan por ser uno m\u00e1s del viaje.<\/p>\n\n\n\n<p>Os dejo sus cap\u00edtulos en IVOOX y los enlaces a sus webs particulares. Comprobar\u00e1s que son mucho m\u00e1s que tres voces, tienen mucho m\u00e1s que decir con su trabajo, sus art\u00edculos y sus exposiciones.<\/p>\n\n\n\n<ul class=\"wp-block-list\"><li><a rel=\"noreferrer noopener\" href=\"http:\/\/nuriaprieto.es\/about\/\" target=\"_blank\">Nuria Prieto<\/a><\/li><li><a rel=\"noreferrer noopener\" href=\"https:\/\/www.manubarba.com\/\" target=\"_blank\">Manu Barba<\/a><\/li><li><a rel=\"noreferrer noopener\" href=\"https:\/\/leonlewbaum.com\/objetos.html\" target=\"_blank\">Adri\u00e1n Gonz\u00e1lez<\/a><\/li><\/ul>\n\n\n\n<p>Descubrir\u00e1s que son arquitectos que hacen cosas, mucho m\u00e1s que lo que entendemos por arquitectura. En la web de <strong>Adri\u00e1n<\/strong> podr\u00e1s encontrarte dentro de su trabajo piezas esquisitas, con cobre, lat\u00f3n, m\u00e1rmol, espejos&#8230; <\/p>\n\n\n\n<figure class=\"wp-block-image size-large\"><a href=\"https:\/\/www.instagram.com\/leonlewbaum\/\"><img data-recalc-dims=\"1\" decoding=\"async\" width=\"600\" height=\"600\" src=\"https:\/\/i0.wp.com\/teoriadeconstruccion.net\/blog\/wp-content\/uploads\/2020\/07\/banqueta1_2.jpg?resize=600%2C600\" alt=\"\" class=\"wp-image-70048\" srcset=\"https:\/\/i0.wp.com\/teoriadeconstruccion.net\/blog\/wp-content\/uploads\/2020\/07\/banqueta1_2.jpg?w=600&amp;ssl=1 600w, https:\/\/i0.wp.com\/teoriadeconstruccion.net\/blog\/wp-content\/uploads\/2020\/07\/banqueta1_2.jpg?resize=300%2C300&amp;ssl=1 300w, https:\/\/i0.wp.com\/teoriadeconstruccion.net\/blog\/wp-content\/uploads\/2020\/07\/banqueta1_2.jpg?resize=150%2C150&amp;ssl=1 150w\" sizes=\"(max-width: 600px) 100vw, 600px\" \/><\/a><figcaption><a href=\"https:\/\/www.instagram.com\/leonlewbaum\/\" target=\"_blank\" rel=\"noreferrer noopener\">puedes ver m\u00e1s en su instagram<\/a><\/figcaption><\/figure>\n\n\n\n<p>Si investigas un poco el trabajo de <strong>Manu Barba<\/strong>, descubrir\u00e1s que puede llevarte hasta los rincones m\u00e1s especiales de la Alhambra, de la cual es gu\u00eda tur\u00edstico con licencia oficial, adem\u00e1s de ser un gran orador y multi-tarea. <\/p>\n\n\n\n<figure class=\"wp-block-image size-large\"><a href=\"https:\/\/www.manubarba.com\/\"><img data-recalc-dims=\"1\" decoding=\"async\" width=\"678\" height=\"528\" src=\"https:\/\/i0.wp.com\/teoriadeconstruccion.net\/blog\/wp-content\/uploads\/2020\/07\/image-10.png?resize=678%2C528\" alt=\"\" class=\"wp-image-70049\" srcset=\"https:\/\/i0.wp.com\/teoriadeconstruccion.net\/blog\/wp-content\/uploads\/2020\/07\/image-10.png?w=678&amp;ssl=1 678w, https:\/\/i0.wp.com\/teoriadeconstruccion.net\/blog\/wp-content\/uploads\/2020\/07\/image-10.png?resize=300%2C234&amp;ssl=1 300w\" sizes=\"(max-width: 678px) 100vw, 678px\" \/><\/a><figcaption><a rel=\"noreferrer noopener\" href=\"https:\/\/www.manubarba.com\/\" target=\"_blank\">ver m\u00e1s sobre Manu Barba<\/a><\/figcaption><\/figure>\n\n\n\n<p>Nuria Prieto es una doctora arquitecta, con calificaci\u00f3n Cum Laude por su tesis  \u201cJos\u00e9 Miguel de Prada Poole: Arquitectura y proyecto [Contracultura espa\u00f1ola, Arquitectura en la vanguardia y Utop\u00eda construible]\u201d Escribe habitualmente en el diario Quincemil y es redactora en Tect\u00f3nicablog.  Su obra tambi\u00e9n ha sido publicada en AAAA magazine, Engawa, Arquitectura Viva&#8230; y tabmi\u00e9n ha formado parte del equipo a cargo de la inciativa REConstruye la Roiba (Madrid-Coru\u00f1a, 2014), que ha llevado al desarrollo de una campa\u00f1a de crowdfunding (la primera en el \u00e1mbito arquitect\u00f3nico espa\u00f1ol) para salvar la obra del arquitecto moderno Ram\u00f3n V\u00e1zquez Molez\u00fan.<\/p>\n\n\n\n<div class=\"wp-block-image\"><figure class=\"aligncenter\"><img data-recalc-dims=\"1\" decoding=\"async\" src=\"https:\/\/i0.wp.com\/nuriaprieto.es\/wp-content\/uploads\/2014\/05\/tripticofit.jpg?w=1200\" alt=\"tripticofit\" class=\"wp-image-47\"\/><figcaption><a href=\"http:\/\/nuriaprieto.es\/about\/\" target=\"_blank\" rel=\"noreferrer noopener\">ver m\u00e1s sobre Nuria Prieto<\/a><\/figcaption><\/figure><\/div>\n\n\n\n<p><\/p>\n\n\n\n<p><\/p>\n","protected":false},"excerpt":{"rendered":"<p>\u00bfEst\u00e1s preparando la m\u00fasica para salir de viaje? Un momento! tengo algo que contarte! Saenz de Oiza dec\u00eda que no te puedes morir sin ir a Ronchamp pero Manu Barba, Nuria Prieto y Adri\u00e1n Gonz\u00e1lez no ten\u00edan ni idea de esto cuando decidieron estrujarse en un biscuter para hablar. Blablacar a Ronchamp, arquitectura marcha atr\u00e1s,&hellip;&nbsp;<a href=\"https:\/\/teoriadeconstruccion.net\/blog\/especial-vacaciones-blablacar-a-ronchamp\/\" rel=\"bookmark\">Leer m\u00e1s &raquo;<span class=\"screen-reader-text\">Especial vacaciones: Blablacar a Ronchamp<\/span><\/a><\/p>\n","protected":false},"author":1,"featured_media":70050,"comment_status":"open","ping_status":"open","sticky":false,"template":"","format":"standard","meta":{"neve_meta_sidebar":"","neve_meta_container":"","neve_meta_enable_content_width":"","neve_meta_content_width":0,"neve_meta_title_alignment":"","neve_meta_author_avatar":"","neve_post_elements_order":"","neve_meta_disable_header":"","neve_meta_disable_footer":"","neve_meta_disable_title":"","jetpack_post_was_ever_published":false,"_jetpack_newsletter_access":"","_jetpack_dont_email_post_to_subs":false,"_jetpack_newsletter_tier_id":0,"_jetpack_memberships_contains_paywalled_content":false,"_jetpack_memberships_contains_paid_content":false,"footnotes":"","jetpack_publicize_message":"","jetpack_publicize_feature_enabled":true,"jetpack_social_post_already_shared":true,"jetpack_social_options":{"image_generator_settings":{"template":"highway","default_image_id":0,"font":"","enabled":false},"version":2}},"categories":[690,689],"tags":[],"class_list":["post-70045","post","type-post","status-publish","format-standard","has-post-thumbnail","hentry","category-arquitectura","category-podcast"],"yoast_head":"<!-- This site is optimized with the Yoast SEO plugin v27.5 - https:\/\/yoast.com\/product\/yoast-seo-wordpress\/ -->\n<title>Especial vacaciones: Blablacar a Ronchamp - Teor\u00eda de construcci\u00f3n<\/title>\n<meta name=\"robots\" content=\"index, follow, max-snippet:-1, max-image-preview:large, max-video-preview:-1\" \/>\n<link rel=\"canonical\" href=\"https:\/\/teoriadeconstruccion.net\/blog\/especial-vacaciones-blablacar-a-ronchamp\/\" \/>\n<meta property=\"og:locale\" content=\"es_ES\" \/>\n<meta property=\"og:type\" content=\"article\" \/>\n<meta property=\"og:title\" content=\"Especial vacaciones: Blablacar a Ronchamp - Teor\u00eda de construcci\u00f3n\" \/>\n<meta property=\"og:description\" content=\"\u00bfEst\u00e1s preparando la m\u00fasica para salir de viaje? Un momento! tengo algo que contarte! Saenz de Oiza dec\u00eda que no te puedes morir sin ir a Ronchamp pero Manu Barba, Nuria Prieto y Adri\u00e1n Gonz\u00e1lez no ten\u00edan ni idea de esto cuando decidieron estrujarse en un biscuter para hablar. Blablacar a Ronchamp, arquitectura marcha atr\u00e1s,&hellip;&nbsp;Leer m\u00e1s &raquo;Especial vacaciones: Blablacar a Ronchamp\" \/>\n<meta property=\"og:url\" content=\"https:\/\/teoriadeconstruccion.net\/blog\/especial-vacaciones-blablacar-a-ronchamp\/\" \/>\n<meta property=\"og:site_name\" content=\"Teor\u00eda de construcci\u00f3n\" \/>\n<meta property=\"article:publisher\" content=\"https:\/\/www.facebook.com\/teoriadeconstru\" \/>\n<meta property=\"article:published_time\" content=\"2020-07-21T19:59:36+00:00\" \/>\n<meta property=\"article:modified_time\" content=\"2020-07-21T19:59:45+00:00\" \/>\n<meta property=\"og:image\" content=\"https:\/\/i1.wp.com\/teoriadeconstruccion.net\/blog\/wp-content\/uploads\/2020\/07\/blablacar-a-ronchamp.jpg?fit=848%2C313&ssl=1\" \/>\n\t<meta property=\"og:image:width\" content=\"848\" \/>\n\t<meta property=\"og:image:height\" content=\"313\" \/>\n\t<meta property=\"og:image:type\" content=\"image\/jpeg\" \/>\n<meta name=\"author\" content=\"luissantalla\" \/>\n<meta name=\"twitter:card\" content=\"summary_large_image\" \/>\n<meta name=\"twitter:creator\" content=\"@teoriadeconstru\" \/>\n<meta name=\"twitter:site\" content=\"@teoriadeconstru\" \/>\n<meta name=\"twitter:label1\" content=\"Escrito por\" \/>\n\t<meta name=\"twitter:data1\" content=\"luissantalla\" \/>\n\t<meta name=\"twitter:label2\" content=\"Tiempo de lectura\" \/>\n\t<meta name=\"twitter:data2\" content=\"3 minutos\" \/>\n<script type=\"application\/ld+json\" class=\"yoast-schema-graph\">{\"@context\":\"https:\\\/\\\/schema.org\",\"@graph\":[{\"@type\":\"Article\",\"@id\":\"https:\\\/\\\/teoriadeconstruccion.net\\\/blog\\\/especial-vacaciones-blablacar-a-ronchamp\\\/#article\",\"isPartOf\":{\"@id\":\"https:\\\/\\\/teoriadeconstruccion.net\\\/blog\\\/especial-vacaciones-blablacar-a-ronchamp\\\/\"},\"author\":{\"name\":\"luissantalla\",\"@id\":\"https:\\\/\\\/teoriadeconstruccion.net\\\/blog\\\/#\\\/schema\\\/person\\\/97bc651383e78ac257b38d0846ac73ca\"},\"headline\":\"Especial vacaciones: Blablacar a Ronchamp\",\"datePublished\":\"2020-07-21T19:59:36+00:00\",\"dateModified\":\"2020-07-21T19:59:45+00:00\",\"mainEntityOfPage\":{\"@id\":\"https:\\\/\\\/teoriadeconstruccion.net\\\/blog\\\/especial-vacaciones-blablacar-a-ronchamp\\\/\"},\"wordCount\":511,\"commentCount\":0,\"publisher\":{\"@id\":\"https:\\\/\\\/teoriadeconstruccion.net\\\/blog\\\/#organization\"},\"image\":{\"@id\":\"https:\\\/\\\/teoriadeconstruccion.net\\\/blog\\\/especial-vacaciones-blablacar-a-ronchamp\\\/#primaryimage\"},\"thumbnailUrl\":\"https:\\\/\\\/i0.wp.com\\\/teoriadeconstruccion.net\\\/blog\\\/wp-content\\\/uploads\\\/2020\\\/07\\\/blablacar-a-ronchamp.jpg?fit=848%2C313&ssl=1\",\"articleSection\":[\"arquitectura\",\"podcast\"],\"inLanguage\":\"es\",\"potentialAction\":[{\"@type\":\"CommentAction\",\"name\":\"Comment\",\"target\":[\"https:\\\/\\\/teoriadeconstruccion.net\\\/blog\\\/especial-vacaciones-blablacar-a-ronchamp\\\/#respond\"]}]},{\"@type\":\"WebPage\",\"@id\":\"https:\\\/\\\/teoriadeconstruccion.net\\\/blog\\\/especial-vacaciones-blablacar-a-ronchamp\\\/\",\"url\":\"https:\\\/\\\/teoriadeconstruccion.net\\\/blog\\\/especial-vacaciones-blablacar-a-ronchamp\\\/\",\"name\":\"Especial vacaciones: Blablacar a Ronchamp - Teor\u00eda de construcci\u00f3n\",\"isPartOf\":{\"@id\":\"https:\\\/\\\/teoriadeconstruccion.net\\\/blog\\\/#website\"},\"primaryImageOfPage\":{\"@id\":\"https:\\\/\\\/teoriadeconstruccion.net\\\/blog\\\/especial-vacaciones-blablacar-a-ronchamp\\\/#primaryimage\"},\"image\":{\"@id\":\"https:\\\/\\\/teoriadeconstruccion.net\\\/blog\\\/especial-vacaciones-blablacar-a-ronchamp\\\/#primaryimage\"},\"thumbnailUrl\":\"https:\\\/\\\/i0.wp.com\\\/teoriadeconstruccion.net\\\/blog\\\/wp-content\\\/uploads\\\/2020\\\/07\\\/blablacar-a-ronchamp.jpg?fit=848%2C313&ssl=1\",\"datePublished\":\"2020-07-21T19:59:36+00:00\",\"dateModified\":\"2020-07-21T19:59:45+00:00\",\"breadcrumb\":{\"@id\":\"https:\\\/\\\/teoriadeconstruccion.net\\\/blog\\\/especial-vacaciones-blablacar-a-ronchamp\\\/#breadcrumb\"},\"inLanguage\":\"es\",\"potentialAction\":[{\"@type\":\"ReadAction\",\"target\":[\"https:\\\/\\\/teoriadeconstruccion.net\\\/blog\\\/especial-vacaciones-blablacar-a-ronchamp\\\/\"]}]},{\"@type\":\"ImageObject\",\"inLanguage\":\"es\",\"@id\":\"https:\\\/\\\/teoriadeconstruccion.net\\\/blog\\\/especial-vacaciones-blablacar-a-ronchamp\\\/#primaryimage\",\"url\":\"https:\\\/\\\/i0.wp.com\\\/teoriadeconstruccion.net\\\/blog\\\/wp-content\\\/uploads\\\/2020\\\/07\\\/blablacar-a-ronchamp.jpg?fit=848%2C313&ssl=1\",\"contentUrl\":\"https:\\\/\\\/i0.wp.com\\\/teoriadeconstruccion.net\\\/blog\\\/wp-content\\\/uploads\\\/2020\\\/07\\\/blablacar-a-ronchamp.jpg?fit=848%2C313&ssl=1\",\"width\":848,\"height\":313},{\"@type\":\"BreadcrumbList\",\"@id\":\"https:\\\/\\\/teoriadeconstruccion.net\\\/blog\\\/especial-vacaciones-blablacar-a-ronchamp\\\/#breadcrumb\",\"itemListElement\":[{\"@type\":\"ListItem\",\"position\":1,\"name\":\"Home\",\"item\":\"https:\\\/\\\/teoriadeconstruccion.net\\\/blog\\\/\"},{\"@type\":\"ListItem\",\"position\":2,\"name\":\"Especial vacaciones: Blablacar a Ronchamp\"}]},{\"@type\":\"WebSite\",\"@id\":\"https:\\\/\\\/teoriadeconstruccion.net\\\/blog\\\/#website\",\"url\":\"https:\\\/\\\/teoriadeconstruccion.net\\\/blog\\\/\",\"name\":\"Teor\u00eda de construcci\u00f3n\",\"description\":\"blog sobre construcci\u00f3n, teor\u00eda y aplicaci\u00f3n: materiales, normativa de edificaci\u00f3n, sistemas constructivos.\",\"publisher\":{\"@id\":\"https:\\\/\\\/teoriadeconstruccion.net\\\/blog\\\/#organization\"},\"potentialAction\":[{\"@type\":\"SearchAction\",\"target\":{\"@type\":\"EntryPoint\",\"urlTemplate\":\"https:\\\/\\\/teoriadeconstruccion.net\\\/blog\\\/?s={search_term_string}\"},\"query-input\":{\"@type\":\"PropertyValueSpecification\",\"valueRequired\":true,\"valueName\":\"search_term_string\"}}],\"inLanguage\":\"es\"},{\"@type\":\"Organization\",\"@id\":\"https:\\\/\\\/teoriadeconstruccion.net\\\/blog\\\/#organization\",\"name\":\"teoriadeconstruccion.net\",\"url\":\"https:\\\/\\\/teoriadeconstruccion.net\\\/blog\\\/\",\"logo\":{\"@type\":\"ImageObject\",\"inLanguage\":\"es\",\"@id\":\"https:\\\/\\\/teoriadeconstruccion.net\\\/blog\\\/#\\\/schema\\\/logo\\\/image\\\/\",\"url\":\"https:\\\/\\\/i0.wp.com\\\/teoriadeconstruccion.net\\\/blog\\\/wp-content\\\/uploads\\\/2023\\\/08\\\/cropped-logo-2023-sm.jpg?fit=200%2C128&ssl=1\",\"contentUrl\":\"https:\\\/\\\/i0.wp.com\\\/teoriadeconstruccion.net\\\/blog\\\/wp-content\\\/uploads\\\/2023\\\/08\\\/cropped-logo-2023-sm.jpg?fit=200%2C128&ssl=1\",\"width\":200,\"height\":128,\"caption\":\"teoriadeconstruccion.net\"},\"image\":{\"@id\":\"https:\\\/\\\/teoriadeconstruccion.net\\\/blog\\\/#\\\/schema\\\/logo\\\/image\\\/\"},\"sameAs\":[\"https:\\\/\\\/www.facebook.com\\\/teoriadeconstru\",\"https:\\\/\\\/x.com\\\/teoriadeconstru\"]},{\"@type\":\"Person\",\"@id\":\"https:\\\/\\\/teoriadeconstruccion.net\\\/blog\\\/#\\\/schema\\\/person\\\/97bc651383e78ac257b38d0846ac73ca\",\"name\":\"luissantalla\",\"image\":{\"@type\":\"ImageObject\",\"inLanguage\":\"es\",\"@id\":\"https:\\\/\\\/secure.gravatar.com\\\/avatar\\\/56886681d0d1ff9e199d6a1ad65d5b0ca705679d1dc9d88d9e63a5e7baaf36c2?s=96&d=mm&r=g\",\"url\":\"https:\\\/\\\/secure.gravatar.com\\\/avatar\\\/56886681d0d1ff9e199d6a1ad65d5b0ca705679d1dc9d88d9e63a5e7baaf36c2?s=96&d=mm&r=g\",\"contentUrl\":\"https:\\\/\\\/secure.gravatar.com\\\/avatar\\\/56886681d0d1ff9e199d6a1ad65d5b0ca705679d1dc9d88d9e63a5e7baaf36c2?s=96&d=mm&r=g\",\"caption\":\"luissantalla\"},\"description\":\"Luis M Santalla Blanco . Director de teoriadeconstruccion.net, autor en blogs como arquitecturadegalicia.eu. Socio del estudio FLU-OR Arquitectura . ver m\u00e1s sobre el autor\",\"url\":\"https:\\\/\\\/teoriadeconstruccion.net\\\/blog\\\/author\\\/luissantalla\\\/\"}]}<\/script>\n<!-- \/ Yoast SEO plugin. -->","yoast_head_json":{"title":"Especial vacaciones: Blablacar a Ronchamp - Teor\u00eda de construcci\u00f3n","robots":{"index":"index","follow":"follow","max-snippet":"max-snippet:-1","max-image-preview":"max-image-preview:large","max-video-preview":"max-video-preview:-1"},"canonical":"https:\/\/teoriadeconstruccion.net\/blog\/especial-vacaciones-blablacar-a-ronchamp\/","og_locale":"es_ES","og_type":"article","og_title":"Especial vacaciones: Blablacar a Ronchamp - Teor\u00eda de construcci\u00f3n","og_description":"\u00bfEst\u00e1s preparando la m\u00fasica para salir de viaje? Un momento! tengo algo que contarte! Saenz de Oiza dec\u00eda que no te puedes morir sin ir a Ronchamp pero Manu Barba, Nuria Prieto y Adri\u00e1n Gonz\u00e1lez no ten\u00edan ni idea de esto cuando decidieron estrujarse en un biscuter para hablar. Blablacar a Ronchamp, arquitectura marcha atr\u00e1s,&hellip;&nbsp;Leer m\u00e1s &raquo;Especial vacaciones: Blablacar a Ronchamp","og_url":"https:\/\/teoriadeconstruccion.net\/blog\/especial-vacaciones-blablacar-a-ronchamp\/","og_site_name":"Teor\u00eda de construcci\u00f3n","article_publisher":"https:\/\/www.facebook.com\/teoriadeconstru","article_published_time":"2020-07-21T19:59:36+00:00","article_modified_time":"2020-07-21T19:59:45+00:00","og_image":[{"width":848,"height":313,"url":"https:\/\/i1.wp.com\/teoriadeconstruccion.net\/blog\/wp-content\/uploads\/2020\/07\/blablacar-a-ronchamp.jpg?fit=848%2C313&ssl=1","type":"image\/jpeg"}],"author":"luissantalla","twitter_card":"summary_large_image","twitter_creator":"@teoriadeconstru","twitter_site":"@teoriadeconstru","twitter_misc":{"Escrito por":"luissantalla","Tiempo de lectura":"3 minutos"},"schema":{"@context":"https:\/\/schema.org","@graph":[{"@type":"Article","@id":"https:\/\/teoriadeconstruccion.net\/blog\/especial-vacaciones-blablacar-a-ronchamp\/#article","isPartOf":{"@id":"https:\/\/teoriadeconstruccion.net\/blog\/especial-vacaciones-blablacar-a-ronchamp\/"},"author":{"name":"luissantalla","@id":"https:\/\/teoriadeconstruccion.net\/blog\/#\/schema\/person\/97bc651383e78ac257b38d0846ac73ca"},"headline":"Especial vacaciones: Blablacar a Ronchamp","datePublished":"2020-07-21T19:59:36+00:00","dateModified":"2020-07-21T19:59:45+00:00","mainEntityOfPage":{"@id":"https:\/\/teoriadeconstruccion.net\/blog\/especial-vacaciones-blablacar-a-ronchamp\/"},"wordCount":511,"commentCount":0,"publisher":{"@id":"https:\/\/teoriadeconstruccion.net\/blog\/#organization"},"image":{"@id":"https:\/\/teoriadeconstruccion.net\/blog\/especial-vacaciones-blablacar-a-ronchamp\/#primaryimage"},"thumbnailUrl":"https:\/\/i0.wp.com\/teoriadeconstruccion.net\/blog\/wp-content\/uploads\/2020\/07\/blablacar-a-ronchamp.jpg?fit=848%2C313&ssl=1","articleSection":["arquitectura","podcast"],"inLanguage":"es","potentialAction":[{"@type":"CommentAction","name":"Comment","target":["https:\/\/teoriadeconstruccion.net\/blog\/especial-vacaciones-blablacar-a-ronchamp\/#respond"]}]},{"@type":"WebPage","@id":"https:\/\/teoriadeconstruccion.net\/blog\/especial-vacaciones-blablacar-a-ronchamp\/","url":"https:\/\/teoriadeconstruccion.net\/blog\/especial-vacaciones-blablacar-a-ronchamp\/","name":"Especial vacaciones: Blablacar a Ronchamp - Teor\u00eda de construcci\u00f3n","isPartOf":{"@id":"https:\/\/teoriadeconstruccion.net\/blog\/#website"},"primaryImageOfPage":{"@id":"https:\/\/teoriadeconstruccion.net\/blog\/especial-vacaciones-blablacar-a-ronchamp\/#primaryimage"},"image":{"@id":"https:\/\/teoriadeconstruccion.net\/blog\/especial-vacaciones-blablacar-a-ronchamp\/#primaryimage"},"thumbnailUrl":"https:\/\/i0.wp.com\/teoriadeconstruccion.net\/blog\/wp-content\/uploads\/2020\/07\/blablacar-a-ronchamp.jpg?fit=848%2C313&ssl=1","datePublished":"2020-07-21T19:59:36+00:00","dateModified":"2020-07-21T19:59:45+00:00","breadcrumb":{"@id":"https:\/\/teoriadeconstruccion.net\/blog\/especial-vacaciones-blablacar-a-ronchamp\/#breadcrumb"},"inLanguage":"es","potentialAction":[{"@type":"ReadAction","target":["https:\/\/teoriadeconstruccion.net\/blog\/especial-vacaciones-blablacar-a-ronchamp\/"]}]},{"@type":"ImageObject","inLanguage":"es","@id":"https:\/\/teoriadeconstruccion.net\/blog\/especial-vacaciones-blablacar-a-ronchamp\/#primaryimage","url":"https:\/\/i0.wp.com\/teoriadeconstruccion.net\/blog\/wp-content\/uploads\/2020\/07\/blablacar-a-ronchamp.jpg?fit=848%2C313&ssl=1","contentUrl":"https:\/\/i0.wp.com\/teoriadeconstruccion.net\/blog\/wp-content\/uploads\/2020\/07\/blablacar-a-ronchamp.jpg?fit=848%2C313&ssl=1","width":848,"height":313},{"@type":"BreadcrumbList","@id":"https:\/\/teoriadeconstruccion.net\/blog\/especial-vacaciones-blablacar-a-ronchamp\/#breadcrumb","itemListElement":[{"@type":"ListItem","position":1,"name":"Home","item":"https:\/\/teoriadeconstruccion.net\/blog\/"},{"@type":"ListItem","position":2,"name":"Especial vacaciones: Blablacar a Ronchamp"}]},{"@type":"WebSite","@id":"https:\/\/teoriadeconstruccion.net\/blog\/#website","url":"https:\/\/teoriadeconstruccion.net\/blog\/","name":"Teor\u00eda de construcci\u00f3n","description":"blog sobre construcci\u00f3n, teor\u00eda y aplicaci\u00f3n: materiales, normativa de edificaci\u00f3n, sistemas constructivos.","publisher":{"@id":"https:\/\/teoriadeconstruccion.net\/blog\/#organization"},"potentialAction":[{"@type":"SearchAction","target":{"@type":"EntryPoint","urlTemplate":"https:\/\/teoriadeconstruccion.net\/blog\/?s={search_term_string}"},"query-input":{"@type":"PropertyValueSpecification","valueRequired":true,"valueName":"search_term_string"}}],"inLanguage":"es"},{"@type":"Organization","@id":"https:\/\/teoriadeconstruccion.net\/blog\/#organization","name":"teoriadeconstruccion.net","url":"https:\/\/teoriadeconstruccion.net\/blog\/","logo":{"@type":"ImageObject","inLanguage":"es","@id":"https:\/\/teoriadeconstruccion.net\/blog\/#\/schema\/logo\/image\/","url":"https:\/\/i0.wp.com\/teoriadeconstruccion.net\/blog\/wp-content\/uploads\/2023\/08\/cropped-logo-2023-sm.jpg?fit=200%2C128&ssl=1","contentUrl":"https:\/\/i0.wp.com\/teoriadeconstruccion.net\/blog\/wp-content\/uploads\/2023\/08\/cropped-logo-2023-sm.jpg?fit=200%2C128&ssl=1","width":200,"height":128,"caption":"teoriadeconstruccion.net"},"image":{"@id":"https:\/\/teoriadeconstruccion.net\/blog\/#\/schema\/logo\/image\/"},"sameAs":["https:\/\/www.facebook.com\/teoriadeconstru","https:\/\/x.com\/teoriadeconstru"]},{"@type":"Person","@id":"https:\/\/teoriadeconstruccion.net\/blog\/#\/schema\/person\/97bc651383e78ac257b38d0846ac73ca","name":"luissantalla","image":{"@type":"ImageObject","inLanguage":"es","@id":"https:\/\/secure.gravatar.com\/avatar\/56886681d0d1ff9e199d6a1ad65d5b0ca705679d1dc9d88d9e63a5e7baaf36c2?s=96&d=mm&r=g","url":"https:\/\/secure.gravatar.com\/avatar\/56886681d0d1ff9e199d6a1ad65d5b0ca705679d1dc9d88d9e63a5e7baaf36c2?s=96&d=mm&r=g","contentUrl":"https:\/\/secure.gravatar.com\/avatar\/56886681d0d1ff9e199d6a1ad65d5b0ca705679d1dc9d88d9e63a5e7baaf36c2?s=96&d=mm&r=g","caption":"luissantalla"},"description":"Luis M Santalla Blanco . Director de teoriadeconstruccion.net, autor en blogs como arquitecturadegalicia.eu. Socio del estudio FLU-OR Arquitectura . ver m\u00e1s sobre el autor","url":"https:\/\/teoriadeconstruccion.net\/blog\/author\/luissantalla\/"}]}},"jetpack_publicize_connections":[],"jetpack_featured_media_url":"https:\/\/i0.wp.com\/teoriadeconstruccion.net\/blog\/wp-content\/uploads\/2020\/07\/blablacar-a-ronchamp.jpg?fit=848%2C313&ssl=1","jetpack_shortlink":"https:\/\/wp.me\/p3diCd-idL","jetpack_sharing_enabled":true,"_links":{"self":[{"href":"https:\/\/teoriadeconstruccion.net\/blog\/wp-json\/wp\/v2\/posts\/70045","targetHints":{"allow":["GET"]}}],"collection":[{"href":"https:\/\/teoriadeconstruccion.net\/blog\/wp-json\/wp\/v2\/posts"}],"about":[{"href":"https:\/\/teoriadeconstruccion.net\/blog\/wp-json\/wp\/v2\/types\/post"}],"author":[{"embeddable":true,"href":"https:\/\/teoriadeconstruccion.net\/blog\/wp-json\/wp\/v2\/users\/1"}],"replies":[{"embeddable":true,"href":"https:\/\/teoriadeconstruccion.net\/blog\/wp-json\/wp\/v2\/comments?post=70045"}],"version-history":[{"count":0,"href":"https:\/\/teoriadeconstruccion.net\/blog\/wp-json\/wp\/v2\/posts\/70045\/revisions"}],"wp:featuredmedia":[{"embeddable":true,"href":"https:\/\/teoriadeconstruccion.net\/blog\/wp-json\/wp\/v2\/media\/70050"}],"wp:attachment":[{"href":"https:\/\/teoriadeconstruccion.net\/blog\/wp-json\/wp\/v2\/media?parent=70045"}],"wp:term":[{"taxonomy":"category","embeddable":true,"href":"https:\/\/teoriadeconstruccion.net\/blog\/wp-json\/wp\/v2\/categories?post=70045"},{"taxonomy":"post_tag","embeddable":true,"href":"https:\/\/teoriadeconstruccion.net\/blog\/wp-json\/wp\/v2\/tags?post=70045"}],"curies":[{"name":"wp","href":"https:\/\/api.w.org\/{rel}","templated":true}]}}