{"id":69549,"date":"2019-10-21T22:14:46","date_gmt":"2019-10-21T21:14:46","guid":{"rendered":"http:\/\/teoriadeconstruccion.net\/blog\/?p=69549"},"modified":"2019-10-21T22:15:53","modified_gmt":"2019-10-21T21:15:53","slug":"edificios-adaptados-para-personas-con-movilidad-reducida","status":"publish","type":"post","link":"https:\/\/teoriadeconstruccion.net\/blog\/edificios-adaptados-para-personas-con-movilidad-reducida\/","title":{"rendered":"Edificios adaptados para personas con movilidad reducida"},"content":{"rendered":"<p>En agosto de 2019, hace tres meses, nos han actualizado el Documento B\u00e1sico SUA. En el origen del CTE de 2006 no hab\u00eda el apartado de Accesibilidad (SUA 9). Desde entonces las condiciones normativas han mejorado mucho, sobre todo en el \u00e1mbito de la <a href=\"https:\/\/www.fundacionmdp.org\">vivienda accesible<\/a>.<\/p>\n<p><strong>Clasificaci\u00f3n de usos en el DB SUA <\/strong><\/p>\n<p>El DB SUA utiliza tres criterios diferentes y no excluyentes de clasificaci\u00f3n de los usos:<\/p>\n<p>&#8211; Seg\u00fan la actividad. Se aplica a edificios, a establecimientos o a zonas, por tanto, es la m\u00e1s global. Son los usos <strong>Residencial Vivienda, Residencial P\u00fablico<\/strong>, P\u00fablica Concurrencia, Comercial, Sanitario, etc.<\/p>\n<p>&#8211; Seg\u00fan n\u00famero y tipo de usuarios. S\u00f3lo se aplica a zonas o elementos. Cualquier zona, que siempre es de un uso seg\u00fan la actividad, es adem\u00e1s de uso general o bien de uso restringido.<\/p>\n<p>&#8211; Seg\u00fan su disponibilidad por el p\u00fablico y su familiaridad con el edificio. En principio cabe decir que es una clasificaci\u00f3n aplicable a zonas de los edificios. Pero mientras que no abundan los edificios totalmente de uso p\u00fablico, ya que siempre suele haber algunas zonas de uso privado, s\u00ed hay edificios que son en su totalidad de uso privado, como es el caso de muchos edificios de uso Residencial Vivienda (otros en cambio tienen locales o establecimientos de uso p\u00fablico) o de uso Administrativo no abiertos al p\u00fablico.<\/p>\n<p>Es importante no confundir \u201czonas de uso privado\u201d con \u201czonas de uso restringido\u201d o con \u201cuso Residencial Vivienda\u201d. En relaci\u00f3n con lo arriba indicado, los elementos de evacuaci\u00f3n que se utilicen \u00fanicamente en caso de emergencia tienen el car\u00e1cter de uso p\u00fablico o privado, general o restringido que tenga la zona a la que sirven.<\/p>\n<p><img data-recalc-dims=\"1\" decoding=\"async\" class=\"alignnone size-full wp-image-69550\" src=\"https:\/\/i0.wp.com\/teoriadeconstruccion.net\/blog\/wp-content\/uploads\/2019\/10\/silla-de-ruedas-teoria-de-construccion.jpg?resize=1200%2C600\" alt=\"\" width=\"1200\" height=\"600\" srcset=\"https:\/\/i0.wp.com\/teoriadeconstruccion.net\/blog\/wp-content\/uploads\/2019\/10\/silla-de-ruedas-teoria-de-construccion.jpg?w=1200&amp;ssl=1 1200w, https:\/\/i0.wp.com\/teoriadeconstruccion.net\/blog\/wp-content\/uploads\/2019\/10\/silla-de-ruedas-teoria-de-construccion.jpg?resize=300%2C150&amp;ssl=1 300w, https:\/\/i0.wp.com\/teoriadeconstruccion.net\/blog\/wp-content\/uploads\/2019\/10\/silla-de-ruedas-teoria-de-construccion.jpg?resize=768%2C384&amp;ssl=1 768w, https:\/\/i0.wp.com\/teoriadeconstruccion.net\/blog\/wp-content\/uploads\/2019\/10\/silla-de-ruedas-teoria-de-construccion.jpg?resize=1024%2C512&amp;ssl=1 1024w\" sizes=\"(max-width: 1200px) 100vw, 1200px\" \/><\/p>\n<p><strong>\u00bfQu\u00e9 pasa si trabajo en casa?<\/strong><\/p>\n<p>Cuando el usuario de una vivienda, que contin\u00faa utiliz\u00e1ndola como tal, lleva a cabo en ella actividades tales como una clase particular (idiomas, m\u00fasica, etc.) una consulta profesional (m\u00e9dico, psic\u00f3logo, fisioterapeuta, etc.) ello no supone un cambio de uso de la vivienda a efectos del CTE y no obliga a aplicar el mismo. En cambio, cuando toda la vivienda pasa a estar dedicada a la actividad en cuesti\u00f3n, debe entenderse que se lleva a cabo un cambio de uso de dicha vivienda y, conforme al punto 5 del art\u00edculo 2 de su Parte I, debe aplicarse el CTE en los t\u00e9rminos que se establecen en sus Documentos B\u00e1sicos.<\/p>\n<p><strong>\u00bfPuedo reformar un trastero y garantizar la accesibilidad de un edificio adaptado?<\/strong><\/p>\n<p>Una obra de reforma para implantar viviendas nuevas en un espacio bajo cubierta destinado inicialmente a otro fin, por ejemplo trasteros, tiene la consideraci\u00f3n de obra de ampliaci\u00f3n y conforme al punto 2 de este apartado, las nuevas viviendas deben disponer de al menos un itinerario accesible que las comunique con la v\u00eda p\u00fablica, siempre que sea exigible seg\u00fan SUA 9. Es decir, siempre que el bajo cubierta est\u00e9 en la planta cuarta o superior o siempre que tras la obra el edificio pase a tener m\u00e1s de 12 viviendas en plantas distintas a la de acceso. Dado que a dicha obra tambi\u00e9n se le deber\u00e1 aplicar el DB SI y que con ella el edificio aumenta su altura de evacuaci\u00f3n, el edificio deber\u00e1 adecuarse en todas aquellas condiciones del DB SI asociadas a la nueva altura.<\/p>\n<p><strong>\u00bfQu\u00e9 tipos de obra se pueden hacer si no alcanzamos las condiciones del DB?<\/strong><\/p>\n<p>Cuando no sea viable alcanzar las condiciones del DB en cambios de uso, parece razonable el favorecer o, al menos, no penalizar los cambios de uso que supongan una disminuci\u00f3n del nivel de riesgo o de los requisitos exigibles de accesibilidad. En este sentido, cuando la dificultad de adaptaci\u00f3n se encuentre en un elemento o zona cuyas exigencias son menores que las del uso previo, se podr\u00eda adoptar el criterio de flexibilidad en casos como los siguientes:<\/p>\n<p>cuando el elemento afectado por el nuevo uso (por ejemplo, la escalabilidad de una barandilla) no prevea la presencia de ni\u00f1os sin vigilancia respecto a la situaci\u00f3n anterior;<\/p>\n<p>&#8211; cuando el elemento afectado por el nuevo uso no prevea la utilizaci\u00f3n del mismo por personas con discapacidad;<\/p>\n<p>&#8211; cuando el elemento afectado cambie de uso general a uso restringido;<\/p>\n<p>&#8211; cuando se modifique el car\u00e1cter de una zona, de uso p\u00fablico a privado; &#8211; cuando se convierta un local comercial situado en un edificio de viviendas en vivienda. Cuando, por el contrario, el cambio de uso suponga un aumento del nivel de riesgo o de los requisitos exigibles de accesibilidad se deben alcanzar las condiciones del DB y, si ello no fuera posible, se admitir\u00edan \u00fanicamente -a los efectos de accesibilidad- las tolerancias de la tabla 2 del DA DB SUA\/2; de otro modo se estar\u00eda vulnerando el criterio de \u201cno empeoramiento\u201d respecto a la necesidad de conservar, como m\u00ednimo, las condiciones preexistentes antes de la intervenci\u00f3n.<\/p>\n","protected":false},"excerpt":{"rendered":"<p>En agosto de 2019, hace tres meses, nos han actualizado el Documento B\u00e1sico SUA. En el origen del CTE de 2006 no hab\u00eda el apartado de Accesibilidad (SUA 9). Desde entonces las condiciones normativas han mejorado mucho, sobre todo en el \u00e1mbito de la vivienda accesible. Clasificaci\u00f3n de usos en el DB SUA El DB&hellip;&nbsp;<a href=\"https:\/\/teoriadeconstruccion.net\/blog\/edificios-adaptados-para-personas-con-movilidad-reducida\/\" rel=\"bookmark\">Leer m\u00e1s &raquo;<span class=\"screen-reader-text\">Edificios adaptados para personas con movilidad reducida<\/span><\/a><\/p>\n","protected":false},"author":1,"featured_media":69551,"comment_status":"open","ping_status":"open","sticky":false,"template":"","format":"standard","meta":{"neve_meta_sidebar":"","neve_meta_container":"","neve_meta_enable_content_width":"","neve_meta_content_width":0,"neve_meta_title_alignment":"","neve_meta_author_avatar":"","neve_post_elements_order":"","neve_meta_disable_header":"","neve_meta_disable_footer":"","neve_meta_disable_title":"","jetpack_post_was_ever_published":false,"_jetpack_newsletter_access":"","_jetpack_dont_email_post_to_subs":false,"_jetpack_newsletter_tier_id":0,"_jetpack_memberships_contains_paywalled_content":false,"_jetpack_memberships_contains_paid_content":false,"footnotes":"","jetpack_publicize_message":"","jetpack_publicize_feature_enabled":true,"jetpack_social_post_already_shared":true,"jetpack_social_options":{"image_generator_settings":{"template":"highway","default_image_id":0,"font":"","enabled":false},"version":2}},"categories":[643,543,661],"tags":[],"class_list":["post-69549","post","type-post","status-publish","format-standard","has-post-thumbnail","hentry","category-accesibilidad","category-normativa","category-profesion"],"yoast_head":"<!-- This site is optimized with the Yoast SEO plugin v27.5 - https:\/\/yoast.com\/product\/yoast-seo-wordpress\/ -->\n<title>Edificios adaptados para personas con movilidad reducida - Teor\u00eda de construcci\u00f3n<\/title>\n<meta name=\"description\" content=\"Con la actualizaci\u00f3n de agosto de 2019 del CTE SUA 9 quedan resueltas muchas dudas y aclaraciones, b\u00fascalo en la web del CTE !\" \/>\n<meta name=\"robots\" content=\"index, follow, max-snippet:-1, max-image-preview:large, max-video-preview:-1\" \/>\n<link rel=\"canonical\" href=\"https:\/\/teoriadeconstruccion.net\/blog\/edificios-adaptados-para-personas-con-movilidad-reducida\/\" \/>\n<meta property=\"og:locale\" content=\"es_ES\" \/>\n<meta property=\"og:type\" content=\"article\" \/>\n<meta property=\"og:title\" content=\"Edificios adaptados para personas con movilidad reducida - Teor\u00eda de construcci\u00f3n\" \/>\n<meta property=\"og:description\" content=\"Con la actualizaci\u00f3n de agosto de 2019 del CTE SUA 9 quedan resueltas muchas dudas y aclaraciones, b\u00fascalo en la web del CTE !\" \/>\n<meta property=\"og:url\" content=\"https:\/\/teoriadeconstruccion.net\/blog\/edificios-adaptados-para-personas-con-movilidad-reducida\/\" \/>\n<meta property=\"og:site_name\" content=\"Teor\u00eda de construcci\u00f3n\" \/>\n<meta property=\"article:publisher\" content=\"https:\/\/www.facebook.com\/teoriadeconstru\" \/>\n<meta property=\"article:published_time\" content=\"2019-10-21T21:14:46+00:00\" \/>\n<meta property=\"article:modified_time\" content=\"2019-10-21T21:15:53+00:00\" \/>\n<meta property=\"og:image\" content=\"https:\/\/i0.wp.com\/teoriadeconstruccion.net\/blog\/wp-content\/uploads\/2019\/10\/wheelchair_care_disabled_people_woman_senior_care_patient_disability-700394.jpg?fit=1200%2C799&ssl=1\" \/>\n\t<meta property=\"og:image:width\" content=\"1200\" \/>\n\t<meta property=\"og:image:height\" content=\"799\" \/>\n\t<meta property=\"og:image:type\" content=\"image\/jpeg\" \/>\n<meta name=\"author\" content=\"luissantalla\" \/>\n<meta name=\"twitter:card\" content=\"summary_large_image\" \/>\n<meta name=\"twitter:creator\" content=\"@teoriadeconstru\" \/>\n<meta name=\"twitter:site\" content=\"@teoriadeconstru\" \/>\n<meta name=\"twitter:label1\" content=\"Escrito por\" \/>\n\t<meta name=\"twitter:data1\" content=\"luissantalla\" \/>\n\t<meta name=\"twitter:label2\" content=\"Tiempo de lectura\" \/>\n\t<meta name=\"twitter:data2\" content=\"4 minutos\" \/>\n<script type=\"application\/ld+json\" class=\"yoast-schema-graph\">{\"@context\":\"https:\\\/\\\/schema.org\",\"@graph\":[{\"@type\":\"Article\",\"@id\":\"https:\\\/\\\/teoriadeconstruccion.net\\\/blog\\\/edificios-adaptados-para-personas-con-movilidad-reducida\\\/#article\",\"isPartOf\":{\"@id\":\"https:\\\/\\\/teoriadeconstruccion.net\\\/blog\\\/edificios-adaptados-para-personas-con-movilidad-reducida\\\/\"},\"author\":{\"name\":\"luissantalla\",\"@id\":\"https:\\\/\\\/teoriadeconstruccion.net\\\/blog\\\/#\\\/schema\\\/person\\\/97bc651383e78ac257b38d0846ac73ca\"},\"headline\":\"Edificios adaptados para personas con movilidad reducida\",\"datePublished\":\"2019-10-21T21:14:46+00:00\",\"dateModified\":\"2019-10-21T21:15:53+00:00\",\"mainEntityOfPage\":{\"@id\":\"https:\\\/\\\/teoriadeconstruccion.net\\\/blog\\\/edificios-adaptados-para-personas-con-movilidad-reducida\\\/\"},\"wordCount\":848,\"commentCount\":0,\"publisher\":{\"@id\":\"https:\\\/\\\/teoriadeconstruccion.net\\\/blog\\\/#organization\"},\"image\":{\"@id\":\"https:\\\/\\\/teoriadeconstruccion.net\\\/blog\\\/edificios-adaptados-para-personas-con-movilidad-reducida\\\/#primaryimage\"},\"thumbnailUrl\":\"https:\\\/\\\/i0.wp.com\\\/teoriadeconstruccion.net\\\/blog\\\/wp-content\\\/uploads\\\/2019\\\/10\\\/wheelchair_care_disabled_people_woman_senior_care_patient_disability-700394.jpg?fit=1200%2C799&ssl=1\",\"articleSection\":[\"accesibilidad\",\"normativa\",\"profesi\u00f3n\"],\"inLanguage\":\"es\",\"potentialAction\":[{\"@type\":\"CommentAction\",\"name\":\"Comment\",\"target\":[\"https:\\\/\\\/teoriadeconstruccion.net\\\/blog\\\/edificios-adaptados-para-personas-con-movilidad-reducida\\\/#respond\"]}]},{\"@type\":\"WebPage\",\"@id\":\"https:\\\/\\\/teoriadeconstruccion.net\\\/blog\\\/edificios-adaptados-para-personas-con-movilidad-reducida\\\/\",\"url\":\"https:\\\/\\\/teoriadeconstruccion.net\\\/blog\\\/edificios-adaptados-para-personas-con-movilidad-reducida\\\/\",\"name\":\"Edificios adaptados para personas con movilidad reducida - Teor\u00eda de construcci\u00f3n\",\"isPartOf\":{\"@id\":\"https:\\\/\\\/teoriadeconstruccion.net\\\/blog\\\/#website\"},\"primaryImageOfPage\":{\"@id\":\"https:\\\/\\\/teoriadeconstruccion.net\\\/blog\\\/edificios-adaptados-para-personas-con-movilidad-reducida\\\/#primaryimage\"},\"image\":{\"@id\":\"https:\\\/\\\/teoriadeconstruccion.net\\\/blog\\\/edificios-adaptados-para-personas-con-movilidad-reducida\\\/#primaryimage\"},\"thumbnailUrl\":\"https:\\\/\\\/i0.wp.com\\\/teoriadeconstruccion.net\\\/blog\\\/wp-content\\\/uploads\\\/2019\\\/10\\\/wheelchair_care_disabled_people_woman_senior_care_patient_disability-700394.jpg?fit=1200%2C799&ssl=1\",\"datePublished\":\"2019-10-21T21:14:46+00:00\",\"dateModified\":\"2019-10-21T21:15:53+00:00\",\"description\":\"Con la actualizaci\u00f3n de agosto de 2019 del CTE SUA 9 quedan resueltas muchas dudas y aclaraciones, b\u00fascalo en la web del CTE !\",\"breadcrumb\":{\"@id\":\"https:\\\/\\\/teoriadeconstruccion.net\\\/blog\\\/edificios-adaptados-para-personas-con-movilidad-reducida\\\/#breadcrumb\"},\"inLanguage\":\"es\",\"potentialAction\":[{\"@type\":\"ReadAction\",\"target\":[\"https:\\\/\\\/teoriadeconstruccion.net\\\/blog\\\/edificios-adaptados-para-personas-con-movilidad-reducida\\\/\"]}]},{\"@type\":\"ImageObject\",\"inLanguage\":\"es\",\"@id\":\"https:\\\/\\\/teoriadeconstruccion.net\\\/blog\\\/edificios-adaptados-para-personas-con-movilidad-reducida\\\/#primaryimage\",\"url\":\"https:\\\/\\\/i0.wp.com\\\/teoriadeconstruccion.net\\\/blog\\\/wp-content\\\/uploads\\\/2019\\\/10\\\/wheelchair_care_disabled_people_woman_senior_care_patient_disability-700394.jpg?fit=1200%2C799&ssl=1\",\"contentUrl\":\"https:\\\/\\\/i0.wp.com\\\/teoriadeconstruccion.net\\\/blog\\\/wp-content\\\/uploads\\\/2019\\\/10\\\/wheelchair_care_disabled_people_woman_senior_care_patient_disability-700394.jpg?fit=1200%2C799&ssl=1\",\"width\":1200,\"height\":799},{\"@type\":\"BreadcrumbList\",\"@id\":\"https:\\\/\\\/teoriadeconstruccion.net\\\/blog\\\/edificios-adaptados-para-personas-con-movilidad-reducida\\\/#breadcrumb\",\"itemListElement\":[{\"@type\":\"ListItem\",\"position\":1,\"name\":\"Home\",\"item\":\"https:\\\/\\\/teoriadeconstruccion.net\\\/blog\\\/\"},{\"@type\":\"ListItem\",\"position\":2,\"name\":\"Edificios adaptados para personas con movilidad reducida\"}]},{\"@type\":\"WebSite\",\"@id\":\"https:\\\/\\\/teoriadeconstruccion.net\\\/blog\\\/#website\",\"url\":\"https:\\\/\\\/teoriadeconstruccion.net\\\/blog\\\/\",\"name\":\"Teor\u00eda de construcci\u00f3n\",\"description\":\"blog sobre construcci\u00f3n, teor\u00eda y aplicaci\u00f3n: materiales, normativa de edificaci\u00f3n, sistemas constructivos.\",\"publisher\":{\"@id\":\"https:\\\/\\\/teoriadeconstruccion.net\\\/blog\\\/#organization\"},\"potentialAction\":[{\"@type\":\"SearchAction\",\"target\":{\"@type\":\"EntryPoint\",\"urlTemplate\":\"https:\\\/\\\/teoriadeconstruccion.net\\\/blog\\\/?s={search_term_string}\"},\"query-input\":{\"@type\":\"PropertyValueSpecification\",\"valueRequired\":true,\"valueName\":\"search_term_string\"}}],\"inLanguage\":\"es\"},{\"@type\":\"Organization\",\"@id\":\"https:\\\/\\\/teoriadeconstruccion.net\\\/blog\\\/#organization\",\"name\":\"teoriadeconstruccion.net\",\"url\":\"https:\\\/\\\/teoriadeconstruccion.net\\\/blog\\\/\",\"logo\":{\"@type\":\"ImageObject\",\"inLanguage\":\"es\",\"@id\":\"https:\\\/\\\/teoriadeconstruccion.net\\\/blog\\\/#\\\/schema\\\/logo\\\/image\\\/\",\"url\":\"https:\\\/\\\/i0.wp.com\\\/teoriadeconstruccion.net\\\/blog\\\/wp-content\\\/uploads\\\/2023\\\/08\\\/cropped-logo-2023-sm.jpg?fit=200%2C128&ssl=1\",\"contentUrl\":\"https:\\\/\\\/i0.wp.com\\\/teoriadeconstruccion.net\\\/blog\\\/wp-content\\\/uploads\\\/2023\\\/08\\\/cropped-logo-2023-sm.jpg?fit=200%2C128&ssl=1\",\"width\":200,\"height\":128,\"caption\":\"teoriadeconstruccion.net\"},\"image\":{\"@id\":\"https:\\\/\\\/teoriadeconstruccion.net\\\/blog\\\/#\\\/schema\\\/logo\\\/image\\\/\"},\"sameAs\":[\"https:\\\/\\\/www.facebook.com\\\/teoriadeconstru\",\"https:\\\/\\\/x.com\\\/teoriadeconstru\"]},{\"@type\":\"Person\",\"@id\":\"https:\\\/\\\/teoriadeconstruccion.net\\\/blog\\\/#\\\/schema\\\/person\\\/97bc651383e78ac257b38d0846ac73ca\",\"name\":\"luissantalla\",\"image\":{\"@type\":\"ImageObject\",\"inLanguage\":\"es\",\"@id\":\"https:\\\/\\\/secure.gravatar.com\\\/avatar\\\/56886681d0d1ff9e199d6a1ad65d5b0ca705679d1dc9d88d9e63a5e7baaf36c2?s=96&d=mm&r=g\",\"url\":\"https:\\\/\\\/secure.gravatar.com\\\/avatar\\\/56886681d0d1ff9e199d6a1ad65d5b0ca705679d1dc9d88d9e63a5e7baaf36c2?s=96&d=mm&r=g\",\"contentUrl\":\"https:\\\/\\\/secure.gravatar.com\\\/avatar\\\/56886681d0d1ff9e199d6a1ad65d5b0ca705679d1dc9d88d9e63a5e7baaf36c2?s=96&d=mm&r=g\",\"caption\":\"luissantalla\"},\"description\":\"Luis M Santalla Blanco . Director de teoriadeconstruccion.net, autor en blogs como arquitecturadegalicia.eu. Socio del estudio FLU-OR Arquitectura . ver m\u00e1s sobre el autor\",\"url\":\"https:\\\/\\\/teoriadeconstruccion.net\\\/blog\\\/author\\\/luissantalla\\\/\"}]}<\/script>\n<!-- \/ Yoast SEO plugin. -->","yoast_head_json":{"title":"Edificios adaptados para personas con movilidad reducida - Teor\u00eda de construcci\u00f3n","description":"Con la actualizaci\u00f3n de agosto de 2019 del CTE SUA 9 quedan resueltas muchas dudas y aclaraciones, b\u00fascalo en la web del CTE !","robots":{"index":"index","follow":"follow","max-snippet":"max-snippet:-1","max-image-preview":"max-image-preview:large","max-video-preview":"max-video-preview:-1"},"canonical":"https:\/\/teoriadeconstruccion.net\/blog\/edificios-adaptados-para-personas-con-movilidad-reducida\/","og_locale":"es_ES","og_type":"article","og_title":"Edificios adaptados para personas con movilidad reducida - Teor\u00eda de construcci\u00f3n","og_description":"Con la actualizaci\u00f3n de agosto de 2019 del CTE SUA 9 quedan resueltas muchas dudas y aclaraciones, b\u00fascalo en la web del CTE !","og_url":"https:\/\/teoriadeconstruccion.net\/blog\/edificios-adaptados-para-personas-con-movilidad-reducida\/","og_site_name":"Teor\u00eda de construcci\u00f3n","article_publisher":"https:\/\/www.facebook.com\/teoriadeconstru","article_published_time":"2019-10-21T21:14:46+00:00","article_modified_time":"2019-10-21T21:15:53+00:00","og_image":[{"width":1200,"height":799,"url":"https:\/\/i0.wp.com\/teoriadeconstruccion.net\/blog\/wp-content\/uploads\/2019\/10\/wheelchair_care_disabled_people_woman_senior_care_patient_disability-700394.jpg?fit=1200%2C799&ssl=1","type":"image\/jpeg"}],"author":"luissantalla","twitter_card":"summary_large_image","twitter_creator":"@teoriadeconstru","twitter_site":"@teoriadeconstru","twitter_misc":{"Escrito por":"luissantalla","Tiempo de lectura":"4 minutos"},"schema":{"@context":"https:\/\/schema.org","@graph":[{"@type":"Article","@id":"https:\/\/teoriadeconstruccion.net\/blog\/edificios-adaptados-para-personas-con-movilidad-reducida\/#article","isPartOf":{"@id":"https:\/\/teoriadeconstruccion.net\/blog\/edificios-adaptados-para-personas-con-movilidad-reducida\/"},"author":{"name":"luissantalla","@id":"https:\/\/teoriadeconstruccion.net\/blog\/#\/schema\/person\/97bc651383e78ac257b38d0846ac73ca"},"headline":"Edificios adaptados para personas con movilidad reducida","datePublished":"2019-10-21T21:14:46+00:00","dateModified":"2019-10-21T21:15:53+00:00","mainEntityOfPage":{"@id":"https:\/\/teoriadeconstruccion.net\/blog\/edificios-adaptados-para-personas-con-movilidad-reducida\/"},"wordCount":848,"commentCount":0,"publisher":{"@id":"https:\/\/teoriadeconstruccion.net\/blog\/#organization"},"image":{"@id":"https:\/\/teoriadeconstruccion.net\/blog\/edificios-adaptados-para-personas-con-movilidad-reducida\/#primaryimage"},"thumbnailUrl":"https:\/\/i0.wp.com\/teoriadeconstruccion.net\/blog\/wp-content\/uploads\/2019\/10\/wheelchair_care_disabled_people_woman_senior_care_patient_disability-700394.jpg?fit=1200%2C799&ssl=1","articleSection":["accesibilidad","normativa","profesi\u00f3n"],"inLanguage":"es","potentialAction":[{"@type":"CommentAction","name":"Comment","target":["https:\/\/teoriadeconstruccion.net\/blog\/edificios-adaptados-para-personas-con-movilidad-reducida\/#respond"]}]},{"@type":"WebPage","@id":"https:\/\/teoriadeconstruccion.net\/blog\/edificios-adaptados-para-personas-con-movilidad-reducida\/","url":"https:\/\/teoriadeconstruccion.net\/blog\/edificios-adaptados-para-personas-con-movilidad-reducida\/","name":"Edificios adaptados para personas con movilidad reducida - Teor\u00eda de construcci\u00f3n","isPartOf":{"@id":"https:\/\/teoriadeconstruccion.net\/blog\/#website"},"primaryImageOfPage":{"@id":"https:\/\/teoriadeconstruccion.net\/blog\/edificios-adaptados-para-personas-con-movilidad-reducida\/#primaryimage"},"image":{"@id":"https:\/\/teoriadeconstruccion.net\/blog\/edificios-adaptados-para-personas-con-movilidad-reducida\/#primaryimage"},"thumbnailUrl":"https:\/\/i0.wp.com\/teoriadeconstruccion.net\/blog\/wp-content\/uploads\/2019\/10\/wheelchair_care_disabled_people_woman_senior_care_patient_disability-700394.jpg?fit=1200%2C799&ssl=1","datePublished":"2019-10-21T21:14:46+00:00","dateModified":"2019-10-21T21:15:53+00:00","description":"Con la actualizaci\u00f3n de agosto de 2019 del CTE SUA 9 quedan resueltas muchas dudas y aclaraciones, b\u00fascalo en la web del CTE !","breadcrumb":{"@id":"https:\/\/teoriadeconstruccion.net\/blog\/edificios-adaptados-para-personas-con-movilidad-reducida\/#breadcrumb"},"inLanguage":"es","potentialAction":[{"@type":"ReadAction","target":["https:\/\/teoriadeconstruccion.net\/blog\/edificios-adaptados-para-personas-con-movilidad-reducida\/"]}]},{"@type":"ImageObject","inLanguage":"es","@id":"https:\/\/teoriadeconstruccion.net\/blog\/edificios-adaptados-para-personas-con-movilidad-reducida\/#primaryimage","url":"https:\/\/i0.wp.com\/teoriadeconstruccion.net\/blog\/wp-content\/uploads\/2019\/10\/wheelchair_care_disabled_people_woman_senior_care_patient_disability-700394.jpg?fit=1200%2C799&ssl=1","contentUrl":"https:\/\/i0.wp.com\/teoriadeconstruccion.net\/blog\/wp-content\/uploads\/2019\/10\/wheelchair_care_disabled_people_woman_senior_care_patient_disability-700394.jpg?fit=1200%2C799&ssl=1","width":1200,"height":799},{"@type":"BreadcrumbList","@id":"https:\/\/teoriadeconstruccion.net\/blog\/edificios-adaptados-para-personas-con-movilidad-reducida\/#breadcrumb","itemListElement":[{"@type":"ListItem","position":1,"name":"Home","item":"https:\/\/teoriadeconstruccion.net\/blog\/"},{"@type":"ListItem","position":2,"name":"Edificios adaptados para personas con movilidad reducida"}]},{"@type":"WebSite","@id":"https:\/\/teoriadeconstruccion.net\/blog\/#website","url":"https:\/\/teoriadeconstruccion.net\/blog\/","name":"Teor\u00eda de construcci\u00f3n","description":"blog sobre construcci\u00f3n, teor\u00eda y aplicaci\u00f3n: materiales, normativa de edificaci\u00f3n, sistemas constructivos.","publisher":{"@id":"https:\/\/teoriadeconstruccion.net\/blog\/#organization"},"potentialAction":[{"@type":"SearchAction","target":{"@type":"EntryPoint","urlTemplate":"https:\/\/teoriadeconstruccion.net\/blog\/?s={search_term_string}"},"query-input":{"@type":"PropertyValueSpecification","valueRequired":true,"valueName":"search_term_string"}}],"inLanguage":"es"},{"@type":"Organization","@id":"https:\/\/teoriadeconstruccion.net\/blog\/#organization","name":"teoriadeconstruccion.net","url":"https:\/\/teoriadeconstruccion.net\/blog\/","logo":{"@type":"ImageObject","inLanguage":"es","@id":"https:\/\/teoriadeconstruccion.net\/blog\/#\/schema\/logo\/image\/","url":"https:\/\/i0.wp.com\/teoriadeconstruccion.net\/blog\/wp-content\/uploads\/2023\/08\/cropped-logo-2023-sm.jpg?fit=200%2C128&ssl=1","contentUrl":"https:\/\/i0.wp.com\/teoriadeconstruccion.net\/blog\/wp-content\/uploads\/2023\/08\/cropped-logo-2023-sm.jpg?fit=200%2C128&ssl=1","width":200,"height":128,"caption":"teoriadeconstruccion.net"},"image":{"@id":"https:\/\/teoriadeconstruccion.net\/blog\/#\/schema\/logo\/image\/"},"sameAs":["https:\/\/www.facebook.com\/teoriadeconstru","https:\/\/x.com\/teoriadeconstru"]},{"@type":"Person","@id":"https:\/\/teoriadeconstruccion.net\/blog\/#\/schema\/person\/97bc651383e78ac257b38d0846ac73ca","name":"luissantalla","image":{"@type":"ImageObject","inLanguage":"es","@id":"https:\/\/secure.gravatar.com\/avatar\/56886681d0d1ff9e199d6a1ad65d5b0ca705679d1dc9d88d9e63a5e7baaf36c2?s=96&d=mm&r=g","url":"https:\/\/secure.gravatar.com\/avatar\/56886681d0d1ff9e199d6a1ad65d5b0ca705679d1dc9d88d9e63a5e7baaf36c2?s=96&d=mm&r=g","contentUrl":"https:\/\/secure.gravatar.com\/avatar\/56886681d0d1ff9e199d6a1ad65d5b0ca705679d1dc9d88d9e63a5e7baaf36c2?s=96&d=mm&r=g","caption":"luissantalla"},"description":"Luis M Santalla Blanco . Director de teoriadeconstruccion.net, autor en blogs como arquitecturadegalicia.eu. Socio del estudio FLU-OR Arquitectura . ver m\u00e1s sobre el autor","url":"https:\/\/teoriadeconstruccion.net\/blog\/author\/luissantalla\/"}]}},"jetpack_publicize_connections":[],"jetpack_featured_media_url":"https:\/\/i0.wp.com\/teoriadeconstruccion.net\/blog\/wp-content\/uploads\/2019\/10\/wheelchair_care_disabled_people_woman_senior_care_patient_disability-700394.jpg?fit=1200%2C799&ssl=1","jetpack_shortlink":"https:\/\/wp.me\/p3diCd-i5L","jetpack_sharing_enabled":true,"_links":{"self":[{"href":"https:\/\/teoriadeconstruccion.net\/blog\/wp-json\/wp\/v2\/posts\/69549","targetHints":{"allow":["GET"]}}],"collection":[{"href":"https:\/\/teoriadeconstruccion.net\/blog\/wp-json\/wp\/v2\/posts"}],"about":[{"href":"https:\/\/teoriadeconstruccion.net\/blog\/wp-json\/wp\/v2\/types\/post"}],"author":[{"embeddable":true,"href":"https:\/\/teoriadeconstruccion.net\/blog\/wp-json\/wp\/v2\/users\/1"}],"replies":[{"embeddable":true,"href":"https:\/\/teoriadeconstruccion.net\/blog\/wp-json\/wp\/v2\/comments?post=69549"}],"version-history":[{"count":0,"href":"https:\/\/teoriadeconstruccion.net\/blog\/wp-json\/wp\/v2\/posts\/69549\/revisions"}],"wp:featuredmedia":[{"embeddable":true,"href":"https:\/\/teoriadeconstruccion.net\/blog\/wp-json\/wp\/v2\/media\/69551"}],"wp:attachment":[{"href":"https:\/\/teoriadeconstruccion.net\/blog\/wp-json\/wp\/v2\/media?parent=69549"}],"wp:term":[{"taxonomy":"category","embeddable":true,"href":"https:\/\/teoriadeconstruccion.net\/blog\/wp-json\/wp\/v2\/categories?post=69549"},{"taxonomy":"post_tag","embeddable":true,"href":"https:\/\/teoriadeconstruccion.net\/blog\/wp-json\/wp\/v2\/tags?post=69549"}],"curies":[{"name":"wp","href":"https:\/\/api.w.org\/{rel}","templated":true}]}}