{"id":69067,"date":"2018-10-20T11:06:31","date_gmt":"2018-10-20T10:06:31","guid":{"rendered":"http:\/\/teoriadeconstruccion.net\/blog\/?p=69067"},"modified":"2022-10-01T15:41:43","modified_gmt":"2022-10-01T14:41:43","slug":"diario-de-obra-los-oficios-de-la-madera","status":"publish","type":"post","link":"https:\/\/teoriadeconstruccion.net\/blog\/diario-de-obra-los-oficios-de-la-madera\/","title":{"rendered":"Diario de obra: los oficios de la madera"},"content":{"rendered":"<p>Siempre es agradable entrar en la obra cuando est\u00e1 el polvo de madera por el aire. No me refiero al polvillo en si, sino que indica que la obra gozar\u00e1 seguramente de una calidez especial al incorporar la madera como material de acabado, bien sea en paramentos o en mobiliario.<\/p>\n<p>Independientemente que sea un trabajo agradecido, no deja de ser un oficio que se debe de tener en cuenta a la hora de la puesta en obra y es por eso que en nuestro particular diario de obra me gustar\u00eda hacer una breve rese\u00f1a de aquellas particularidades que he podido observar.<\/p>\n<p>En general las empresas relacionadas con la madera en Espa\u00f1a se dividen en mobiliario y estructuras de madera y otros, casi al 50 %, y casi un tercio son aut\u00f3nomos. Es por eso que en muchas ocasiones no se disponen de grandes despliegues t\u00e9cnicos y se sigue manteniendo la artesan\u00eda, dentro de la estandarizaci\u00f3n ya habitual.&nbsp; Los carpinteros suelen entrar en obra cuando esta ya cuenta con estructura, cubierta, envolvente, (salvo que alguna de estas unidades sea de madera) y tienen que convivir con otros oficios simult\u00e1neamente.<\/p>\n<p>Aqu\u00ed uno de los momentos. Como bien es sabido, la madera natural debe de acopiarse en obra. Una curiosidad es que en su adaptaci\u00f3n al ambiente interior onde se situar\u00e1, al secarse humedece otros paramentos. Nos ha llegado a pasar en obra que, debido al acopio de un enlistonado de madera se vio reducida la capacidad de secado del pavimento de hormig\u00f3n, dejando huella durante varias semanas.&nbsp; De esta manera, si es posible, es bueno poder mover el material acopiado, no solo por la ventilaci\u00f3n del mismo, sino por la humedad que puede transmitir a otras unidades de obra.<\/p>\n<p><img data-recalc-dims=\"1\" decoding=\"async\" class=\"alignnone size-full wp-image-69068\" src=\"https:\/\/i0.wp.com\/teoriadeconstruccion.net\/blog\/wp-content\/uploads\/2018\/10\/foxo_IMG_7496.jpg?resize=1200%2C800\" alt=\"\" width=\"1200\" height=\"800\" srcset=\"https:\/\/i0.wp.com\/teoriadeconstruccion.net\/blog\/wp-content\/uploads\/2018\/10\/foxo_IMG_7496.jpg?w=1200&amp;ssl=1 1200w, https:\/\/i0.wp.com\/teoriadeconstruccion.net\/blog\/wp-content\/uploads\/2018\/10\/foxo_IMG_7496.jpg?resize=300%2C200&amp;ssl=1 300w, https:\/\/i0.wp.com\/teoriadeconstruccion.net\/blog\/wp-content\/uploads\/2018\/10\/foxo_IMG_7496.jpg?resize=768%2C512&amp;ssl=1 768w, https:\/\/i0.wp.com\/teoriadeconstruccion.net\/blog\/wp-content\/uploads\/2018\/10\/foxo_IMG_7496.jpg?resize=1024%2C683&amp;ssl=1 1024w\" sizes=\"(max-width: 1200px) 100vw, 1200px\" \/><\/p>\n<p><em>Enlistonado de pino y entablado de pino cuperizado &#8211; fotograf\u00eda Paula Franjo<\/em><\/p>\n<p>La parte sensible del trabajo de la madera llega con el acabado, y su mantenimiento mientras dura la obra, ya que los dem\u00e1s oficios, hasta la propia limpieza de obra pueden causar verdaderos estropicios. El propio proceso del barnizado, debe de cuidarse especialmente de cualquier materia en suspensi\u00f3n, arenillas en los zapatos, etc, cualquier descuido o puerta abierta puede provocar manchas, que obligan a cepillar de nuevo, o incluso llegar a reemplazar elementos.<\/p>\n<p>Solamente hay que tener en cuenta las \u00f1apas frente a los trabajos profesionales, evitando a Pepe Gotera.<\/p>\n<p><img data-recalc-dims=\"1\" decoding=\"async\" class=\"alignnone size-full wp-image-69069\" src=\"https:\/\/i0.wp.com\/teoriadeconstruccion.net\/blog\/wp-content\/uploads\/2018\/10\/foxo_IMG_7525.jpg?resize=1200%2C800\" alt=\"\" width=\"1200\" height=\"800\" srcset=\"https:\/\/i0.wp.com\/teoriadeconstruccion.net\/blog\/wp-content\/uploads\/2018\/10\/foxo_IMG_7525.jpg?w=1200&amp;ssl=1 1200w, https:\/\/i0.wp.com\/teoriadeconstruccion.net\/blog\/wp-content\/uploads\/2018\/10\/foxo_IMG_7525.jpg?resize=300%2C200&amp;ssl=1 300w, https:\/\/i0.wp.com\/teoriadeconstruccion.net\/blog\/wp-content\/uploads\/2018\/10\/foxo_IMG_7525.jpg?resize=768%2C512&amp;ssl=1 768w, https:\/\/i0.wp.com\/teoriadeconstruccion.net\/blog\/wp-content\/uploads\/2018\/10\/foxo_IMG_7525.jpg?resize=1024%2C683&amp;ssl=1 1024w\" sizes=\"(max-width: 1200px) 100vw, 1200px\" \/><\/p>\n<p><em>Cepillo manual sobre tablero de encofrado &#8211; Fotograf\u00eda de Paula Franjo<\/em><\/p>\n<p>Lo m\u00e1s destacable en obra es la buena convivencia entre oficios, los cuales hacen mejorar la calidad de la obra, solamente con su buena relaci\u00f3n, haciendo buenos detalles. Es esto quiz\u00e1s lo que le da el plus + de obra completa y cerrada, adem\u00e1s del cuidado que pueda prestar cualquier persona de la direcci\u00f3n de obra, especialmente el jefe o encargado de obra.<\/p>\n<p>&nbsp;<\/p>\n<p>&nbsp;<\/p>\n","protected":false},"excerpt":{"rendered":"<p>Siempre es agradable entrar en la obra cuando est\u00e1 el polvo de madera por el aire. No me refiero al polvillo en si, sino que indica que la obra gozar\u00e1 seguramente de una calidez especial al incorporar la madera como material de acabado, bien sea en paramentos o en mobiliario. Independientemente que sea un trabajo&hellip;&nbsp;<a href=\"https:\/\/teoriadeconstruccion.net\/blog\/diario-de-obra-los-oficios-de-la-madera\/\" rel=\"bookmark\">Leer m\u00e1s &raquo;<span class=\"screen-reader-text\">Diario de obra: los oficios de la madera<\/span><\/a><\/p>\n","protected":false},"author":1,"featured_media":69070,"comment_status":"open","ping_status":"open","sticky":false,"template":"","format":"standard","meta":{"neve_meta_sidebar":"","neve_meta_container":"","neve_meta_enable_content_width":"","neve_meta_content_width":0,"neve_meta_title_alignment":"","neve_meta_author_avatar":"","neve_post_elements_order":"","neve_meta_disable_header":"","neve_meta_disable_footer":"","neve_meta_disable_title":"","jetpack_post_was_ever_published":false,"_jetpack_newsletter_access":"","_jetpack_dont_email_post_to_subs":false,"_jetpack_newsletter_tier_id":0,"_jetpack_memberships_contains_paywalled_content":false,"_jetpack_memberships_contains_paid_content":false,"footnotes":"","jetpack_publicize_message":"","jetpack_publicize_feature_enabled":true,"jetpack_social_post_already_shared":true,"jetpack_social_options":{"image_generator_settings":{"template":"highway","default_image_id":0,"font":"","enabled":false},"version":2}},"categories":[570,96,727],"tags":[],"class_list":["post-69067","post","type-post","status-publish","format-standard","has-post-thumbnail","hentry","category-carpinteria","category-madera","category-oficio"],"yoast_head":"<!-- This site is optimized with the Yoast SEO plugin v27.4 - https:\/\/yoast.com\/product\/yoast-seo-wordpress\/ -->\n<title>Diario de obra: los oficios de la madera - Teor\u00eda de construcci\u00f3n<\/title>\n<meta name=\"description\" content=\"Llega la madera a la obra. \u00bfQu\u00e9 debo de tener en cuenta?\" \/>\n<meta name=\"robots\" content=\"index, follow, max-snippet:-1, max-image-preview:large, max-video-preview:-1\" \/>\n<link rel=\"canonical\" href=\"https:\/\/teoriadeconstruccion.net\/blog\/diario-de-obra-los-oficios-de-la-madera\/\" \/>\n<meta property=\"og:locale\" content=\"es_ES\" \/>\n<meta property=\"og:type\" content=\"article\" \/>\n<meta property=\"og:title\" content=\"Diario de obra: los oficios de la madera - Teor\u00eda de construcci\u00f3n\" \/>\n<meta property=\"og:description\" content=\"Llega la madera a la obra. \u00bfQu\u00e9 debo de tener en cuenta?\" \/>\n<meta property=\"og:url\" content=\"https:\/\/teoriadeconstruccion.net\/blog\/diario-de-obra-los-oficios-de-la-madera\/\" \/>\n<meta property=\"og:site_name\" content=\"Teor\u00eda de construcci\u00f3n\" \/>\n<meta property=\"article:publisher\" content=\"https:\/\/www.facebook.com\/teoriadeconstru\" \/>\n<meta property=\"article:published_time\" content=\"2018-10-20T10:06:31+00:00\" \/>\n<meta property=\"article:modified_time\" content=\"2022-10-01T14:41:43+00:00\" \/>\n<meta property=\"og:image\" content=\"https:\/\/teoriadeconstruccion.net\/blog\/wp-content\/uploads\/2018\/10\/foxo_IMG_7851.jpg\" \/>\n\t<meta property=\"og:image:width\" content=\"1200\" \/>\n\t<meta property=\"og:image:height\" content=\"800\" \/>\n\t<meta property=\"og:image:type\" content=\"image\/jpeg\" \/>\n<meta name=\"author\" content=\"luissantalla\" \/>\n<meta name=\"twitter:card\" content=\"summary_large_image\" \/>\n<meta name=\"twitter:creator\" content=\"@teoriadeconstru\" \/>\n<meta name=\"twitter:site\" content=\"@teoriadeconstru\" \/>\n<meta name=\"twitter:label1\" content=\"Escrito por\" \/>\n\t<meta name=\"twitter:data1\" content=\"luissantalla\" \/>\n\t<meta name=\"twitter:label2\" content=\"Tiempo de lectura\" \/>\n\t<meta name=\"twitter:data2\" content=\"3 minutos\" \/>\n<script type=\"application\/ld+json\" class=\"yoast-schema-graph\">{\"@context\":\"https:\\\/\\\/schema.org\",\"@graph\":[{\"@type\":\"Article\",\"@id\":\"https:\\\/\\\/teoriadeconstruccion.net\\\/blog\\\/diario-de-obra-los-oficios-de-la-madera\\\/#article\",\"isPartOf\":{\"@id\":\"https:\\\/\\\/teoriadeconstruccion.net\\\/blog\\\/diario-de-obra-los-oficios-de-la-madera\\\/\"},\"author\":{\"name\":\"luissantalla\",\"@id\":\"https:\\\/\\\/teoriadeconstruccion.net\\\/blog\\\/#\\\/schema\\\/person\\\/97bc651383e78ac257b38d0846ac73ca\"},\"headline\":\"Diario de obra: los oficios de la madera\",\"datePublished\":\"2018-10-20T10:06:31+00:00\",\"dateModified\":\"2022-10-01T14:41:43+00:00\",\"mainEntityOfPage\":{\"@id\":\"https:\\\/\\\/teoriadeconstruccion.net\\\/blog\\\/diario-de-obra-los-oficios-de-la-madera\\\/\"},\"wordCount\":492,\"commentCount\":0,\"publisher\":{\"@id\":\"https:\\\/\\\/teoriadeconstruccion.net\\\/blog\\\/#organization\"},\"image\":{\"@id\":\"https:\\\/\\\/teoriadeconstruccion.net\\\/blog\\\/diario-de-obra-los-oficios-de-la-madera\\\/#primaryimage\"},\"thumbnailUrl\":\"https:\\\/\\\/i0.wp.com\\\/teoriadeconstruccion.net\\\/blog\\\/wp-content\\\/uploads\\\/2018\\\/10\\\/foxo_IMG_7851.jpg?fit=1200%2C800&ssl=1\",\"articleSection\":[\"carpinter\u00eda\",\"madera\",\"oficio\"],\"inLanguage\":\"es\",\"potentialAction\":[{\"@type\":\"CommentAction\",\"name\":\"Comment\",\"target\":[\"https:\\\/\\\/teoriadeconstruccion.net\\\/blog\\\/diario-de-obra-los-oficios-de-la-madera\\\/#respond\"]}]},{\"@type\":\"WebPage\",\"@id\":\"https:\\\/\\\/teoriadeconstruccion.net\\\/blog\\\/diario-de-obra-los-oficios-de-la-madera\\\/\",\"url\":\"https:\\\/\\\/teoriadeconstruccion.net\\\/blog\\\/diario-de-obra-los-oficios-de-la-madera\\\/\",\"name\":\"Diario de obra: los oficios de la madera - Teor\u00eda de construcci\u00f3n\",\"isPartOf\":{\"@id\":\"https:\\\/\\\/teoriadeconstruccion.net\\\/blog\\\/#website\"},\"primaryImageOfPage\":{\"@id\":\"https:\\\/\\\/teoriadeconstruccion.net\\\/blog\\\/diario-de-obra-los-oficios-de-la-madera\\\/#primaryimage\"},\"image\":{\"@id\":\"https:\\\/\\\/teoriadeconstruccion.net\\\/blog\\\/diario-de-obra-los-oficios-de-la-madera\\\/#primaryimage\"},\"thumbnailUrl\":\"https:\\\/\\\/i0.wp.com\\\/teoriadeconstruccion.net\\\/blog\\\/wp-content\\\/uploads\\\/2018\\\/10\\\/foxo_IMG_7851.jpg?fit=1200%2C800&ssl=1\",\"datePublished\":\"2018-10-20T10:06:31+00:00\",\"dateModified\":\"2022-10-01T14:41:43+00:00\",\"description\":\"Llega la madera a la obra. \u00bfQu\u00e9 debo de tener en cuenta?\",\"breadcrumb\":{\"@id\":\"https:\\\/\\\/teoriadeconstruccion.net\\\/blog\\\/diario-de-obra-los-oficios-de-la-madera\\\/#breadcrumb\"},\"inLanguage\":\"es\",\"potentialAction\":[{\"@type\":\"ReadAction\",\"target\":[\"https:\\\/\\\/teoriadeconstruccion.net\\\/blog\\\/diario-de-obra-los-oficios-de-la-madera\\\/\"]}]},{\"@type\":\"ImageObject\",\"inLanguage\":\"es\",\"@id\":\"https:\\\/\\\/teoriadeconstruccion.net\\\/blog\\\/diario-de-obra-los-oficios-de-la-madera\\\/#primaryimage\",\"url\":\"https:\\\/\\\/i0.wp.com\\\/teoriadeconstruccion.net\\\/blog\\\/wp-content\\\/uploads\\\/2018\\\/10\\\/foxo_IMG_7851.jpg?fit=1200%2C800&ssl=1\",\"contentUrl\":\"https:\\\/\\\/i0.wp.com\\\/teoriadeconstruccion.net\\\/blog\\\/wp-content\\\/uploads\\\/2018\\\/10\\\/foxo_IMG_7851.jpg?fit=1200%2C800&ssl=1\",\"width\":1200,\"height\":800},{\"@type\":\"BreadcrumbList\",\"@id\":\"https:\\\/\\\/teoriadeconstruccion.net\\\/blog\\\/diario-de-obra-los-oficios-de-la-madera\\\/#breadcrumb\",\"itemListElement\":[{\"@type\":\"ListItem\",\"position\":1,\"name\":\"Home\",\"item\":\"https:\\\/\\\/teoriadeconstruccion.net\\\/blog\\\/\"},{\"@type\":\"ListItem\",\"position\":2,\"name\":\"Diario de obra: los oficios de la madera\"}]},{\"@type\":\"WebSite\",\"@id\":\"https:\\\/\\\/teoriadeconstruccion.net\\\/blog\\\/#website\",\"url\":\"https:\\\/\\\/teoriadeconstruccion.net\\\/blog\\\/\",\"name\":\"Teor\u00eda de construcci\u00f3n\",\"description\":\"blog sobre construcci\u00f3n, teor\u00eda y aplicaci\u00f3n: materiales, normativa de edificaci\u00f3n, sistemas constructivos.\",\"publisher\":{\"@id\":\"https:\\\/\\\/teoriadeconstruccion.net\\\/blog\\\/#organization\"},\"potentialAction\":[{\"@type\":\"SearchAction\",\"target\":{\"@type\":\"EntryPoint\",\"urlTemplate\":\"https:\\\/\\\/teoriadeconstruccion.net\\\/blog\\\/?s={search_term_string}\"},\"query-input\":{\"@type\":\"PropertyValueSpecification\",\"valueRequired\":true,\"valueName\":\"search_term_string\"}}],\"inLanguage\":\"es\"},{\"@type\":\"Organization\",\"@id\":\"https:\\\/\\\/teoriadeconstruccion.net\\\/blog\\\/#organization\",\"name\":\"teoriadeconstruccion.net\",\"url\":\"https:\\\/\\\/teoriadeconstruccion.net\\\/blog\\\/\",\"logo\":{\"@type\":\"ImageObject\",\"inLanguage\":\"es\",\"@id\":\"https:\\\/\\\/teoriadeconstruccion.net\\\/blog\\\/#\\\/schema\\\/logo\\\/image\\\/\",\"url\":\"https:\\\/\\\/i0.wp.com\\\/teoriadeconstruccion.net\\\/blog\\\/wp-content\\\/uploads\\\/2023\\\/08\\\/cropped-logo-2023-sm.jpg?fit=200%2C128&ssl=1\",\"contentUrl\":\"https:\\\/\\\/i0.wp.com\\\/teoriadeconstruccion.net\\\/blog\\\/wp-content\\\/uploads\\\/2023\\\/08\\\/cropped-logo-2023-sm.jpg?fit=200%2C128&ssl=1\",\"width\":200,\"height\":128,\"caption\":\"teoriadeconstruccion.net\"},\"image\":{\"@id\":\"https:\\\/\\\/teoriadeconstruccion.net\\\/blog\\\/#\\\/schema\\\/logo\\\/image\\\/\"},\"sameAs\":[\"https:\\\/\\\/www.facebook.com\\\/teoriadeconstru\",\"https:\\\/\\\/x.com\\\/teoriadeconstru\"]},{\"@type\":\"Person\",\"@id\":\"https:\\\/\\\/teoriadeconstruccion.net\\\/blog\\\/#\\\/schema\\\/person\\\/97bc651383e78ac257b38d0846ac73ca\",\"name\":\"luissantalla\",\"image\":{\"@type\":\"ImageObject\",\"inLanguage\":\"es\",\"@id\":\"https:\\\/\\\/secure.gravatar.com\\\/avatar\\\/56886681d0d1ff9e199d6a1ad65d5b0ca705679d1dc9d88d9e63a5e7baaf36c2?s=96&d=mm&r=g\",\"url\":\"https:\\\/\\\/secure.gravatar.com\\\/avatar\\\/56886681d0d1ff9e199d6a1ad65d5b0ca705679d1dc9d88d9e63a5e7baaf36c2?s=96&d=mm&r=g\",\"contentUrl\":\"https:\\\/\\\/secure.gravatar.com\\\/avatar\\\/56886681d0d1ff9e199d6a1ad65d5b0ca705679d1dc9d88d9e63a5e7baaf36c2?s=96&d=mm&r=g\",\"caption\":\"luissantalla\"},\"description\":\"Luis M Santalla Blanco . Director de teoriadeconstruccion.net, autor en blogs como arquitecturadegalicia.eu. Socio del estudio FLU-OR Arquitectura . ver m\u00e1s sobre el autor\",\"url\":\"https:\\\/\\\/teoriadeconstruccion.net\\\/blog\\\/author\\\/luissantalla\\\/\"}]}<\/script>\n<!-- \/ Yoast SEO plugin. -->","yoast_head_json":{"title":"Diario de obra: los oficios de la madera - Teor\u00eda de construcci\u00f3n","description":"Llega la madera a la obra. \u00bfQu\u00e9 debo de tener en cuenta?","robots":{"index":"index","follow":"follow","max-snippet":"max-snippet:-1","max-image-preview":"max-image-preview:large","max-video-preview":"max-video-preview:-1"},"canonical":"https:\/\/teoriadeconstruccion.net\/blog\/diario-de-obra-los-oficios-de-la-madera\/","og_locale":"es_ES","og_type":"article","og_title":"Diario de obra: los oficios de la madera - Teor\u00eda de construcci\u00f3n","og_description":"Llega la madera a la obra. \u00bfQu\u00e9 debo de tener en cuenta?","og_url":"https:\/\/teoriadeconstruccion.net\/blog\/diario-de-obra-los-oficios-de-la-madera\/","og_site_name":"Teor\u00eda de construcci\u00f3n","article_publisher":"https:\/\/www.facebook.com\/teoriadeconstru","article_published_time":"2018-10-20T10:06:31+00:00","article_modified_time":"2022-10-01T14:41:43+00:00","og_image":[{"width":1200,"height":800,"url":"https:\/\/teoriadeconstruccion.net\/blog\/wp-content\/uploads\/2018\/10\/foxo_IMG_7851.jpg","type":"image\/jpeg"}],"author":"luissantalla","twitter_card":"summary_large_image","twitter_creator":"@teoriadeconstru","twitter_site":"@teoriadeconstru","twitter_misc":{"Escrito por":"luissantalla","Tiempo de lectura":"3 minutos"},"schema":{"@context":"https:\/\/schema.org","@graph":[{"@type":"Article","@id":"https:\/\/teoriadeconstruccion.net\/blog\/diario-de-obra-los-oficios-de-la-madera\/#article","isPartOf":{"@id":"https:\/\/teoriadeconstruccion.net\/blog\/diario-de-obra-los-oficios-de-la-madera\/"},"author":{"name":"luissantalla","@id":"https:\/\/teoriadeconstruccion.net\/blog\/#\/schema\/person\/97bc651383e78ac257b38d0846ac73ca"},"headline":"Diario de obra: los oficios de la madera","datePublished":"2018-10-20T10:06:31+00:00","dateModified":"2022-10-01T14:41:43+00:00","mainEntityOfPage":{"@id":"https:\/\/teoriadeconstruccion.net\/blog\/diario-de-obra-los-oficios-de-la-madera\/"},"wordCount":492,"commentCount":0,"publisher":{"@id":"https:\/\/teoriadeconstruccion.net\/blog\/#organization"},"image":{"@id":"https:\/\/teoriadeconstruccion.net\/blog\/diario-de-obra-los-oficios-de-la-madera\/#primaryimage"},"thumbnailUrl":"https:\/\/i0.wp.com\/teoriadeconstruccion.net\/blog\/wp-content\/uploads\/2018\/10\/foxo_IMG_7851.jpg?fit=1200%2C800&ssl=1","articleSection":["carpinter\u00eda","madera","oficio"],"inLanguage":"es","potentialAction":[{"@type":"CommentAction","name":"Comment","target":["https:\/\/teoriadeconstruccion.net\/blog\/diario-de-obra-los-oficios-de-la-madera\/#respond"]}]},{"@type":"WebPage","@id":"https:\/\/teoriadeconstruccion.net\/blog\/diario-de-obra-los-oficios-de-la-madera\/","url":"https:\/\/teoriadeconstruccion.net\/blog\/diario-de-obra-los-oficios-de-la-madera\/","name":"Diario de obra: los oficios de la madera - Teor\u00eda de construcci\u00f3n","isPartOf":{"@id":"https:\/\/teoriadeconstruccion.net\/blog\/#website"},"primaryImageOfPage":{"@id":"https:\/\/teoriadeconstruccion.net\/blog\/diario-de-obra-los-oficios-de-la-madera\/#primaryimage"},"image":{"@id":"https:\/\/teoriadeconstruccion.net\/blog\/diario-de-obra-los-oficios-de-la-madera\/#primaryimage"},"thumbnailUrl":"https:\/\/i0.wp.com\/teoriadeconstruccion.net\/blog\/wp-content\/uploads\/2018\/10\/foxo_IMG_7851.jpg?fit=1200%2C800&ssl=1","datePublished":"2018-10-20T10:06:31+00:00","dateModified":"2022-10-01T14:41:43+00:00","description":"Llega la madera a la obra. \u00bfQu\u00e9 debo de tener en cuenta?","breadcrumb":{"@id":"https:\/\/teoriadeconstruccion.net\/blog\/diario-de-obra-los-oficios-de-la-madera\/#breadcrumb"},"inLanguage":"es","potentialAction":[{"@type":"ReadAction","target":["https:\/\/teoriadeconstruccion.net\/blog\/diario-de-obra-los-oficios-de-la-madera\/"]}]},{"@type":"ImageObject","inLanguage":"es","@id":"https:\/\/teoriadeconstruccion.net\/blog\/diario-de-obra-los-oficios-de-la-madera\/#primaryimage","url":"https:\/\/i0.wp.com\/teoriadeconstruccion.net\/blog\/wp-content\/uploads\/2018\/10\/foxo_IMG_7851.jpg?fit=1200%2C800&ssl=1","contentUrl":"https:\/\/i0.wp.com\/teoriadeconstruccion.net\/blog\/wp-content\/uploads\/2018\/10\/foxo_IMG_7851.jpg?fit=1200%2C800&ssl=1","width":1200,"height":800},{"@type":"BreadcrumbList","@id":"https:\/\/teoriadeconstruccion.net\/blog\/diario-de-obra-los-oficios-de-la-madera\/#breadcrumb","itemListElement":[{"@type":"ListItem","position":1,"name":"Home","item":"https:\/\/teoriadeconstruccion.net\/blog\/"},{"@type":"ListItem","position":2,"name":"Diario de obra: los oficios de la madera"}]},{"@type":"WebSite","@id":"https:\/\/teoriadeconstruccion.net\/blog\/#website","url":"https:\/\/teoriadeconstruccion.net\/blog\/","name":"Teor\u00eda de construcci\u00f3n","description":"blog sobre construcci\u00f3n, teor\u00eda y aplicaci\u00f3n: materiales, normativa de edificaci\u00f3n, sistemas constructivos.","publisher":{"@id":"https:\/\/teoriadeconstruccion.net\/blog\/#organization"},"potentialAction":[{"@type":"SearchAction","target":{"@type":"EntryPoint","urlTemplate":"https:\/\/teoriadeconstruccion.net\/blog\/?s={search_term_string}"},"query-input":{"@type":"PropertyValueSpecification","valueRequired":true,"valueName":"search_term_string"}}],"inLanguage":"es"},{"@type":"Organization","@id":"https:\/\/teoriadeconstruccion.net\/blog\/#organization","name":"teoriadeconstruccion.net","url":"https:\/\/teoriadeconstruccion.net\/blog\/","logo":{"@type":"ImageObject","inLanguage":"es","@id":"https:\/\/teoriadeconstruccion.net\/blog\/#\/schema\/logo\/image\/","url":"https:\/\/i0.wp.com\/teoriadeconstruccion.net\/blog\/wp-content\/uploads\/2023\/08\/cropped-logo-2023-sm.jpg?fit=200%2C128&ssl=1","contentUrl":"https:\/\/i0.wp.com\/teoriadeconstruccion.net\/blog\/wp-content\/uploads\/2023\/08\/cropped-logo-2023-sm.jpg?fit=200%2C128&ssl=1","width":200,"height":128,"caption":"teoriadeconstruccion.net"},"image":{"@id":"https:\/\/teoriadeconstruccion.net\/blog\/#\/schema\/logo\/image\/"},"sameAs":["https:\/\/www.facebook.com\/teoriadeconstru","https:\/\/x.com\/teoriadeconstru"]},{"@type":"Person","@id":"https:\/\/teoriadeconstruccion.net\/blog\/#\/schema\/person\/97bc651383e78ac257b38d0846ac73ca","name":"luissantalla","image":{"@type":"ImageObject","inLanguage":"es","@id":"https:\/\/secure.gravatar.com\/avatar\/56886681d0d1ff9e199d6a1ad65d5b0ca705679d1dc9d88d9e63a5e7baaf36c2?s=96&d=mm&r=g","url":"https:\/\/secure.gravatar.com\/avatar\/56886681d0d1ff9e199d6a1ad65d5b0ca705679d1dc9d88d9e63a5e7baaf36c2?s=96&d=mm&r=g","contentUrl":"https:\/\/secure.gravatar.com\/avatar\/56886681d0d1ff9e199d6a1ad65d5b0ca705679d1dc9d88d9e63a5e7baaf36c2?s=96&d=mm&r=g","caption":"luissantalla"},"description":"Luis M Santalla Blanco . Director de teoriadeconstruccion.net, autor en blogs como arquitecturadegalicia.eu. Socio del estudio FLU-OR Arquitectura . ver m\u00e1s sobre el autor","url":"https:\/\/teoriadeconstruccion.net\/blog\/author\/luissantalla\/"}]}},"jetpack_publicize_connections":[],"jetpack_featured_media_url":"https:\/\/i0.wp.com\/teoriadeconstruccion.net\/blog\/wp-content\/uploads\/2018\/10\/foxo_IMG_7851.jpg?fit=1200%2C800&ssl=1","jetpack_shortlink":"https:\/\/wp.me\/p3diCd-hXZ","jetpack_sharing_enabled":true,"_links":{"self":[{"href":"https:\/\/teoriadeconstruccion.net\/blog\/wp-json\/wp\/v2\/posts\/69067","targetHints":{"allow":["GET"]}}],"collection":[{"href":"https:\/\/teoriadeconstruccion.net\/blog\/wp-json\/wp\/v2\/posts"}],"about":[{"href":"https:\/\/teoriadeconstruccion.net\/blog\/wp-json\/wp\/v2\/types\/post"}],"author":[{"embeddable":true,"href":"https:\/\/teoriadeconstruccion.net\/blog\/wp-json\/wp\/v2\/users\/1"}],"replies":[{"embeddable":true,"href":"https:\/\/teoriadeconstruccion.net\/blog\/wp-json\/wp\/v2\/comments?post=69067"}],"version-history":[{"count":0,"href":"https:\/\/teoriadeconstruccion.net\/blog\/wp-json\/wp\/v2\/posts\/69067\/revisions"}],"wp:featuredmedia":[{"embeddable":true,"href":"https:\/\/teoriadeconstruccion.net\/blog\/wp-json\/wp\/v2\/media\/69070"}],"wp:attachment":[{"href":"https:\/\/teoriadeconstruccion.net\/blog\/wp-json\/wp\/v2\/media?parent=69067"}],"wp:term":[{"taxonomy":"category","embeddable":true,"href":"https:\/\/teoriadeconstruccion.net\/blog\/wp-json\/wp\/v2\/categories?post=69067"},{"taxonomy":"post_tag","embeddable":true,"href":"https:\/\/teoriadeconstruccion.net\/blog\/wp-json\/wp\/v2\/tags?post=69067"}],"curies":[{"name":"wp","href":"https:\/\/api.w.org\/{rel}","templated":true}]}}