{"id":69008,"date":"2018-06-28T15:58:47","date_gmt":"2018-06-28T14:58:47","guid":{"rendered":"http:\/\/teoriadeconstruccion.net\/blog\/?p=69008"},"modified":"2018-06-28T19:17:37","modified_gmt":"2018-06-28T18:17:37","slug":"diario-de-obra-cuartos-de-bano-alicatados-y-mamparas","status":"publish","type":"post","link":"https:\/\/teoriadeconstruccion.net\/blog\/diario-de-obra-cuartos-de-bano-alicatados-y-mamparas\/","title":{"rendered":"Diario de obra: cuartos de ba\u00f1o, alicatados y mamparas"},"content":{"rendered":"<p>Retomamos el diario de obra convergiendo en los cuartos de ba\u00f1o de una y otra vivienda que vinimos siguiendo hasta ahora. En\u00a0 este art\u00edculo me propongo contar las experiencias que hemos tenido en estos dos proyectos, desde la concepci\u00f3n del espacio del ba\u00f1o como la puesta en obra.<\/p>\n<p>En la fotograf\u00eda superior est\u00e1 la vivienda con el patio interior, el cual da luz a los ba\u00f1os a trav\u00e9s de una ventana alta, como se ve a la izquierda de la imagen. Se mantiene la l\u00ednea de la parte superior del hueco en todo el ba\u00f1o, marcando la altura a la que se sit\u00faa la mampara, la guarnici\u00f3n de la puerta, etc. Hubo que prestar atenci\u00f3n minuciosa, como siempre que se utilizan alicatados, para hacer coincidir las juntas, o aprovechar la transparencia de la mampara para romper l\u00edneas.<\/p>\n<p>Las mamparas tanto de ducha como de ba\u00f1era ampl\u00edan la sensaci\u00f3n de espacio del ba\u00f1o, aportan seguridad frente a resbalones a la salida del agua, una mayor higiene con respecto a cortinas u otros sistemas. Para ver modelos te recomiendo buscar\u00a0<strong><a href=\"https:\/\/www.solomamparas.es\/?utm_source=blog&amp;utm_medium=post&amp;utm_campaign=elcosmonauta&amp;utm_term=mamparas-de-banera-solomamparas.es\">mamparas de ba\u00f1era en solomampara.es\u00a0<\/a>\u00a0<\/strong>y de esta manera poder ver el abanico posible de soluciones.<\/p>\n<p>En la otra vivienda, la cual tiene una ducha que dejo en la imagen inferior, hemos hecho una ducha de obra al igual que la otra, con l\u00e1mina impermeable de Schl\u00fcter y canaleta de recogida de agua con el mismo acabado del pavimento. Particularmente nos gusta esta soluci\u00f3n ya que garantiza una continuidad total en el suelo, una f\u00e1cil accesibilidad y con su forma permite evacuar perfectamente el agua.<\/p>\n<p><img data-recalc-dims=\"1\" decoding=\"async\" class=\"alignnone size-full wp-image-69011\" src=\"https:\/\/i0.wp.com\/teoriadeconstruccion.net\/blog\/wp-content\/uploads\/2018\/06\/teoria-de-construccion-diario-de-obra-ducha.jpg?resize=1200%2C1267\" alt=\"\" width=\"1200\" height=\"1267\" srcset=\"https:\/\/i0.wp.com\/teoriadeconstruccion.net\/blog\/wp-content\/uploads\/2018\/06\/teoria-de-construccion-diario-de-obra-ducha.jpg?w=1200&amp;ssl=1 1200w, https:\/\/i0.wp.com\/teoriadeconstruccion.net\/blog\/wp-content\/uploads\/2018\/06\/teoria-de-construccion-diario-de-obra-ducha.jpg?resize=284%2C300&amp;ssl=1 284w, https:\/\/i0.wp.com\/teoriadeconstruccion.net\/blog\/wp-content\/uploads\/2018\/06\/teoria-de-construccion-diario-de-obra-ducha.jpg?resize=768%2C811&amp;ssl=1 768w, https:\/\/i0.wp.com\/teoriadeconstruccion.net\/blog\/wp-content\/uploads\/2018\/06\/teoria-de-construccion-diario-de-obra-ducha.jpg?resize=970%2C1024&amp;ssl=1 970w\" sizes=\"(max-width: 1200px) 100vw, 1200px\" \/><\/p>\n<p><em>fotograf\u00eda de obra: Vivienda en Dorneda, Oleiros (Flu-or Arquitectura)<\/em><\/p>\n<p>En este detalle se puede ver como la canaleta longitudinal de recogida de aguas se sit\u00faa m\u00e1s baja que el nivel del ba\u00f1o, ejecutando un plano inclinado en el sentido de evacuaci\u00f3n principal, y dos peque\u00f1os planos inclinados en el ajuste contra la l\u00ednea de la mampara. De esta manera no se producen \u00abcuchillos\u00bb peligrosos para los pies descalzos y se mantiene una buena pendiente para permitir la evacuaci\u00f3n del agua.<\/p>\n<p>Es importante realizar correctamente el rejuntado de los alicatados, sobre todo cuando existe cart\u00f3n yeso en los tabiques, que en el caso de la vivienda que estamos tratando se ha realizado de esa manera para poder realizar la instalaci\u00f3n de los grifos empotrables de una manera m\u00e1s c\u00f3moda (desde la parte trasera, antes de colocar la segunda placa de cart\u00f3n yeso)<\/p>\n<p>Cuando decidimos colocar la ba\u00f1era o la ducha contra la ventana, tambi\u00e9n debemos cuidar que los acabados contra la fachada sean lo m\u00e1s finos posible, sellados, rejuntados, con la correcta elecci\u00f3n de los acabados. Igualmente, como el uso de la ba\u00f1era es espor\u00e1dico para ba\u00f1os, igualmente colocamos una mampara para ba\u00f1era en la zona pr\u00f3xima a la alcachofa, para evitar salpicaduras inc\u00f3modas y para mantener la amplitud del espacio del ba\u00f1o.<\/p>\n<p>&nbsp;<\/p>\n<p><img data-recalc-dims=\"1\" decoding=\"async\" class=\"alignnone size-full wp-image-69010\" src=\"https:\/\/i0.wp.com\/teoriadeconstruccion.net\/blog\/wp-content\/uploads\/2018\/06\/teoria-de-construccion-diario-de-obra-ba%C3%B1era-mampara.jpg?resize=1200%2C1684\" alt=\"\" width=\"1200\" height=\"1684\" srcset=\"https:\/\/i0.wp.com\/teoriadeconstruccion.net\/blog\/wp-content\/uploads\/2018\/06\/teoria-de-construccion-diario-de-obra-ba%C3%B1era-mampara.jpg?w=1140&amp;ssl=1 1140w, https:\/\/i0.wp.com\/teoriadeconstruccion.net\/blog\/wp-content\/uploads\/2018\/06\/teoria-de-construccion-diario-de-obra-ba%C3%B1era-mampara.jpg?resize=214%2C300&amp;ssl=1 214w, https:\/\/i0.wp.com\/teoriadeconstruccion.net\/blog\/wp-content\/uploads\/2018\/06\/teoria-de-construccion-diario-de-obra-ba%C3%B1era-mampara.jpg?resize=768%2C1078&amp;ssl=1 768w, https:\/\/i0.wp.com\/teoriadeconstruccion.net\/blog\/wp-content\/uploads\/2018\/06\/teoria-de-construccion-diario-de-obra-ba%C3%B1era-mampara.jpg?resize=730%2C1024&amp;ssl=1 730w\" sizes=\"(max-width: 1200px) 100vw, 1200px\" \/><\/p>\n<p><em>fotograf\u00eda de obra: Vivienda en Dorneda, Oleiros (Flu-or Arquitectura)<\/em><\/p>\n<p>La experiencia nos lleva a estas soluciones limpias, claras como concepto, frescas, sencillas y muy personales, teniendo en cuenta la personalidad propia de los promotores.<\/p>\n<p>&nbsp;<\/p>\n<p>&nbsp;<\/p>\n","protected":false},"excerpt":{"rendered":"<p>Retomamos el diario de obra convergiendo en los cuartos de ba\u00f1o de una y otra vivienda que vinimos siguiendo hasta ahora. En\u00a0 este art\u00edculo me propongo contar las experiencias que hemos tenido en estos dos proyectos, desde la concepci\u00f3n del espacio del ba\u00f1o como la puesta en obra. En la fotograf\u00eda superior est\u00e1 la vivienda&hellip;&nbsp;<a href=\"https:\/\/teoriadeconstruccion.net\/blog\/diario-de-obra-cuartos-de-bano-alicatados-y-mamparas\/\" rel=\"bookmark\">Leer m\u00e1s &raquo;<span class=\"screen-reader-text\">Diario de obra: cuartos de ba\u00f1o, alicatados y mamparas<\/span><\/a><\/p>\n","protected":false},"author":1,"featured_media":69009,"comment_status":"open","ping_status":"open","sticky":false,"template":"","format":"standard","meta":{"neve_meta_sidebar":"","neve_meta_container":"","neve_meta_enable_content_width":"","neve_meta_content_width":0,"neve_meta_title_alignment":"","neve_meta_author_avatar":"","neve_post_elements_order":"","neve_meta_disable_header":"","neve_meta_disable_footer":"","neve_meta_disable_title":"","jetpack_post_was_ever_published":false,"_jetpack_newsletter_access":"","_jetpack_dont_email_post_to_subs":false,"_jetpack_newsletter_tier_id":0,"_jetpack_memberships_contains_paywalled_content":false,"_jetpack_memberships_contains_paid_content":false,"footnotes":"","jetpack_publicize_message":"","jetpack_publicize_feature_enabled":true,"jetpack_social_post_already_shared":true,"jetpack_social_options":{"image_generator_settings":{"template":"highway","default_image_id":0,"font":"","enabled":false},"version":2}},"categories":[16,639,644,654],"tags":[],"class_list":["post-69008","post","type-post","status-publish","format-standard","has-post-thumbnail","hentry","category-alicatado","category-diario-de-obra","category-ducha","category-mampara"],"yoast_head":"<!-- This site is optimized with the Yoast SEO plugin v27.5 - https:\/\/yoast.com\/product\/yoast-seo-wordpress\/ -->\n<title>Diario de obra: cuartos de ba\u00f1o, alicatados y mamparas - Teor\u00eda de construcci\u00f3n<\/title>\n<meta name=\"description\" content=\"En el cap\u00edtulo de hoy convergen dos diarios de obra paralelos, donde hablamos de los ba\u00f1os, alicatados y mamparas.\" \/>\n<meta name=\"robots\" content=\"index, follow, max-snippet:-1, max-image-preview:large, max-video-preview:-1\" \/>\n<link rel=\"canonical\" href=\"https:\/\/teoriadeconstruccion.net\/blog\/diario-de-obra-cuartos-de-bano-alicatados-y-mamparas\/\" \/>\n<meta property=\"og:locale\" content=\"es_ES\" \/>\n<meta property=\"og:type\" content=\"article\" \/>\n<meta property=\"og:title\" content=\"Diario de obra: cuartos de ba\u00f1o, alicatados y mamparas - Teor\u00eda de construcci\u00f3n\" \/>\n<meta property=\"og:description\" content=\"En el cap\u00edtulo de hoy convergen dos diarios de obra paralelos, donde hablamos de los ba\u00f1os, alicatados y mamparas.\" \/>\n<meta property=\"og:url\" content=\"https:\/\/teoriadeconstruccion.net\/blog\/diario-de-obra-cuartos-de-bano-alicatados-y-mamparas\/\" \/>\n<meta property=\"og:site_name\" content=\"Teor\u00eda de construcci\u00f3n\" \/>\n<meta property=\"article:publisher\" content=\"https:\/\/www.facebook.com\/teoriadeconstru\" \/>\n<meta property=\"article:published_time\" content=\"2018-06-28T14:58:47+00:00\" \/>\n<meta property=\"article:modified_time\" content=\"2018-06-28T18:17:37+00:00\" \/>\n<meta property=\"og:image\" content=\"https:\/\/i0.wp.com\/teoriadeconstruccion.net\/blog\/wp-content\/uploads\/2018\/06\/teoria-de-construccion-diario-de-obra-mampara-de-ducha.jpg?fit=1200%2C827&ssl=1\" \/>\n\t<meta property=\"og:image:width\" content=\"1200\" \/>\n\t<meta property=\"og:image:height\" content=\"827\" \/>\n\t<meta property=\"og:image:type\" content=\"image\/jpeg\" \/>\n<meta name=\"author\" content=\"luissantalla\" \/>\n<meta name=\"twitter:card\" content=\"summary_large_image\" \/>\n<meta name=\"twitter:creator\" content=\"@teoriadeconstru\" \/>\n<meta name=\"twitter:site\" content=\"@teoriadeconstru\" \/>\n<meta name=\"twitter:label1\" content=\"Escrito por\" \/>\n\t<meta name=\"twitter:data1\" content=\"luissantalla\" \/>\n\t<meta name=\"twitter:label2\" content=\"Tiempo de lectura\" \/>\n\t<meta name=\"twitter:data2\" content=\"3 minutos\" \/>\n<script type=\"application\/ld+json\" class=\"yoast-schema-graph\">{\"@context\":\"https:\\\/\\\/schema.org\",\"@graph\":[{\"@type\":\"Article\",\"@id\":\"https:\\\/\\\/teoriadeconstruccion.net\\\/blog\\\/diario-de-obra-cuartos-de-bano-alicatados-y-mamparas\\\/#article\",\"isPartOf\":{\"@id\":\"https:\\\/\\\/teoriadeconstruccion.net\\\/blog\\\/diario-de-obra-cuartos-de-bano-alicatados-y-mamparas\\\/\"},\"author\":{\"name\":\"luissantalla\",\"@id\":\"https:\\\/\\\/teoriadeconstruccion.net\\\/blog\\\/#\\\/schema\\\/person\\\/97bc651383e78ac257b38d0846ac73ca\"},\"headline\":\"Diario de obra: cuartos de ba\u00f1o, alicatados y mamparas\",\"datePublished\":\"2018-06-28T14:58:47+00:00\",\"dateModified\":\"2018-06-28T18:17:37+00:00\",\"mainEntityOfPage\":{\"@id\":\"https:\\\/\\\/teoriadeconstruccion.net\\\/blog\\\/diario-de-obra-cuartos-de-bano-alicatados-y-mamparas\\\/\"},\"wordCount\":570,\"commentCount\":2,\"publisher\":{\"@id\":\"https:\\\/\\\/teoriadeconstruccion.net\\\/blog\\\/#organization\"},\"image\":{\"@id\":\"https:\\\/\\\/teoriadeconstruccion.net\\\/blog\\\/diario-de-obra-cuartos-de-bano-alicatados-y-mamparas\\\/#primaryimage\"},\"thumbnailUrl\":\"https:\\\/\\\/i0.wp.com\\\/teoriadeconstruccion.net\\\/blog\\\/wp-content\\\/uploads\\\/2018\\\/06\\\/teoria-de-construccion-diario-de-obra-mampara-de-ducha.jpg?fit=1200%2C827&ssl=1\",\"articleSection\":[\"alicatado\",\"diario de obra\",\"ducha\",\"mampara\"],\"inLanguage\":\"es\",\"potentialAction\":[{\"@type\":\"CommentAction\",\"name\":\"Comment\",\"target\":[\"https:\\\/\\\/teoriadeconstruccion.net\\\/blog\\\/diario-de-obra-cuartos-de-bano-alicatados-y-mamparas\\\/#respond\"]}]},{\"@type\":\"WebPage\",\"@id\":\"https:\\\/\\\/teoriadeconstruccion.net\\\/blog\\\/diario-de-obra-cuartos-de-bano-alicatados-y-mamparas\\\/\",\"url\":\"https:\\\/\\\/teoriadeconstruccion.net\\\/blog\\\/diario-de-obra-cuartos-de-bano-alicatados-y-mamparas\\\/\",\"name\":\"Diario de obra: cuartos de ba\u00f1o, alicatados y mamparas - Teor\u00eda de construcci\u00f3n\",\"isPartOf\":{\"@id\":\"https:\\\/\\\/teoriadeconstruccion.net\\\/blog\\\/#website\"},\"primaryImageOfPage\":{\"@id\":\"https:\\\/\\\/teoriadeconstruccion.net\\\/blog\\\/diario-de-obra-cuartos-de-bano-alicatados-y-mamparas\\\/#primaryimage\"},\"image\":{\"@id\":\"https:\\\/\\\/teoriadeconstruccion.net\\\/blog\\\/diario-de-obra-cuartos-de-bano-alicatados-y-mamparas\\\/#primaryimage\"},\"thumbnailUrl\":\"https:\\\/\\\/i0.wp.com\\\/teoriadeconstruccion.net\\\/blog\\\/wp-content\\\/uploads\\\/2018\\\/06\\\/teoria-de-construccion-diario-de-obra-mampara-de-ducha.jpg?fit=1200%2C827&ssl=1\",\"datePublished\":\"2018-06-28T14:58:47+00:00\",\"dateModified\":\"2018-06-28T18:17:37+00:00\",\"description\":\"En el cap\u00edtulo de hoy convergen dos diarios de obra paralelos, donde hablamos de los ba\u00f1os, alicatados y mamparas.\",\"breadcrumb\":{\"@id\":\"https:\\\/\\\/teoriadeconstruccion.net\\\/blog\\\/diario-de-obra-cuartos-de-bano-alicatados-y-mamparas\\\/#breadcrumb\"},\"inLanguage\":\"es\",\"potentialAction\":[{\"@type\":\"ReadAction\",\"target\":[\"https:\\\/\\\/teoriadeconstruccion.net\\\/blog\\\/diario-de-obra-cuartos-de-bano-alicatados-y-mamparas\\\/\"]}]},{\"@type\":\"ImageObject\",\"inLanguage\":\"es\",\"@id\":\"https:\\\/\\\/teoriadeconstruccion.net\\\/blog\\\/diario-de-obra-cuartos-de-bano-alicatados-y-mamparas\\\/#primaryimage\",\"url\":\"https:\\\/\\\/i0.wp.com\\\/teoriadeconstruccion.net\\\/blog\\\/wp-content\\\/uploads\\\/2018\\\/06\\\/teoria-de-construccion-diario-de-obra-mampara-de-ducha.jpg?fit=1200%2C827&ssl=1\",\"contentUrl\":\"https:\\\/\\\/i0.wp.com\\\/teoriadeconstruccion.net\\\/blog\\\/wp-content\\\/uploads\\\/2018\\\/06\\\/teoria-de-construccion-diario-de-obra-mampara-de-ducha.jpg?fit=1200%2C827&ssl=1\",\"width\":1200,\"height\":827},{\"@type\":\"BreadcrumbList\",\"@id\":\"https:\\\/\\\/teoriadeconstruccion.net\\\/blog\\\/diario-de-obra-cuartos-de-bano-alicatados-y-mamparas\\\/#breadcrumb\",\"itemListElement\":[{\"@type\":\"ListItem\",\"position\":1,\"name\":\"Home\",\"item\":\"https:\\\/\\\/teoriadeconstruccion.net\\\/blog\\\/\"},{\"@type\":\"ListItem\",\"position\":2,\"name\":\"Diario de obra: cuartos de ba\u00f1o, alicatados y mamparas\"}]},{\"@type\":\"WebSite\",\"@id\":\"https:\\\/\\\/teoriadeconstruccion.net\\\/blog\\\/#website\",\"url\":\"https:\\\/\\\/teoriadeconstruccion.net\\\/blog\\\/\",\"name\":\"Teor\u00eda de construcci\u00f3n\",\"description\":\"blog sobre construcci\u00f3n, teor\u00eda y aplicaci\u00f3n: materiales, normativa de edificaci\u00f3n, sistemas constructivos.\",\"publisher\":{\"@id\":\"https:\\\/\\\/teoriadeconstruccion.net\\\/blog\\\/#organization\"},\"potentialAction\":[{\"@type\":\"SearchAction\",\"target\":{\"@type\":\"EntryPoint\",\"urlTemplate\":\"https:\\\/\\\/teoriadeconstruccion.net\\\/blog\\\/?s={search_term_string}\"},\"query-input\":{\"@type\":\"PropertyValueSpecification\",\"valueRequired\":true,\"valueName\":\"search_term_string\"}}],\"inLanguage\":\"es\"},{\"@type\":\"Organization\",\"@id\":\"https:\\\/\\\/teoriadeconstruccion.net\\\/blog\\\/#organization\",\"name\":\"teoriadeconstruccion.net\",\"url\":\"https:\\\/\\\/teoriadeconstruccion.net\\\/blog\\\/\",\"logo\":{\"@type\":\"ImageObject\",\"inLanguage\":\"es\",\"@id\":\"https:\\\/\\\/teoriadeconstruccion.net\\\/blog\\\/#\\\/schema\\\/logo\\\/image\\\/\",\"url\":\"https:\\\/\\\/i0.wp.com\\\/teoriadeconstruccion.net\\\/blog\\\/wp-content\\\/uploads\\\/2023\\\/08\\\/cropped-logo-2023-sm.jpg?fit=200%2C128&ssl=1\",\"contentUrl\":\"https:\\\/\\\/i0.wp.com\\\/teoriadeconstruccion.net\\\/blog\\\/wp-content\\\/uploads\\\/2023\\\/08\\\/cropped-logo-2023-sm.jpg?fit=200%2C128&ssl=1\",\"width\":200,\"height\":128,\"caption\":\"teoriadeconstruccion.net\"},\"image\":{\"@id\":\"https:\\\/\\\/teoriadeconstruccion.net\\\/blog\\\/#\\\/schema\\\/logo\\\/image\\\/\"},\"sameAs\":[\"https:\\\/\\\/www.facebook.com\\\/teoriadeconstru\",\"https:\\\/\\\/x.com\\\/teoriadeconstru\"]},{\"@type\":\"Person\",\"@id\":\"https:\\\/\\\/teoriadeconstruccion.net\\\/blog\\\/#\\\/schema\\\/person\\\/97bc651383e78ac257b38d0846ac73ca\",\"name\":\"luissantalla\",\"image\":{\"@type\":\"ImageObject\",\"inLanguage\":\"es\",\"@id\":\"https:\\\/\\\/secure.gravatar.com\\\/avatar\\\/56886681d0d1ff9e199d6a1ad65d5b0ca705679d1dc9d88d9e63a5e7baaf36c2?s=96&d=mm&r=g\",\"url\":\"https:\\\/\\\/secure.gravatar.com\\\/avatar\\\/56886681d0d1ff9e199d6a1ad65d5b0ca705679d1dc9d88d9e63a5e7baaf36c2?s=96&d=mm&r=g\",\"contentUrl\":\"https:\\\/\\\/secure.gravatar.com\\\/avatar\\\/56886681d0d1ff9e199d6a1ad65d5b0ca705679d1dc9d88d9e63a5e7baaf36c2?s=96&d=mm&r=g\",\"caption\":\"luissantalla\"},\"description\":\"Luis M Santalla Blanco . Director de teoriadeconstruccion.net, autor en blogs como arquitecturadegalicia.eu. Socio del estudio FLU-OR Arquitectura . ver m\u00e1s sobre el autor\",\"url\":\"https:\\\/\\\/teoriadeconstruccion.net\\\/blog\\\/author\\\/luissantalla\\\/\"}]}<\/script>\n<!-- \/ Yoast SEO plugin. -->","yoast_head_json":{"title":"Diario de obra: cuartos de ba\u00f1o, alicatados y mamparas - Teor\u00eda de construcci\u00f3n","description":"En el cap\u00edtulo de hoy convergen dos diarios de obra paralelos, donde hablamos de los ba\u00f1os, alicatados y mamparas.","robots":{"index":"index","follow":"follow","max-snippet":"max-snippet:-1","max-image-preview":"max-image-preview:large","max-video-preview":"max-video-preview:-1"},"canonical":"https:\/\/teoriadeconstruccion.net\/blog\/diario-de-obra-cuartos-de-bano-alicatados-y-mamparas\/","og_locale":"es_ES","og_type":"article","og_title":"Diario de obra: cuartos de ba\u00f1o, alicatados y mamparas - Teor\u00eda de construcci\u00f3n","og_description":"En el cap\u00edtulo de hoy convergen dos diarios de obra paralelos, donde hablamos de los ba\u00f1os, alicatados y mamparas.","og_url":"https:\/\/teoriadeconstruccion.net\/blog\/diario-de-obra-cuartos-de-bano-alicatados-y-mamparas\/","og_site_name":"Teor\u00eda de construcci\u00f3n","article_publisher":"https:\/\/www.facebook.com\/teoriadeconstru","article_published_time":"2018-06-28T14:58:47+00:00","article_modified_time":"2018-06-28T18:17:37+00:00","og_image":[{"width":1200,"height":827,"url":"https:\/\/i0.wp.com\/teoriadeconstruccion.net\/blog\/wp-content\/uploads\/2018\/06\/teoria-de-construccion-diario-de-obra-mampara-de-ducha.jpg?fit=1200%2C827&ssl=1","type":"image\/jpeg"}],"author":"luissantalla","twitter_card":"summary_large_image","twitter_creator":"@teoriadeconstru","twitter_site":"@teoriadeconstru","twitter_misc":{"Escrito por":"luissantalla","Tiempo de lectura":"3 minutos"},"schema":{"@context":"https:\/\/schema.org","@graph":[{"@type":"Article","@id":"https:\/\/teoriadeconstruccion.net\/blog\/diario-de-obra-cuartos-de-bano-alicatados-y-mamparas\/#article","isPartOf":{"@id":"https:\/\/teoriadeconstruccion.net\/blog\/diario-de-obra-cuartos-de-bano-alicatados-y-mamparas\/"},"author":{"name":"luissantalla","@id":"https:\/\/teoriadeconstruccion.net\/blog\/#\/schema\/person\/97bc651383e78ac257b38d0846ac73ca"},"headline":"Diario de obra: cuartos de ba\u00f1o, alicatados y mamparas","datePublished":"2018-06-28T14:58:47+00:00","dateModified":"2018-06-28T18:17:37+00:00","mainEntityOfPage":{"@id":"https:\/\/teoriadeconstruccion.net\/blog\/diario-de-obra-cuartos-de-bano-alicatados-y-mamparas\/"},"wordCount":570,"commentCount":2,"publisher":{"@id":"https:\/\/teoriadeconstruccion.net\/blog\/#organization"},"image":{"@id":"https:\/\/teoriadeconstruccion.net\/blog\/diario-de-obra-cuartos-de-bano-alicatados-y-mamparas\/#primaryimage"},"thumbnailUrl":"https:\/\/i0.wp.com\/teoriadeconstruccion.net\/blog\/wp-content\/uploads\/2018\/06\/teoria-de-construccion-diario-de-obra-mampara-de-ducha.jpg?fit=1200%2C827&ssl=1","articleSection":["alicatado","diario de obra","ducha","mampara"],"inLanguage":"es","potentialAction":[{"@type":"CommentAction","name":"Comment","target":["https:\/\/teoriadeconstruccion.net\/blog\/diario-de-obra-cuartos-de-bano-alicatados-y-mamparas\/#respond"]}]},{"@type":"WebPage","@id":"https:\/\/teoriadeconstruccion.net\/blog\/diario-de-obra-cuartos-de-bano-alicatados-y-mamparas\/","url":"https:\/\/teoriadeconstruccion.net\/blog\/diario-de-obra-cuartos-de-bano-alicatados-y-mamparas\/","name":"Diario de obra: cuartos de ba\u00f1o, alicatados y mamparas - Teor\u00eda de construcci\u00f3n","isPartOf":{"@id":"https:\/\/teoriadeconstruccion.net\/blog\/#website"},"primaryImageOfPage":{"@id":"https:\/\/teoriadeconstruccion.net\/blog\/diario-de-obra-cuartos-de-bano-alicatados-y-mamparas\/#primaryimage"},"image":{"@id":"https:\/\/teoriadeconstruccion.net\/blog\/diario-de-obra-cuartos-de-bano-alicatados-y-mamparas\/#primaryimage"},"thumbnailUrl":"https:\/\/i0.wp.com\/teoriadeconstruccion.net\/blog\/wp-content\/uploads\/2018\/06\/teoria-de-construccion-diario-de-obra-mampara-de-ducha.jpg?fit=1200%2C827&ssl=1","datePublished":"2018-06-28T14:58:47+00:00","dateModified":"2018-06-28T18:17:37+00:00","description":"En el cap\u00edtulo de hoy convergen dos diarios de obra paralelos, donde hablamos de los ba\u00f1os, alicatados y mamparas.","breadcrumb":{"@id":"https:\/\/teoriadeconstruccion.net\/blog\/diario-de-obra-cuartos-de-bano-alicatados-y-mamparas\/#breadcrumb"},"inLanguage":"es","potentialAction":[{"@type":"ReadAction","target":["https:\/\/teoriadeconstruccion.net\/blog\/diario-de-obra-cuartos-de-bano-alicatados-y-mamparas\/"]}]},{"@type":"ImageObject","inLanguage":"es","@id":"https:\/\/teoriadeconstruccion.net\/blog\/diario-de-obra-cuartos-de-bano-alicatados-y-mamparas\/#primaryimage","url":"https:\/\/i0.wp.com\/teoriadeconstruccion.net\/blog\/wp-content\/uploads\/2018\/06\/teoria-de-construccion-diario-de-obra-mampara-de-ducha.jpg?fit=1200%2C827&ssl=1","contentUrl":"https:\/\/i0.wp.com\/teoriadeconstruccion.net\/blog\/wp-content\/uploads\/2018\/06\/teoria-de-construccion-diario-de-obra-mampara-de-ducha.jpg?fit=1200%2C827&ssl=1","width":1200,"height":827},{"@type":"BreadcrumbList","@id":"https:\/\/teoriadeconstruccion.net\/blog\/diario-de-obra-cuartos-de-bano-alicatados-y-mamparas\/#breadcrumb","itemListElement":[{"@type":"ListItem","position":1,"name":"Home","item":"https:\/\/teoriadeconstruccion.net\/blog\/"},{"@type":"ListItem","position":2,"name":"Diario de obra: cuartos de ba\u00f1o, alicatados y mamparas"}]},{"@type":"WebSite","@id":"https:\/\/teoriadeconstruccion.net\/blog\/#website","url":"https:\/\/teoriadeconstruccion.net\/blog\/","name":"Teor\u00eda de construcci\u00f3n","description":"blog sobre construcci\u00f3n, teor\u00eda y aplicaci\u00f3n: materiales, normativa de edificaci\u00f3n, sistemas constructivos.","publisher":{"@id":"https:\/\/teoriadeconstruccion.net\/blog\/#organization"},"potentialAction":[{"@type":"SearchAction","target":{"@type":"EntryPoint","urlTemplate":"https:\/\/teoriadeconstruccion.net\/blog\/?s={search_term_string}"},"query-input":{"@type":"PropertyValueSpecification","valueRequired":true,"valueName":"search_term_string"}}],"inLanguage":"es"},{"@type":"Organization","@id":"https:\/\/teoriadeconstruccion.net\/blog\/#organization","name":"teoriadeconstruccion.net","url":"https:\/\/teoriadeconstruccion.net\/blog\/","logo":{"@type":"ImageObject","inLanguage":"es","@id":"https:\/\/teoriadeconstruccion.net\/blog\/#\/schema\/logo\/image\/","url":"https:\/\/i0.wp.com\/teoriadeconstruccion.net\/blog\/wp-content\/uploads\/2023\/08\/cropped-logo-2023-sm.jpg?fit=200%2C128&ssl=1","contentUrl":"https:\/\/i0.wp.com\/teoriadeconstruccion.net\/blog\/wp-content\/uploads\/2023\/08\/cropped-logo-2023-sm.jpg?fit=200%2C128&ssl=1","width":200,"height":128,"caption":"teoriadeconstruccion.net"},"image":{"@id":"https:\/\/teoriadeconstruccion.net\/blog\/#\/schema\/logo\/image\/"},"sameAs":["https:\/\/www.facebook.com\/teoriadeconstru","https:\/\/x.com\/teoriadeconstru"]},{"@type":"Person","@id":"https:\/\/teoriadeconstruccion.net\/blog\/#\/schema\/person\/97bc651383e78ac257b38d0846ac73ca","name":"luissantalla","image":{"@type":"ImageObject","inLanguage":"es","@id":"https:\/\/secure.gravatar.com\/avatar\/56886681d0d1ff9e199d6a1ad65d5b0ca705679d1dc9d88d9e63a5e7baaf36c2?s=96&d=mm&r=g","url":"https:\/\/secure.gravatar.com\/avatar\/56886681d0d1ff9e199d6a1ad65d5b0ca705679d1dc9d88d9e63a5e7baaf36c2?s=96&d=mm&r=g","contentUrl":"https:\/\/secure.gravatar.com\/avatar\/56886681d0d1ff9e199d6a1ad65d5b0ca705679d1dc9d88d9e63a5e7baaf36c2?s=96&d=mm&r=g","caption":"luissantalla"},"description":"Luis M Santalla Blanco . Director de teoriadeconstruccion.net, autor en blogs como arquitecturadegalicia.eu. Socio del estudio FLU-OR Arquitectura . ver m\u00e1s sobre el autor","url":"https:\/\/teoriadeconstruccion.net\/blog\/author\/luissantalla\/"}]}},"jetpack_publicize_connections":[],"jetpack_featured_media_url":"https:\/\/i0.wp.com\/teoriadeconstruccion.net\/blog\/wp-content\/uploads\/2018\/06\/teoria-de-construccion-diario-de-obra-mampara-de-ducha.jpg?fit=1200%2C827&ssl=1","jetpack_shortlink":"https:\/\/wp.me\/p3diCd-hX2","jetpack_sharing_enabled":true,"_links":{"self":[{"href":"https:\/\/teoriadeconstruccion.net\/blog\/wp-json\/wp\/v2\/posts\/69008","targetHints":{"allow":["GET"]}}],"collection":[{"href":"https:\/\/teoriadeconstruccion.net\/blog\/wp-json\/wp\/v2\/posts"}],"about":[{"href":"https:\/\/teoriadeconstruccion.net\/blog\/wp-json\/wp\/v2\/types\/post"}],"author":[{"embeddable":true,"href":"https:\/\/teoriadeconstruccion.net\/blog\/wp-json\/wp\/v2\/users\/1"}],"replies":[{"embeddable":true,"href":"https:\/\/teoriadeconstruccion.net\/blog\/wp-json\/wp\/v2\/comments?post=69008"}],"version-history":[{"count":0,"href":"https:\/\/teoriadeconstruccion.net\/blog\/wp-json\/wp\/v2\/posts\/69008\/revisions"}],"wp:featuredmedia":[{"embeddable":true,"href":"https:\/\/teoriadeconstruccion.net\/blog\/wp-json\/wp\/v2\/media\/69009"}],"wp:attachment":[{"href":"https:\/\/teoriadeconstruccion.net\/blog\/wp-json\/wp\/v2\/media?parent=69008"}],"wp:term":[{"taxonomy":"category","embeddable":true,"href":"https:\/\/teoriadeconstruccion.net\/blog\/wp-json\/wp\/v2\/categories?post=69008"},{"taxonomy":"post_tag","embeddable":true,"href":"https:\/\/teoriadeconstruccion.net\/blog\/wp-json\/wp\/v2\/tags?post=69008"}],"curies":[{"name":"wp","href":"https:\/\/api.w.org\/{rel}","templated":true}]}}