{"id":68964,"date":"2018-05-22T14:51:25","date_gmt":"2018-05-22T13:51:25","guid":{"rendered":"http:\/\/teoriadeconstruccion.net\/blog\/?p=68964"},"modified":"2018-05-22T14:51:25","modified_gmt":"2018-05-22T13:51:25","slug":"modulos-prefabricados-refugios","status":"publish","type":"post","link":"https:\/\/teoriadeconstruccion.net\/blog\/modulos-prefabricados-refugios\/","title":{"rendered":"M\u00f3dulos prefabricados: m\u00e1s que simples refugios"},"content":{"rendered":"<p>Se podr\u00eda decir que la mayor importancia de su crecimiento como producto fue a principios del siglo XX, si si, hace 100 a\u00f1os. Aunque su origen conceptual ya lo cre\u00f3 el carpintero John Manning en 1830, hace casi dos siglos, creando una vivienda para su hijo que \u00abse iba a estudiar fuera\u00bb. Su desarrollo industrial lo llevaron a cabo\u00a0Sears Roebuck and Co. (1908-1940) dentro de su cat\u00e1logo infinito de productos en la Am\u00e9rica de entreguerras.<\/p>\n<p>\u00abLa idea de llevar los componentes de la\u00a0construcci\u00f3n a la cadena de montaje puede sonar moderna, pero es centenaria. Las primeras casas levantadas con componentes modulares se empezaron a vender en 1837 entre los inmigrantes en Australia. Herbert Manning dise\u00f1\u00f3 sus portable \u201ccolonial cottages\u201d espec\u00edficamente para ser transportados en barco. \u201cNinguna de las piezas es tan pesada que un hombre o un muchacho no pueda cargarla f\u00e1cilmente algunas millas, incluso sin la ayuda de bestias de carga\u201d, rezaba el folleto promocional.\u00bb &#8211;\u00a0 seg\u00fan dicen\u00a0Daniel Ropero Rago\u00a0y Ana Comas Mora.<\/p>\n<p>El hecho que m\u00e1s preocupaba no era el uso en s\u00ed, sino la capacidad de estas nuevas construcciones para construirse f\u00e1cilmente, transportarse, modularse, etc. Es por ello que el uso vivienda se dej\u00f3 parcialmente de lado y han empezado a desarrollar<strong><a href=\"https:\/\/www.algeco.es\/\"> casetas prefabricadas <\/a><\/strong>aptas para infinidad de usos: tanto en situaciones de emergencia, refugiados por guerra o cambio clim\u00e1tico, situaciones de cat\u00e1strofe, o usos temporales como oficinas y escuelas.<\/p>\n<p>La imagen destacada es de una escuela en Barcelona, de \u00c1lvaro M. Acosta, realizada con m\u00f3dulos prefabricados. Particularmente no puedo llegar a saber si, como se dice, la construcci\u00f3n modular y prefabricada es m\u00e1s amable con el medio ambiente, entiendo que lo ser\u00e1 si no se utilizan materiales que en su fabricaci\u00f3n emitan CO2 u otros contaminantes, o que no requieran de derivados del petr\u00f3leo, etc&#8230;<\/p>\n<p>Lo que s\u00ed podemos saber es que son sistemas de f\u00e1cil montaje, perfectamente ajustables a distintos usos y acabados, ya que los fabricantes tienen varias medidas sobre un mismo m\u00f3dulo. Su fabricaci\u00f3n en taller garantiza unas mejores soluciones constructivas que aquellas que se pueden dar en obra, como por ejemplo las soldaduras, la prevenci\u00f3n de \u00f3xido de la estructura, pasos de instalaciones&#8230;<\/p>\n<p><img data-recalc-dims=\"1\" decoding=\"async\" class=\"alignnone size-full wp-image-68966\" src=\"https:\/\/i0.wp.com\/teoriadeconstruccion.net\/blog\/wp-content\/uploads\/2018\/05\/algeco-casetas-prefabricadas-teoria-de-construccion.jpg?resize=638%2C480\" alt=\"\" width=\"638\" height=\"480\" srcset=\"https:\/\/i0.wp.com\/teoriadeconstruccion.net\/blog\/wp-content\/uploads\/2018\/05\/algeco-casetas-prefabricadas-teoria-de-construccion.jpg?w=638&amp;ssl=1 638w, https:\/\/i0.wp.com\/teoriadeconstruccion.net\/blog\/wp-content\/uploads\/2018\/05\/algeco-casetas-prefabricadas-teoria-de-construccion.jpg?resize=300%2C226&amp;ssl=1 300w\" sizes=\"(max-width: 638px) 100vw, 638px\" \/><\/p>\n<p>Su repetici\u00f3n a lo largo del tiempo ayuda a la optimizaci\u00f3n, tanto de las estructuras base como de los acabados. Las empresas suelen contar con dise\u00f1adores o arquitectos para ayudar con las distribuciones y la configuraci\u00f3n de los m\u00f3dulos, aunque invito desde aqu\u00ed a los dem\u00e1s estudios de arquitectura a experimentar con estas construcciones, que son incluso reutilizables.<\/p>\n<p>Otro salto, respecto a lo que aprendimos sobre el siglo pasado, es que hoy en dia tenemos la capacidad adaptativa y la programaci\u00f3n, gracias al desarrollo de la tecnolog\u00eda, que permite proyectar con m\u00f3dulos base, en BIM por ejemplo, y utilizarlos como un punto de origen. Aunque no dista mucho de una estructura base de pilares y vigas de acero, su utilizaci\u00f3n como elemento modular es una buena base para empezar un proyecto de oficinas, escuelas, desarrollo de zonas en situaciones de emergencia, etc.<\/p>\n","protected":false},"excerpt":{"rendered":"<p>Se podr\u00eda decir que la mayor importancia de su crecimiento como producto fue a principios del siglo XX, si si, hace 100 a\u00f1os. Aunque su origen conceptual ya lo cre\u00f3 el carpintero John Manning en 1830, hace casi dos siglos, creando una vivienda para su hijo que \u00abse iba a estudiar fuera\u00bb. Su desarrollo industrial&hellip;&nbsp;<a href=\"https:\/\/teoriadeconstruccion.net\/blog\/modulos-prefabricados-refugios\/\" rel=\"bookmark\">Leer m\u00e1s &raquo;<span class=\"screen-reader-text\">M\u00f3dulos prefabricados: m\u00e1s que simples refugios<\/span><\/a><\/p>\n","protected":false},"author":1,"featured_media":68965,"comment_status":"open","ping_status":"open","sticky":false,"template":"","format":"standard","meta":{"neve_meta_sidebar":"","neve_meta_container":"","neve_meta_enable_content_width":"","neve_meta_content_width":0,"neve_meta_title_alignment":"","neve_meta_author_avatar":"","neve_post_elements_order":"","neve_meta_disable_header":"","neve_meta_disable_footer":"","neve_meta_disable_title":"","jetpack_post_was_ever_published":false,"_jetpack_newsletter_access":"","_jetpack_dont_email_post_to_subs":false,"_jetpack_newsletter_tier_id":0,"_jetpack_memberships_contains_paywalled_content":false,"_jetpack_memberships_contains_paid_content":false,"footnotes":"","jetpack_publicize_message":"","jetpack_publicize_feature_enabled":true,"jetpack_social_post_already_shared":true,"jetpack_social_options":{"image_generator_settings":{"template":"highway","default_image_id":0,"font":"","enabled":false},"version":2}},"categories":[120,541,159],"tags":[],"class_list":["post-68964","post","type-post","status-publish","format-standard","has-post-thumbnail","hentry","category-perfiles","category-sistema-constructivo","category-tablero"],"yoast_head":"<!-- This site is optimized with the Yoast SEO plugin v27.5 - https:\/\/yoast.com\/product\/yoast-seo-wordpress\/ -->\n<title>M\u00f3dulos prefabricados: m\u00e1s que simples refugios<\/title>\n<meta name=\"description\" content=\"Hablamos del origen modesto de los m\u00f3dulos prefabricados y de su \u00e9xito total, \u00a1hace 100 a\u00f1os! \u00bfHacia donde van ahora?\" \/>\n<meta name=\"robots\" content=\"index, follow, max-snippet:-1, max-image-preview:large, max-video-preview:-1\" \/>\n<link rel=\"canonical\" href=\"https:\/\/teoriadeconstruccion.net\/blog\/modulos-prefabricados-refugios\/\" \/>\n<meta property=\"og:locale\" content=\"es_ES\" \/>\n<meta property=\"og:type\" content=\"article\" \/>\n<meta property=\"og:title\" content=\"M\u00f3dulos prefabricados: m\u00e1s que simples refugios\" \/>\n<meta property=\"og:description\" content=\"Hablamos del origen modesto de los m\u00f3dulos prefabricados y de su \u00e9xito total, \u00a1hace 100 a\u00f1os! \u00bfHacia donde van ahora?\" \/>\n<meta property=\"og:url\" content=\"https:\/\/teoriadeconstruccion.net\/blog\/modulos-prefabricados-refugios\/\" \/>\n<meta property=\"og:site_name\" content=\"Teor\u00eda de construcci\u00f3n\" \/>\n<meta property=\"article:publisher\" content=\"https:\/\/www.facebook.com\/teoriadeconstru\" \/>\n<meta property=\"article:published_time\" content=\"2018-05-22T13:51:25+00:00\" \/>\n<meta property=\"og:image\" content=\"https:\/\/i0.wp.com\/teoriadeconstruccion.net\/blog\/wp-content\/uploads\/2018\/05\/algeco-casetas-prefabricadas-barcelona-teoria-de-construccion.jpg?fit=1000%2C667&ssl=1\" \/>\n\t<meta property=\"og:image:width\" content=\"1000\" \/>\n\t<meta property=\"og:image:height\" content=\"667\" \/>\n\t<meta property=\"og:image:type\" content=\"image\/jpeg\" \/>\n<meta name=\"author\" content=\"luissantalla\" \/>\n<meta name=\"twitter:card\" content=\"summary_large_image\" \/>\n<meta name=\"twitter:creator\" content=\"@teoriadeconstru\" \/>\n<meta name=\"twitter:site\" content=\"@teoriadeconstru\" \/>\n<meta name=\"twitter:label1\" content=\"Escrito por\" \/>\n\t<meta name=\"twitter:data1\" content=\"luissantalla\" \/>\n\t<meta name=\"twitter:label2\" content=\"Tiempo de lectura\" \/>\n\t<meta name=\"twitter:data2\" content=\"3 minutos\" \/>\n<script type=\"application\/ld+json\" class=\"yoast-schema-graph\">{\"@context\":\"https:\\\/\\\/schema.org\",\"@graph\":[{\"@type\":\"Article\",\"@id\":\"https:\\\/\\\/teoriadeconstruccion.net\\\/blog\\\/modulos-prefabricados-refugios\\\/#article\",\"isPartOf\":{\"@id\":\"https:\\\/\\\/teoriadeconstruccion.net\\\/blog\\\/modulos-prefabricados-refugios\\\/\"},\"author\":{\"name\":\"luissantalla\",\"@id\":\"https:\\\/\\\/teoriadeconstruccion.net\\\/blog\\\/#\\\/schema\\\/person\\\/97bc651383e78ac257b38d0846ac73ca\"},\"headline\":\"M\u00f3dulos prefabricados: m\u00e1s que simples refugios\",\"datePublished\":\"2018-05-22T13:51:25+00:00\",\"mainEntityOfPage\":{\"@id\":\"https:\\\/\\\/teoriadeconstruccion.net\\\/blog\\\/modulos-prefabricados-refugios\\\/\"},\"wordCount\":543,\"commentCount\":0,\"publisher\":{\"@id\":\"https:\\\/\\\/teoriadeconstruccion.net\\\/blog\\\/#organization\"},\"image\":{\"@id\":\"https:\\\/\\\/teoriadeconstruccion.net\\\/blog\\\/modulos-prefabricados-refugios\\\/#primaryimage\"},\"thumbnailUrl\":\"https:\\\/\\\/i0.wp.com\\\/teoriadeconstruccion.net\\\/blog\\\/wp-content\\\/uploads\\\/2018\\\/05\\\/algeco-casetas-prefabricadas-barcelona-teoria-de-construccion.jpg?fit=1000%2C667&ssl=1\",\"articleSection\":[\"perfiles\",\"sistema constructivo\",\"tablero\"],\"inLanguage\":\"es\",\"potentialAction\":[{\"@type\":\"CommentAction\",\"name\":\"Comment\",\"target\":[\"https:\\\/\\\/teoriadeconstruccion.net\\\/blog\\\/modulos-prefabricados-refugios\\\/#respond\"]}]},{\"@type\":\"WebPage\",\"@id\":\"https:\\\/\\\/teoriadeconstruccion.net\\\/blog\\\/modulos-prefabricados-refugios\\\/\",\"url\":\"https:\\\/\\\/teoriadeconstruccion.net\\\/blog\\\/modulos-prefabricados-refugios\\\/\",\"name\":\"M\u00f3dulos prefabricados: m\u00e1s que simples refugios\",\"isPartOf\":{\"@id\":\"https:\\\/\\\/teoriadeconstruccion.net\\\/blog\\\/#website\"},\"primaryImageOfPage\":{\"@id\":\"https:\\\/\\\/teoriadeconstruccion.net\\\/blog\\\/modulos-prefabricados-refugios\\\/#primaryimage\"},\"image\":{\"@id\":\"https:\\\/\\\/teoriadeconstruccion.net\\\/blog\\\/modulos-prefabricados-refugios\\\/#primaryimage\"},\"thumbnailUrl\":\"https:\\\/\\\/i0.wp.com\\\/teoriadeconstruccion.net\\\/blog\\\/wp-content\\\/uploads\\\/2018\\\/05\\\/algeco-casetas-prefabricadas-barcelona-teoria-de-construccion.jpg?fit=1000%2C667&ssl=1\",\"datePublished\":\"2018-05-22T13:51:25+00:00\",\"description\":\"Hablamos del origen modesto de los m\u00f3dulos prefabricados y de su \u00e9xito total, \u00a1hace 100 a\u00f1os! \u00bfHacia donde van ahora?\",\"breadcrumb\":{\"@id\":\"https:\\\/\\\/teoriadeconstruccion.net\\\/blog\\\/modulos-prefabricados-refugios\\\/#breadcrumb\"},\"inLanguage\":\"es\",\"potentialAction\":[{\"@type\":\"ReadAction\",\"target\":[\"https:\\\/\\\/teoriadeconstruccion.net\\\/blog\\\/modulos-prefabricados-refugios\\\/\"]}]},{\"@type\":\"ImageObject\",\"inLanguage\":\"es\",\"@id\":\"https:\\\/\\\/teoriadeconstruccion.net\\\/blog\\\/modulos-prefabricados-refugios\\\/#primaryimage\",\"url\":\"https:\\\/\\\/i0.wp.com\\\/teoriadeconstruccion.net\\\/blog\\\/wp-content\\\/uploads\\\/2018\\\/05\\\/algeco-casetas-prefabricadas-barcelona-teoria-de-construccion.jpg?fit=1000%2C667&ssl=1\",\"contentUrl\":\"https:\\\/\\\/i0.wp.com\\\/teoriadeconstruccion.net\\\/blog\\\/wp-content\\\/uploads\\\/2018\\\/05\\\/algeco-casetas-prefabricadas-barcelona-teoria-de-construccion.jpg?fit=1000%2C667&ssl=1\",\"width\":1000,\"height\":667},{\"@type\":\"BreadcrumbList\",\"@id\":\"https:\\\/\\\/teoriadeconstruccion.net\\\/blog\\\/modulos-prefabricados-refugios\\\/#breadcrumb\",\"itemListElement\":[{\"@type\":\"ListItem\",\"position\":1,\"name\":\"Home\",\"item\":\"https:\\\/\\\/teoriadeconstruccion.net\\\/blog\\\/\"},{\"@type\":\"ListItem\",\"position\":2,\"name\":\"M\u00f3dulos prefabricados: m\u00e1s que simples refugios\"}]},{\"@type\":\"WebSite\",\"@id\":\"https:\\\/\\\/teoriadeconstruccion.net\\\/blog\\\/#website\",\"url\":\"https:\\\/\\\/teoriadeconstruccion.net\\\/blog\\\/\",\"name\":\"Teor\u00eda de construcci\u00f3n\",\"description\":\"blog sobre construcci\u00f3n, teor\u00eda y aplicaci\u00f3n: materiales, normativa de edificaci\u00f3n, sistemas constructivos.\",\"publisher\":{\"@id\":\"https:\\\/\\\/teoriadeconstruccion.net\\\/blog\\\/#organization\"},\"potentialAction\":[{\"@type\":\"SearchAction\",\"target\":{\"@type\":\"EntryPoint\",\"urlTemplate\":\"https:\\\/\\\/teoriadeconstruccion.net\\\/blog\\\/?s={search_term_string}\"},\"query-input\":{\"@type\":\"PropertyValueSpecification\",\"valueRequired\":true,\"valueName\":\"search_term_string\"}}],\"inLanguage\":\"es\"},{\"@type\":\"Organization\",\"@id\":\"https:\\\/\\\/teoriadeconstruccion.net\\\/blog\\\/#organization\",\"name\":\"teoriadeconstruccion.net\",\"url\":\"https:\\\/\\\/teoriadeconstruccion.net\\\/blog\\\/\",\"logo\":{\"@type\":\"ImageObject\",\"inLanguage\":\"es\",\"@id\":\"https:\\\/\\\/teoriadeconstruccion.net\\\/blog\\\/#\\\/schema\\\/logo\\\/image\\\/\",\"url\":\"https:\\\/\\\/i0.wp.com\\\/teoriadeconstruccion.net\\\/blog\\\/wp-content\\\/uploads\\\/2023\\\/08\\\/cropped-logo-2023-sm.jpg?fit=200%2C128&ssl=1\",\"contentUrl\":\"https:\\\/\\\/i0.wp.com\\\/teoriadeconstruccion.net\\\/blog\\\/wp-content\\\/uploads\\\/2023\\\/08\\\/cropped-logo-2023-sm.jpg?fit=200%2C128&ssl=1\",\"width\":200,\"height\":128,\"caption\":\"teoriadeconstruccion.net\"},\"image\":{\"@id\":\"https:\\\/\\\/teoriadeconstruccion.net\\\/blog\\\/#\\\/schema\\\/logo\\\/image\\\/\"},\"sameAs\":[\"https:\\\/\\\/www.facebook.com\\\/teoriadeconstru\",\"https:\\\/\\\/x.com\\\/teoriadeconstru\"]},{\"@type\":\"Person\",\"@id\":\"https:\\\/\\\/teoriadeconstruccion.net\\\/blog\\\/#\\\/schema\\\/person\\\/97bc651383e78ac257b38d0846ac73ca\",\"name\":\"luissantalla\",\"image\":{\"@type\":\"ImageObject\",\"inLanguage\":\"es\",\"@id\":\"https:\\\/\\\/secure.gravatar.com\\\/avatar\\\/56886681d0d1ff9e199d6a1ad65d5b0ca705679d1dc9d88d9e63a5e7baaf36c2?s=96&d=mm&r=g\",\"url\":\"https:\\\/\\\/secure.gravatar.com\\\/avatar\\\/56886681d0d1ff9e199d6a1ad65d5b0ca705679d1dc9d88d9e63a5e7baaf36c2?s=96&d=mm&r=g\",\"contentUrl\":\"https:\\\/\\\/secure.gravatar.com\\\/avatar\\\/56886681d0d1ff9e199d6a1ad65d5b0ca705679d1dc9d88d9e63a5e7baaf36c2?s=96&d=mm&r=g\",\"caption\":\"luissantalla\"},\"description\":\"Luis M Santalla Blanco . Director de teoriadeconstruccion.net, autor en blogs como arquitecturadegalicia.eu. Socio del estudio FLU-OR Arquitectura . ver m\u00e1s sobre el autor\",\"url\":\"https:\\\/\\\/teoriadeconstruccion.net\\\/blog\\\/author\\\/luissantalla\\\/\"}]}<\/script>\n<!-- \/ Yoast SEO plugin. -->","yoast_head_json":{"title":"M\u00f3dulos prefabricados: m\u00e1s que simples refugios","description":"Hablamos del origen modesto de los m\u00f3dulos prefabricados y de su \u00e9xito total, \u00a1hace 100 a\u00f1os! \u00bfHacia donde van ahora?","robots":{"index":"index","follow":"follow","max-snippet":"max-snippet:-1","max-image-preview":"max-image-preview:large","max-video-preview":"max-video-preview:-1"},"canonical":"https:\/\/teoriadeconstruccion.net\/blog\/modulos-prefabricados-refugios\/","og_locale":"es_ES","og_type":"article","og_title":"M\u00f3dulos prefabricados: m\u00e1s que simples refugios","og_description":"Hablamos del origen modesto de los m\u00f3dulos prefabricados y de su \u00e9xito total, \u00a1hace 100 a\u00f1os! \u00bfHacia donde van ahora?","og_url":"https:\/\/teoriadeconstruccion.net\/blog\/modulos-prefabricados-refugios\/","og_site_name":"Teor\u00eda de construcci\u00f3n","article_publisher":"https:\/\/www.facebook.com\/teoriadeconstru","article_published_time":"2018-05-22T13:51:25+00:00","og_image":[{"width":1000,"height":667,"url":"https:\/\/i0.wp.com\/teoriadeconstruccion.net\/blog\/wp-content\/uploads\/2018\/05\/algeco-casetas-prefabricadas-barcelona-teoria-de-construccion.jpg?fit=1000%2C667&ssl=1","type":"image\/jpeg"}],"author":"luissantalla","twitter_card":"summary_large_image","twitter_creator":"@teoriadeconstru","twitter_site":"@teoriadeconstru","twitter_misc":{"Escrito por":"luissantalla","Tiempo de lectura":"3 minutos"},"schema":{"@context":"https:\/\/schema.org","@graph":[{"@type":"Article","@id":"https:\/\/teoriadeconstruccion.net\/blog\/modulos-prefabricados-refugios\/#article","isPartOf":{"@id":"https:\/\/teoriadeconstruccion.net\/blog\/modulos-prefabricados-refugios\/"},"author":{"name":"luissantalla","@id":"https:\/\/teoriadeconstruccion.net\/blog\/#\/schema\/person\/97bc651383e78ac257b38d0846ac73ca"},"headline":"M\u00f3dulos prefabricados: m\u00e1s que simples refugios","datePublished":"2018-05-22T13:51:25+00:00","mainEntityOfPage":{"@id":"https:\/\/teoriadeconstruccion.net\/blog\/modulos-prefabricados-refugios\/"},"wordCount":543,"commentCount":0,"publisher":{"@id":"https:\/\/teoriadeconstruccion.net\/blog\/#organization"},"image":{"@id":"https:\/\/teoriadeconstruccion.net\/blog\/modulos-prefabricados-refugios\/#primaryimage"},"thumbnailUrl":"https:\/\/i0.wp.com\/teoriadeconstruccion.net\/blog\/wp-content\/uploads\/2018\/05\/algeco-casetas-prefabricadas-barcelona-teoria-de-construccion.jpg?fit=1000%2C667&ssl=1","articleSection":["perfiles","sistema constructivo","tablero"],"inLanguage":"es","potentialAction":[{"@type":"CommentAction","name":"Comment","target":["https:\/\/teoriadeconstruccion.net\/blog\/modulos-prefabricados-refugios\/#respond"]}]},{"@type":"WebPage","@id":"https:\/\/teoriadeconstruccion.net\/blog\/modulos-prefabricados-refugios\/","url":"https:\/\/teoriadeconstruccion.net\/blog\/modulos-prefabricados-refugios\/","name":"M\u00f3dulos prefabricados: m\u00e1s que simples refugios","isPartOf":{"@id":"https:\/\/teoriadeconstruccion.net\/blog\/#website"},"primaryImageOfPage":{"@id":"https:\/\/teoriadeconstruccion.net\/blog\/modulos-prefabricados-refugios\/#primaryimage"},"image":{"@id":"https:\/\/teoriadeconstruccion.net\/blog\/modulos-prefabricados-refugios\/#primaryimage"},"thumbnailUrl":"https:\/\/i0.wp.com\/teoriadeconstruccion.net\/blog\/wp-content\/uploads\/2018\/05\/algeco-casetas-prefabricadas-barcelona-teoria-de-construccion.jpg?fit=1000%2C667&ssl=1","datePublished":"2018-05-22T13:51:25+00:00","description":"Hablamos del origen modesto de los m\u00f3dulos prefabricados y de su \u00e9xito total, \u00a1hace 100 a\u00f1os! \u00bfHacia donde van ahora?","breadcrumb":{"@id":"https:\/\/teoriadeconstruccion.net\/blog\/modulos-prefabricados-refugios\/#breadcrumb"},"inLanguage":"es","potentialAction":[{"@type":"ReadAction","target":["https:\/\/teoriadeconstruccion.net\/blog\/modulos-prefabricados-refugios\/"]}]},{"@type":"ImageObject","inLanguage":"es","@id":"https:\/\/teoriadeconstruccion.net\/blog\/modulos-prefabricados-refugios\/#primaryimage","url":"https:\/\/i0.wp.com\/teoriadeconstruccion.net\/blog\/wp-content\/uploads\/2018\/05\/algeco-casetas-prefabricadas-barcelona-teoria-de-construccion.jpg?fit=1000%2C667&ssl=1","contentUrl":"https:\/\/i0.wp.com\/teoriadeconstruccion.net\/blog\/wp-content\/uploads\/2018\/05\/algeco-casetas-prefabricadas-barcelona-teoria-de-construccion.jpg?fit=1000%2C667&ssl=1","width":1000,"height":667},{"@type":"BreadcrumbList","@id":"https:\/\/teoriadeconstruccion.net\/blog\/modulos-prefabricados-refugios\/#breadcrumb","itemListElement":[{"@type":"ListItem","position":1,"name":"Home","item":"https:\/\/teoriadeconstruccion.net\/blog\/"},{"@type":"ListItem","position":2,"name":"M\u00f3dulos prefabricados: m\u00e1s que simples refugios"}]},{"@type":"WebSite","@id":"https:\/\/teoriadeconstruccion.net\/blog\/#website","url":"https:\/\/teoriadeconstruccion.net\/blog\/","name":"Teor\u00eda de construcci\u00f3n","description":"blog sobre construcci\u00f3n, teor\u00eda y aplicaci\u00f3n: materiales, normativa de edificaci\u00f3n, sistemas constructivos.","publisher":{"@id":"https:\/\/teoriadeconstruccion.net\/blog\/#organization"},"potentialAction":[{"@type":"SearchAction","target":{"@type":"EntryPoint","urlTemplate":"https:\/\/teoriadeconstruccion.net\/blog\/?s={search_term_string}"},"query-input":{"@type":"PropertyValueSpecification","valueRequired":true,"valueName":"search_term_string"}}],"inLanguage":"es"},{"@type":"Organization","@id":"https:\/\/teoriadeconstruccion.net\/blog\/#organization","name":"teoriadeconstruccion.net","url":"https:\/\/teoriadeconstruccion.net\/blog\/","logo":{"@type":"ImageObject","inLanguage":"es","@id":"https:\/\/teoriadeconstruccion.net\/blog\/#\/schema\/logo\/image\/","url":"https:\/\/i0.wp.com\/teoriadeconstruccion.net\/blog\/wp-content\/uploads\/2023\/08\/cropped-logo-2023-sm.jpg?fit=200%2C128&ssl=1","contentUrl":"https:\/\/i0.wp.com\/teoriadeconstruccion.net\/blog\/wp-content\/uploads\/2023\/08\/cropped-logo-2023-sm.jpg?fit=200%2C128&ssl=1","width":200,"height":128,"caption":"teoriadeconstruccion.net"},"image":{"@id":"https:\/\/teoriadeconstruccion.net\/blog\/#\/schema\/logo\/image\/"},"sameAs":["https:\/\/www.facebook.com\/teoriadeconstru","https:\/\/x.com\/teoriadeconstru"]},{"@type":"Person","@id":"https:\/\/teoriadeconstruccion.net\/blog\/#\/schema\/person\/97bc651383e78ac257b38d0846ac73ca","name":"luissantalla","image":{"@type":"ImageObject","inLanguage":"es","@id":"https:\/\/secure.gravatar.com\/avatar\/56886681d0d1ff9e199d6a1ad65d5b0ca705679d1dc9d88d9e63a5e7baaf36c2?s=96&d=mm&r=g","url":"https:\/\/secure.gravatar.com\/avatar\/56886681d0d1ff9e199d6a1ad65d5b0ca705679d1dc9d88d9e63a5e7baaf36c2?s=96&d=mm&r=g","contentUrl":"https:\/\/secure.gravatar.com\/avatar\/56886681d0d1ff9e199d6a1ad65d5b0ca705679d1dc9d88d9e63a5e7baaf36c2?s=96&d=mm&r=g","caption":"luissantalla"},"description":"Luis M Santalla Blanco . Director de teoriadeconstruccion.net, autor en blogs como arquitecturadegalicia.eu. Socio del estudio FLU-OR Arquitectura . ver m\u00e1s sobre el autor","url":"https:\/\/teoriadeconstruccion.net\/blog\/author\/luissantalla\/"}]}},"jetpack_publicize_connections":[],"jetpack_featured_media_url":"https:\/\/i0.wp.com\/teoriadeconstruccion.net\/blog\/wp-content\/uploads\/2018\/05\/algeco-casetas-prefabricadas-barcelona-teoria-de-construccion.jpg?fit=1000%2C667&ssl=1","jetpack_shortlink":"https:\/\/wp.me\/p3diCd-hWk","jetpack_sharing_enabled":true,"_links":{"self":[{"href":"https:\/\/teoriadeconstruccion.net\/blog\/wp-json\/wp\/v2\/posts\/68964","targetHints":{"allow":["GET"]}}],"collection":[{"href":"https:\/\/teoriadeconstruccion.net\/blog\/wp-json\/wp\/v2\/posts"}],"about":[{"href":"https:\/\/teoriadeconstruccion.net\/blog\/wp-json\/wp\/v2\/types\/post"}],"author":[{"embeddable":true,"href":"https:\/\/teoriadeconstruccion.net\/blog\/wp-json\/wp\/v2\/users\/1"}],"replies":[{"embeddable":true,"href":"https:\/\/teoriadeconstruccion.net\/blog\/wp-json\/wp\/v2\/comments?post=68964"}],"version-history":[{"count":0,"href":"https:\/\/teoriadeconstruccion.net\/blog\/wp-json\/wp\/v2\/posts\/68964\/revisions"}],"wp:featuredmedia":[{"embeddable":true,"href":"https:\/\/teoriadeconstruccion.net\/blog\/wp-json\/wp\/v2\/media\/68965"}],"wp:attachment":[{"href":"https:\/\/teoriadeconstruccion.net\/blog\/wp-json\/wp\/v2\/media?parent=68964"}],"wp:term":[{"taxonomy":"category","embeddable":true,"href":"https:\/\/teoriadeconstruccion.net\/blog\/wp-json\/wp\/v2\/categories?post=68964"},{"taxonomy":"post_tag","embeddable":true,"href":"https:\/\/teoriadeconstruccion.net\/blog\/wp-json\/wp\/v2\/tags?post=68964"}],"curies":[{"name":"wp","href":"https:\/\/api.w.org\/{rel}","templated":true}]}}