{"id":68781,"date":"2018-02-28T11:50:51","date_gmt":"2018-02-28T10:50:51","guid":{"rendered":"http:\/\/teoriadeconstruccion.net\/blog\/?p=68781"},"modified":"2018-02-27T19:33:20","modified_gmt":"2018-02-27T18:33:20","slug":"el-bienestar-en-el-hogar-y-la-eficiencia-energetica","status":"publish","type":"post","link":"https:\/\/teoriadeconstruccion.net\/blog\/el-bienestar-en-el-hogar-y-la-eficiencia-energetica\/","title":{"rendered":"El bienestar en el hogar y la eficiencia energ\u00e9tica"},"content":{"rendered":"<p>A principios de los a\u00f1os 90 se hablaba de la\u00a0incapacidad\u00a0de un hogar de obtener una cantidad adecuada de servicios de la energ\u00eda por el 10% de la renta disponible, en concreto hablaba sobre este concepto la se\u00f1ora Brenda Boardman, y se viene a traducir por \u00abpobreza energ\u00e9tica\u00bb, que cada vez es m\u00e1s acusada y difundida.\u00a0 Aunque seamos capaces de\u00a0perder menos energ\u00eda con nuevas y m\u00e1s caras soluciones constructivas, no concluimos satisfactoriamente si los precios del kW evolucionan como el bitcoin&#8230;<\/p>\n<p>Cada vez m\u00e1s los suministradores son m\u00e1s conscientes de ello y plantean soluciones y posibilidades para adaptarse a todos los consumidores, ya que\u00a0la falta de instalaciones apropiadas y el poco aprovechamiento que hacen la gran mayor\u00eda de las viviendas existentes, han provocado muchas muertes, a las que achacan la pobreza energ\u00e9tica como principal motivo (7.200 en los \u00faltimos a\u00f1os, cada a\u00f1o, seg\u00fan la Organizaci\u00f3n Mundial de la Salud).<\/p>\n<p>Cuando nos decantamos, por ejemplo por una\u00a0<strong><a href=\"https:\/\/instalaciones-gasnatural.com\/\">instalaci\u00f3n de gas natural<\/a>,\u00a0<\/strong>debemos de conocer que, adem\u00e1s de estar adquiriendo un sistema relativamente barato (a 5 c\u00e9ntimos de euro el kW) y con unos costes de instalaci\u00f3n muy baratos, en comparaci\u00f3n con otro sistemas m\u00e1s complejos, en todo caso debemos de tener nuestra vivienda lo mejor aislada posible, para evitar p\u00e9rdidas innecesarias, y por tanto \u00abtirar el dinero\u00bb.<\/p>\n<p>Las\u00a0<strong><a href=\"https:\/\/calderas-condensacion.es\/\">calderas de gas<\/a>\u00a0<\/strong>de 18 &#8211; 20 KW<strong>\u00a0<\/strong>rondan los 1.000 &#8211; 1.500 \u20ac y son suficientes para un hogar medio, un precio muy competitivo frente a otras instalaciones. Insistentemente tengo que volver a decir que un gasto inicial bajo, requiere de una buena configuraci\u00f3n de los cerramientos para evitar p\u00e9rdidas en la envolvente, y por tanto tener un gasto de mantenimiento y de consumo m\u00e1s ajustado, por lo que adem\u00e1s de invertir en la instalaci\u00f3n, hay que invertir en aislamiento t\u00e9rmico y ventilaci\u00f3n, sobre todo en la recuperaci\u00f3n de calor.<\/p>\n<p><img data-recalc-dims=\"1\" decoding=\"async\" class=\"alignnone size-full wp-image-68783\" src=\"https:\/\/i0.wp.com\/teoriadeconstruccion.net\/blog\/wp-content\/uploads\/2018\/02\/13389802555_81fb7f79fe_b.jpg?resize=1024%2C576\" alt=\"\" width=\"1024\" height=\"576\" srcset=\"https:\/\/i0.wp.com\/teoriadeconstruccion.net\/blog\/wp-content\/uploads\/2018\/02\/13389802555_81fb7f79fe_b.jpg?w=1024&amp;ssl=1 1024w, https:\/\/i0.wp.com\/teoriadeconstruccion.net\/blog\/wp-content\/uploads\/2018\/02\/13389802555_81fb7f79fe_b.jpg?resize=230%2C130&amp;ssl=1 230w, https:\/\/i0.wp.com\/teoriadeconstruccion.net\/blog\/wp-content\/uploads\/2018\/02\/13389802555_81fb7f79fe_b.jpg?resize=768%2C432&amp;ssl=1 768w, https:\/\/i0.wp.com\/teoriadeconstruccion.net\/blog\/wp-content\/uploads\/2018\/02\/13389802555_81fb7f79fe_b.jpg?resize=640%2C360&amp;ssl=1 640w\" sizes=\"(max-width: 1024px) 100vw, 1024px\" \/><\/p>\n<p>Tenemos que tener en cuenta que el segundo gasto en una vivienda, por delante del agua caliente, son los electrodom\u00e9sticos (el mayor gasto es de calefacci\u00f3n). Generalmente no sabemos cuanto consume nuestra nevera, o nuestra televisi\u00f3n en standby, pero son gastos muy importantes y sostenidos a lo largo del mes, y a lo largo del a\u00f1o. He escuchado que el standby de una tv gasta m\u00e1s que un horno una vez a la semana&#8230; eso ya depender\u00e1 de los gustos cocinando de cada uno, pero los aparatos en standby si que suponen, seg\u00fan la OCU, el 2% del gasto de una vivienda.<\/p>\n<p>Es vital conocer nuestro propio hogar, pararse a pensar en aquello que tenemos instalado y echar n\u00fameros, conocer su eficiencia energ\u00e9tica y acudir a aquellos t\u00e9cnicos que nos puedan asesorar para evitar gastos por malentendidos o por fiarse de anuncios de bocas sonrientes. La salud de nuestra vivienda, y por tanto la nuestra, pasa por su regularizaci\u00f3n y por su control de consumo, lo que repercutir\u00e1 beneficiosamente en nuestros bolsillos y en nuestra calidad de vida.<\/p>\n<p>No hace falta decir que si mantenemos nuestra casa caliente y renovamos eficientemente el aire interior vamos a tener una atm\u00f3sfera m\u00e1s gratificante y saludable, respiraremos y dormiremos mejor.<\/p>\n<p><strong>Bibliograf\u00eda<\/strong><\/p>\n<ul>\n<li><a href=\"https:\/\/www.gasnaturalfenosa.es\/es\/conocenos\/eficiencia+y+bienestar\/1297174140433\/estudios+de+eficiencia+energetica.html\">https:\/\/www.gasnaturalfenosa.es\/<\/a><\/li>\n<li><a href=\"http:\/\/www.who.int\/es\/\">OMS<\/a><\/li>\n<\/ul>\n<p>&nbsp;<\/p>\n<p>&nbsp;<\/p>\n<p>&nbsp;<\/p>\n","protected":false},"excerpt":{"rendered":"<p>A principios de los a\u00f1os 90 se hablaba de la\u00a0incapacidad\u00a0de un hogar de obtener una cantidad adecuada de servicios de la energ\u00eda por el 10% de la renta disponible, en concreto hablaba sobre este concepto la se\u00f1ora Brenda Boardman, y se viene a traducir por \u00abpobreza energ\u00e9tica\u00bb, que cada vez es m\u00e1s acusada y difundida.\u00a0&hellip;&nbsp;<a href=\"https:\/\/teoriadeconstruccion.net\/blog\/el-bienestar-en-el-hogar-y-la-eficiencia-energetica\/\" rel=\"bookmark\">Leer m\u00e1s &raquo;<span class=\"screen-reader-text\">El bienestar en el hogar y la eficiencia energ\u00e9tica<\/span><\/a><\/p>\n","protected":false},"author":1,"featured_media":68782,"comment_status":"open","ping_status":"open","sticky":false,"template":"","format":"standard","meta":{"neve_meta_sidebar":"","neve_meta_container":"","neve_meta_enable_content_width":"","neve_meta_content_width":0,"neve_meta_title_alignment":"","neve_meta_author_avatar":"","neve_post_elements_order":"","neve_meta_disable_header":"","neve_meta_disable_footer":"","neve_meta_disable_title":"","jetpack_post_was_ever_published":false,"_jetpack_newsletter_access":"","_jetpack_dont_email_post_to_subs":false,"_jetpack_newsletter_tier_id":0,"_jetpack_memberships_contains_paywalled_content":false,"_jetpack_memberships_contains_paid_content":false,"footnotes":"","jetpack_publicize_message":"","jetpack_publicize_feature_enabled":true,"jetpack_social_post_already_shared":true,"jetpack_social_options":{"image_generator_settings":{"template":"highway","default_image_id":0,"font":"","enabled":false},"version":2}},"categories":[44,60,535],"tags":[],"class_list":["post-68781","post","type-post","status-publish","format-standard","has-post-thumbnail","hentry","category-climatizacion","category-electricidad","category-iluminacion"],"yoast_head":"<!-- This site is optimized with the Yoast SEO plugin v27.5 - https:\/\/yoast.com\/product\/yoast-seo-wordpress\/ -->\n<title>El bienestar en el hogar y la eficiencia energ\u00e9tica - Teor\u00eda de construcci\u00f3n<\/title>\n<meta name=\"description\" content=\"Conocemos muy bien cuanto gasta nuestro coche, pero, \u00bfy nuestra vivienda? Averigua como la eficiencia energ\u00e9tica repercute en tu salud y en tu bolsillo.\" \/>\n<meta name=\"robots\" content=\"index, follow, max-snippet:-1, max-image-preview:large, max-video-preview:-1\" \/>\n<link rel=\"canonical\" href=\"https:\/\/teoriadeconstruccion.net\/blog\/el-bienestar-en-el-hogar-y-la-eficiencia-energetica\/\" \/>\n<meta property=\"og:locale\" content=\"es_ES\" \/>\n<meta property=\"og:type\" content=\"article\" \/>\n<meta property=\"og:title\" content=\"El bienestar en el hogar y la eficiencia energ\u00e9tica - Teor\u00eda de construcci\u00f3n\" \/>\n<meta property=\"og:description\" content=\"Conocemos muy bien cuanto gasta nuestro coche, pero, \u00bfy nuestra vivienda? Averigua como la eficiencia energ\u00e9tica repercute en tu salud y en tu bolsillo.\" \/>\n<meta property=\"og:url\" content=\"https:\/\/teoriadeconstruccion.net\/blog\/el-bienestar-en-el-hogar-y-la-eficiencia-energetica\/\" \/>\n<meta property=\"og:site_name\" content=\"Teor\u00eda de construcci\u00f3n\" \/>\n<meta property=\"article:publisher\" content=\"https:\/\/www.facebook.com\/teoriadeconstru\" \/>\n<meta property=\"article:published_time\" content=\"2018-02-28T10:50:51+00:00\" \/>\n<meta property=\"og:image\" content=\"https:\/\/i2.wp.com\/teoriadeconstruccion.net\/blog\/wp-content\/uploads\/2018\/02\/chimenea-teoria-de-construccion-energia-y-bienestar-certificacion-energetica.jpg?fit=960%2C640&ssl=1\" \/>\n\t<meta property=\"og:image:width\" content=\"960\" \/>\n\t<meta property=\"og:image:height\" content=\"640\" \/>\n\t<meta property=\"og:image:type\" content=\"image\/jpeg\" \/>\n<meta name=\"author\" content=\"luissantalla\" \/>\n<meta name=\"twitter:card\" content=\"summary_large_image\" \/>\n<meta name=\"twitter:creator\" content=\"@teoriadeconstru\" \/>\n<meta name=\"twitter:site\" content=\"@teoriadeconstru\" \/>\n<meta name=\"twitter:label1\" content=\"Escrito por\" \/>\n\t<meta name=\"twitter:data1\" content=\"luissantalla\" \/>\n\t<meta name=\"twitter:label2\" content=\"Tiempo de lectura\" \/>\n\t<meta name=\"twitter:data2\" content=\"3 minutos\" \/>\n<script type=\"application\/ld+json\" class=\"yoast-schema-graph\">{\"@context\":\"https:\\\/\\\/schema.org\",\"@graph\":[{\"@type\":\"Article\",\"@id\":\"https:\\\/\\\/teoriadeconstruccion.net\\\/blog\\\/el-bienestar-en-el-hogar-y-la-eficiencia-energetica\\\/#article\",\"isPartOf\":{\"@id\":\"https:\\\/\\\/teoriadeconstruccion.net\\\/blog\\\/el-bienestar-en-el-hogar-y-la-eficiencia-energetica\\\/\"},\"author\":{\"name\":\"luissantalla\",\"@id\":\"https:\\\/\\\/teoriadeconstruccion.net\\\/blog\\\/#\\\/schema\\\/person\\\/97bc651383e78ac257b38d0846ac73ca\"},\"headline\":\"El bienestar en el hogar y la eficiencia energ\u00e9tica\",\"datePublished\":\"2018-02-28T10:50:51+00:00\",\"mainEntityOfPage\":{\"@id\":\"https:\\\/\\\/teoriadeconstruccion.net\\\/blog\\\/el-bienestar-en-el-hogar-y-la-eficiencia-energetica\\\/\"},\"wordCount\":570,\"commentCount\":0,\"publisher\":{\"@id\":\"https:\\\/\\\/teoriadeconstruccion.net\\\/blog\\\/#organization\"},\"image\":{\"@id\":\"https:\\\/\\\/teoriadeconstruccion.net\\\/blog\\\/el-bienestar-en-el-hogar-y-la-eficiencia-energetica\\\/#primaryimage\"},\"thumbnailUrl\":\"https:\\\/\\\/i0.wp.com\\\/teoriadeconstruccion.net\\\/blog\\\/wp-content\\\/uploads\\\/2018\\\/02\\\/chimenea-teoria-de-construccion-energia-y-bienestar-certificacion-energetica.jpg?fit=960%2C640&ssl=1\",\"articleSection\":[\"climatizacion\",\"electricidad\",\"iluminaci\u00f3n\"],\"inLanguage\":\"es\",\"potentialAction\":[{\"@type\":\"CommentAction\",\"name\":\"Comment\",\"target\":[\"https:\\\/\\\/teoriadeconstruccion.net\\\/blog\\\/el-bienestar-en-el-hogar-y-la-eficiencia-energetica\\\/#respond\"]}]},{\"@type\":\"WebPage\",\"@id\":\"https:\\\/\\\/teoriadeconstruccion.net\\\/blog\\\/el-bienestar-en-el-hogar-y-la-eficiencia-energetica\\\/\",\"url\":\"https:\\\/\\\/teoriadeconstruccion.net\\\/blog\\\/el-bienestar-en-el-hogar-y-la-eficiencia-energetica\\\/\",\"name\":\"El bienestar en el hogar y la eficiencia energ\u00e9tica - Teor\u00eda de construcci\u00f3n\",\"isPartOf\":{\"@id\":\"https:\\\/\\\/teoriadeconstruccion.net\\\/blog\\\/#website\"},\"primaryImageOfPage\":{\"@id\":\"https:\\\/\\\/teoriadeconstruccion.net\\\/blog\\\/el-bienestar-en-el-hogar-y-la-eficiencia-energetica\\\/#primaryimage\"},\"image\":{\"@id\":\"https:\\\/\\\/teoriadeconstruccion.net\\\/blog\\\/el-bienestar-en-el-hogar-y-la-eficiencia-energetica\\\/#primaryimage\"},\"thumbnailUrl\":\"https:\\\/\\\/i0.wp.com\\\/teoriadeconstruccion.net\\\/blog\\\/wp-content\\\/uploads\\\/2018\\\/02\\\/chimenea-teoria-de-construccion-energia-y-bienestar-certificacion-energetica.jpg?fit=960%2C640&ssl=1\",\"datePublished\":\"2018-02-28T10:50:51+00:00\",\"description\":\"Conocemos muy bien cuanto gasta nuestro coche, pero, \u00bfy nuestra vivienda? Averigua como la eficiencia energ\u00e9tica repercute en tu salud y en tu bolsillo.\",\"breadcrumb\":{\"@id\":\"https:\\\/\\\/teoriadeconstruccion.net\\\/blog\\\/el-bienestar-en-el-hogar-y-la-eficiencia-energetica\\\/#breadcrumb\"},\"inLanguage\":\"es\",\"potentialAction\":[{\"@type\":\"ReadAction\",\"target\":[\"https:\\\/\\\/teoriadeconstruccion.net\\\/blog\\\/el-bienestar-en-el-hogar-y-la-eficiencia-energetica\\\/\"]}]},{\"@type\":\"ImageObject\",\"inLanguage\":\"es\",\"@id\":\"https:\\\/\\\/teoriadeconstruccion.net\\\/blog\\\/el-bienestar-en-el-hogar-y-la-eficiencia-energetica\\\/#primaryimage\",\"url\":\"https:\\\/\\\/i0.wp.com\\\/teoriadeconstruccion.net\\\/blog\\\/wp-content\\\/uploads\\\/2018\\\/02\\\/chimenea-teoria-de-construccion-energia-y-bienestar-certificacion-energetica.jpg?fit=960%2C640&ssl=1\",\"contentUrl\":\"https:\\\/\\\/i0.wp.com\\\/teoriadeconstruccion.net\\\/blog\\\/wp-content\\\/uploads\\\/2018\\\/02\\\/chimenea-teoria-de-construccion-energia-y-bienestar-certificacion-energetica.jpg?fit=960%2C640&ssl=1\",\"width\":960,\"height\":640},{\"@type\":\"BreadcrumbList\",\"@id\":\"https:\\\/\\\/teoriadeconstruccion.net\\\/blog\\\/el-bienestar-en-el-hogar-y-la-eficiencia-energetica\\\/#breadcrumb\",\"itemListElement\":[{\"@type\":\"ListItem\",\"position\":1,\"name\":\"Home\",\"item\":\"https:\\\/\\\/teoriadeconstruccion.net\\\/blog\\\/\"},{\"@type\":\"ListItem\",\"position\":2,\"name\":\"El bienestar en el hogar y la eficiencia energ\u00e9tica\"}]},{\"@type\":\"WebSite\",\"@id\":\"https:\\\/\\\/teoriadeconstruccion.net\\\/blog\\\/#website\",\"url\":\"https:\\\/\\\/teoriadeconstruccion.net\\\/blog\\\/\",\"name\":\"Teor\u00eda de construcci\u00f3n\",\"description\":\"blog sobre construcci\u00f3n, teor\u00eda y aplicaci\u00f3n: materiales, normativa de edificaci\u00f3n, sistemas constructivos.\",\"publisher\":{\"@id\":\"https:\\\/\\\/teoriadeconstruccion.net\\\/blog\\\/#organization\"},\"potentialAction\":[{\"@type\":\"SearchAction\",\"target\":{\"@type\":\"EntryPoint\",\"urlTemplate\":\"https:\\\/\\\/teoriadeconstruccion.net\\\/blog\\\/?s={search_term_string}\"},\"query-input\":{\"@type\":\"PropertyValueSpecification\",\"valueRequired\":true,\"valueName\":\"search_term_string\"}}],\"inLanguage\":\"es\"},{\"@type\":\"Organization\",\"@id\":\"https:\\\/\\\/teoriadeconstruccion.net\\\/blog\\\/#organization\",\"name\":\"teoriadeconstruccion.net\",\"url\":\"https:\\\/\\\/teoriadeconstruccion.net\\\/blog\\\/\",\"logo\":{\"@type\":\"ImageObject\",\"inLanguage\":\"es\",\"@id\":\"https:\\\/\\\/teoriadeconstruccion.net\\\/blog\\\/#\\\/schema\\\/logo\\\/image\\\/\",\"url\":\"https:\\\/\\\/i0.wp.com\\\/teoriadeconstruccion.net\\\/blog\\\/wp-content\\\/uploads\\\/2023\\\/08\\\/cropped-logo-2023-sm.jpg?fit=200%2C128&ssl=1\",\"contentUrl\":\"https:\\\/\\\/i0.wp.com\\\/teoriadeconstruccion.net\\\/blog\\\/wp-content\\\/uploads\\\/2023\\\/08\\\/cropped-logo-2023-sm.jpg?fit=200%2C128&ssl=1\",\"width\":200,\"height\":128,\"caption\":\"teoriadeconstruccion.net\"},\"image\":{\"@id\":\"https:\\\/\\\/teoriadeconstruccion.net\\\/blog\\\/#\\\/schema\\\/logo\\\/image\\\/\"},\"sameAs\":[\"https:\\\/\\\/www.facebook.com\\\/teoriadeconstru\",\"https:\\\/\\\/x.com\\\/teoriadeconstru\"]},{\"@type\":\"Person\",\"@id\":\"https:\\\/\\\/teoriadeconstruccion.net\\\/blog\\\/#\\\/schema\\\/person\\\/97bc651383e78ac257b38d0846ac73ca\",\"name\":\"luissantalla\",\"image\":{\"@type\":\"ImageObject\",\"inLanguage\":\"es\",\"@id\":\"https:\\\/\\\/secure.gravatar.com\\\/avatar\\\/56886681d0d1ff9e199d6a1ad65d5b0ca705679d1dc9d88d9e63a5e7baaf36c2?s=96&d=mm&r=g\",\"url\":\"https:\\\/\\\/secure.gravatar.com\\\/avatar\\\/56886681d0d1ff9e199d6a1ad65d5b0ca705679d1dc9d88d9e63a5e7baaf36c2?s=96&d=mm&r=g\",\"contentUrl\":\"https:\\\/\\\/secure.gravatar.com\\\/avatar\\\/56886681d0d1ff9e199d6a1ad65d5b0ca705679d1dc9d88d9e63a5e7baaf36c2?s=96&d=mm&r=g\",\"caption\":\"luissantalla\"},\"description\":\"Luis M Santalla Blanco . Director de teoriadeconstruccion.net, autor en blogs como arquitecturadegalicia.eu. Socio del estudio FLU-OR Arquitectura . ver m\u00e1s sobre el autor\",\"url\":\"https:\\\/\\\/teoriadeconstruccion.net\\\/blog\\\/author\\\/luissantalla\\\/\"}]}<\/script>\n<!-- \/ Yoast SEO plugin. -->","yoast_head_json":{"title":"El bienestar en el hogar y la eficiencia energ\u00e9tica - Teor\u00eda de construcci\u00f3n","description":"Conocemos muy bien cuanto gasta nuestro coche, pero, \u00bfy nuestra vivienda? Averigua como la eficiencia energ\u00e9tica repercute en tu salud y en tu bolsillo.","robots":{"index":"index","follow":"follow","max-snippet":"max-snippet:-1","max-image-preview":"max-image-preview:large","max-video-preview":"max-video-preview:-1"},"canonical":"https:\/\/teoriadeconstruccion.net\/blog\/el-bienestar-en-el-hogar-y-la-eficiencia-energetica\/","og_locale":"es_ES","og_type":"article","og_title":"El bienestar en el hogar y la eficiencia energ\u00e9tica - Teor\u00eda de construcci\u00f3n","og_description":"Conocemos muy bien cuanto gasta nuestro coche, pero, \u00bfy nuestra vivienda? Averigua como la eficiencia energ\u00e9tica repercute en tu salud y en tu bolsillo.","og_url":"https:\/\/teoriadeconstruccion.net\/blog\/el-bienestar-en-el-hogar-y-la-eficiencia-energetica\/","og_site_name":"Teor\u00eda de construcci\u00f3n","article_publisher":"https:\/\/www.facebook.com\/teoriadeconstru","article_published_time":"2018-02-28T10:50:51+00:00","og_image":[{"width":960,"height":640,"url":"https:\/\/i2.wp.com\/teoriadeconstruccion.net\/blog\/wp-content\/uploads\/2018\/02\/chimenea-teoria-de-construccion-energia-y-bienestar-certificacion-energetica.jpg?fit=960%2C640&ssl=1","type":"image\/jpeg"}],"author":"luissantalla","twitter_card":"summary_large_image","twitter_creator":"@teoriadeconstru","twitter_site":"@teoriadeconstru","twitter_misc":{"Escrito por":"luissantalla","Tiempo de lectura":"3 minutos"},"schema":{"@context":"https:\/\/schema.org","@graph":[{"@type":"Article","@id":"https:\/\/teoriadeconstruccion.net\/blog\/el-bienestar-en-el-hogar-y-la-eficiencia-energetica\/#article","isPartOf":{"@id":"https:\/\/teoriadeconstruccion.net\/blog\/el-bienestar-en-el-hogar-y-la-eficiencia-energetica\/"},"author":{"name":"luissantalla","@id":"https:\/\/teoriadeconstruccion.net\/blog\/#\/schema\/person\/97bc651383e78ac257b38d0846ac73ca"},"headline":"El bienestar en el hogar y la eficiencia energ\u00e9tica","datePublished":"2018-02-28T10:50:51+00:00","mainEntityOfPage":{"@id":"https:\/\/teoriadeconstruccion.net\/blog\/el-bienestar-en-el-hogar-y-la-eficiencia-energetica\/"},"wordCount":570,"commentCount":0,"publisher":{"@id":"https:\/\/teoriadeconstruccion.net\/blog\/#organization"},"image":{"@id":"https:\/\/teoriadeconstruccion.net\/blog\/el-bienestar-en-el-hogar-y-la-eficiencia-energetica\/#primaryimage"},"thumbnailUrl":"https:\/\/i0.wp.com\/teoriadeconstruccion.net\/blog\/wp-content\/uploads\/2018\/02\/chimenea-teoria-de-construccion-energia-y-bienestar-certificacion-energetica.jpg?fit=960%2C640&ssl=1","articleSection":["climatizacion","electricidad","iluminaci\u00f3n"],"inLanguage":"es","potentialAction":[{"@type":"CommentAction","name":"Comment","target":["https:\/\/teoriadeconstruccion.net\/blog\/el-bienestar-en-el-hogar-y-la-eficiencia-energetica\/#respond"]}]},{"@type":"WebPage","@id":"https:\/\/teoriadeconstruccion.net\/blog\/el-bienestar-en-el-hogar-y-la-eficiencia-energetica\/","url":"https:\/\/teoriadeconstruccion.net\/blog\/el-bienestar-en-el-hogar-y-la-eficiencia-energetica\/","name":"El bienestar en el hogar y la eficiencia energ\u00e9tica - Teor\u00eda de construcci\u00f3n","isPartOf":{"@id":"https:\/\/teoriadeconstruccion.net\/blog\/#website"},"primaryImageOfPage":{"@id":"https:\/\/teoriadeconstruccion.net\/blog\/el-bienestar-en-el-hogar-y-la-eficiencia-energetica\/#primaryimage"},"image":{"@id":"https:\/\/teoriadeconstruccion.net\/blog\/el-bienestar-en-el-hogar-y-la-eficiencia-energetica\/#primaryimage"},"thumbnailUrl":"https:\/\/i0.wp.com\/teoriadeconstruccion.net\/blog\/wp-content\/uploads\/2018\/02\/chimenea-teoria-de-construccion-energia-y-bienestar-certificacion-energetica.jpg?fit=960%2C640&ssl=1","datePublished":"2018-02-28T10:50:51+00:00","description":"Conocemos muy bien cuanto gasta nuestro coche, pero, \u00bfy nuestra vivienda? Averigua como la eficiencia energ\u00e9tica repercute en tu salud y en tu bolsillo.","breadcrumb":{"@id":"https:\/\/teoriadeconstruccion.net\/blog\/el-bienestar-en-el-hogar-y-la-eficiencia-energetica\/#breadcrumb"},"inLanguage":"es","potentialAction":[{"@type":"ReadAction","target":["https:\/\/teoriadeconstruccion.net\/blog\/el-bienestar-en-el-hogar-y-la-eficiencia-energetica\/"]}]},{"@type":"ImageObject","inLanguage":"es","@id":"https:\/\/teoriadeconstruccion.net\/blog\/el-bienestar-en-el-hogar-y-la-eficiencia-energetica\/#primaryimage","url":"https:\/\/i0.wp.com\/teoriadeconstruccion.net\/blog\/wp-content\/uploads\/2018\/02\/chimenea-teoria-de-construccion-energia-y-bienestar-certificacion-energetica.jpg?fit=960%2C640&ssl=1","contentUrl":"https:\/\/i0.wp.com\/teoriadeconstruccion.net\/blog\/wp-content\/uploads\/2018\/02\/chimenea-teoria-de-construccion-energia-y-bienestar-certificacion-energetica.jpg?fit=960%2C640&ssl=1","width":960,"height":640},{"@type":"BreadcrumbList","@id":"https:\/\/teoriadeconstruccion.net\/blog\/el-bienestar-en-el-hogar-y-la-eficiencia-energetica\/#breadcrumb","itemListElement":[{"@type":"ListItem","position":1,"name":"Home","item":"https:\/\/teoriadeconstruccion.net\/blog\/"},{"@type":"ListItem","position":2,"name":"El bienestar en el hogar y la eficiencia energ\u00e9tica"}]},{"@type":"WebSite","@id":"https:\/\/teoriadeconstruccion.net\/blog\/#website","url":"https:\/\/teoriadeconstruccion.net\/blog\/","name":"Teor\u00eda de construcci\u00f3n","description":"blog sobre construcci\u00f3n, teor\u00eda y aplicaci\u00f3n: materiales, normativa de edificaci\u00f3n, sistemas constructivos.","publisher":{"@id":"https:\/\/teoriadeconstruccion.net\/blog\/#organization"},"potentialAction":[{"@type":"SearchAction","target":{"@type":"EntryPoint","urlTemplate":"https:\/\/teoriadeconstruccion.net\/blog\/?s={search_term_string}"},"query-input":{"@type":"PropertyValueSpecification","valueRequired":true,"valueName":"search_term_string"}}],"inLanguage":"es"},{"@type":"Organization","@id":"https:\/\/teoriadeconstruccion.net\/blog\/#organization","name":"teoriadeconstruccion.net","url":"https:\/\/teoriadeconstruccion.net\/blog\/","logo":{"@type":"ImageObject","inLanguage":"es","@id":"https:\/\/teoriadeconstruccion.net\/blog\/#\/schema\/logo\/image\/","url":"https:\/\/i0.wp.com\/teoriadeconstruccion.net\/blog\/wp-content\/uploads\/2023\/08\/cropped-logo-2023-sm.jpg?fit=200%2C128&ssl=1","contentUrl":"https:\/\/i0.wp.com\/teoriadeconstruccion.net\/blog\/wp-content\/uploads\/2023\/08\/cropped-logo-2023-sm.jpg?fit=200%2C128&ssl=1","width":200,"height":128,"caption":"teoriadeconstruccion.net"},"image":{"@id":"https:\/\/teoriadeconstruccion.net\/blog\/#\/schema\/logo\/image\/"},"sameAs":["https:\/\/www.facebook.com\/teoriadeconstru","https:\/\/x.com\/teoriadeconstru"]},{"@type":"Person","@id":"https:\/\/teoriadeconstruccion.net\/blog\/#\/schema\/person\/97bc651383e78ac257b38d0846ac73ca","name":"luissantalla","image":{"@type":"ImageObject","inLanguage":"es","@id":"https:\/\/secure.gravatar.com\/avatar\/56886681d0d1ff9e199d6a1ad65d5b0ca705679d1dc9d88d9e63a5e7baaf36c2?s=96&d=mm&r=g","url":"https:\/\/secure.gravatar.com\/avatar\/56886681d0d1ff9e199d6a1ad65d5b0ca705679d1dc9d88d9e63a5e7baaf36c2?s=96&d=mm&r=g","contentUrl":"https:\/\/secure.gravatar.com\/avatar\/56886681d0d1ff9e199d6a1ad65d5b0ca705679d1dc9d88d9e63a5e7baaf36c2?s=96&d=mm&r=g","caption":"luissantalla"},"description":"Luis M Santalla Blanco . Director de teoriadeconstruccion.net, autor en blogs como arquitecturadegalicia.eu. Socio del estudio FLU-OR Arquitectura . ver m\u00e1s sobre el autor","url":"https:\/\/teoriadeconstruccion.net\/blog\/author\/luissantalla\/"}]}},"jetpack_publicize_connections":[],"jetpack_featured_media_url":"https:\/\/i0.wp.com\/teoriadeconstruccion.net\/blog\/wp-content\/uploads\/2018\/02\/chimenea-teoria-de-construccion-energia-y-bienestar-certificacion-energetica.jpg?fit=960%2C640&ssl=1","jetpack_shortlink":"https:\/\/wp.me\/p3diCd-hTn","jetpack_sharing_enabled":true,"_links":{"self":[{"href":"https:\/\/teoriadeconstruccion.net\/blog\/wp-json\/wp\/v2\/posts\/68781","targetHints":{"allow":["GET"]}}],"collection":[{"href":"https:\/\/teoriadeconstruccion.net\/blog\/wp-json\/wp\/v2\/posts"}],"about":[{"href":"https:\/\/teoriadeconstruccion.net\/blog\/wp-json\/wp\/v2\/types\/post"}],"author":[{"embeddable":true,"href":"https:\/\/teoriadeconstruccion.net\/blog\/wp-json\/wp\/v2\/users\/1"}],"replies":[{"embeddable":true,"href":"https:\/\/teoriadeconstruccion.net\/blog\/wp-json\/wp\/v2\/comments?post=68781"}],"version-history":[{"count":0,"href":"https:\/\/teoriadeconstruccion.net\/blog\/wp-json\/wp\/v2\/posts\/68781\/revisions"}],"wp:featuredmedia":[{"embeddable":true,"href":"https:\/\/teoriadeconstruccion.net\/blog\/wp-json\/wp\/v2\/media\/68782"}],"wp:attachment":[{"href":"https:\/\/teoriadeconstruccion.net\/blog\/wp-json\/wp\/v2\/media?parent=68781"}],"wp:term":[{"taxonomy":"category","embeddable":true,"href":"https:\/\/teoriadeconstruccion.net\/blog\/wp-json\/wp\/v2\/categories?post=68781"},{"taxonomy":"post_tag","embeddable":true,"href":"https:\/\/teoriadeconstruccion.net\/blog\/wp-json\/wp\/v2\/tags?post=68781"}],"curies":[{"name":"wp","href":"https:\/\/api.w.org\/{rel}","templated":true}]}}