{"id":68371,"date":"2016-11-26T18:11:16","date_gmt":"2016-11-26T17:11:16","guid":{"rendered":"http:\/\/teoriadeconstruccion.net\/blog\/?p=68371"},"modified":"2016-11-26T18:13:55","modified_gmt":"2016-11-26T17:13:55","slug":"poliuretano-proyectado-problema","status":"publish","type":"post","link":"https:\/\/teoriadeconstruccion.net\/blog\/poliuretano-proyectado-problema\/","title":{"rendered":"Poliuretano proyectado, cuando el remedio es peor que la enfermedad"},"content":{"rendered":"<p>Me gustar\u00eda hablaros de una soluci\u00f3n constructiva que me ha sorprendido por saltarse el mayor n\u00famero de recomendaciones constructivas. Se trata del aislamiento t\u00e9rmico bajo cubiertade madera con poliuretano proyectado.<\/p>\n<p>Tenemos todos claro que el aislamiento en la cubierta es muy importante, tan obvio es que el calor sube y es ah\u00ed arriba donde tenemos que aislar, como los siguientes enunciados, destrozados libremente por esta soluci\u00f3n.<\/p>\n<ul>\n<li><strong>El edificio debe poder transpirar<\/strong>: Se da la casualidad de que estamos hablando de un aislamiento de poro cerrado, y que en el momento que se instala pasa a convertirse en una barrera parcial para el paso del vapor de agua, lo cual nos obligar\u00e1 a ventilar mucho m\u00e1s nuestro espacio bajo cubierta, o a prepararnos para tener condensaciones intersticiales. (tiene una resistencia al paso de vapor de agua MU de entre 60 y 150 (entre 330 y 825 MN\u00b7s\/g\u00b7m)<\/li>\n<li><strong>Se debe dejar respirar la madera<\/strong>: Este tipo de aislamiento tiene una estructura r\u00edgida e impermeable, que de la misma forma que impide la transpiraci\u00f3n del edificio, impide a la madera mantener su higroscopicidad y, por tanto, puede acumular agua en su interior que empezar\u00e1 a condensar entre la madera y el aislamiento.<\/li>\n<li><strong>Es vital proteger la madera de los xil\u00f3fagos<\/strong> (termitas, polilla&#8230;): Con un caparaz\u00f3n aislante alrededor de la madera, convertimos poco a poco la dura madera en una rica mousse para las polillas, ayudando a mantener su ambiente h\u00famedo y caliente. Si \u00a0una viga, por ejemplo, tiene un par de polillas en su interior y proyectamos la viga, lo que en realidad hacemos en crear un gran comedero para xil\u00f3fogos. \u00bfQu\u00e9 provoca esto? Que poco a poco nos vayan debilitando la viga, reduciendo su capacidad portante y que se nos venga abajo con solo tocarla, y eso sin tener indicios exteriores de su debilidad.<\/li>\n<li><strong>Utilizar acabados con buen comportamiento en caso de incendio<\/strong>: Tenemos que tener en cuenta el comportamiento del poliuretano en caso de incendio. \u00a0La tabla 4.1 del DB-SI1, que recoge las exigencias de reacci\u00f3n al fuego de los elementos de revestimiento de paredes, techos y suelos, excluye expl\u00edcitamente el interior de viviendas, lo cual creo que es un error considerable. La espuma de poliuretano \u00abal aire tiene una clasificaci\u00f3n C,s3-d0, D,s3-d0 y E\u00a0de cara al comportamiento al fuego.<\/li>\n<\/ul>\n<p>Con esto quiero dejar clara la exigencia normativa de no dejar visto el poliuretano proyectado al interior, siempre debe cubrise con cart\u00f3n yeso u otro, pero adem\u00e1s de esto alertar sobre el debilitamiento que supone para las estructuras de madera, teniendo en cuenta las condensaciones intersticiales y los insectos que atacan y debilitan la madera. Lo que puede parecer una soluci\u00f3n barata, puede ser un gran peligro estructural y en caso de incendio tener un riesgo de colapso de la cubierta, cuando una estructura de madera al aire se comportar\u00eda mejor en estos casos.<\/p>\n<p>#aislaconcabeza<\/p>\n","protected":false},"excerpt":{"rendered":"<p>Me gustar\u00eda hablaros de una soluci\u00f3n constructiva que me ha sorprendido por saltarse el mayor n\u00famero de recomendaciones constructivas. Se trata del aislamiento t\u00e9rmico bajo cubiertade madera con poliuretano proyectado. Tenemos todos claro que el aislamiento en la cubierta es muy importante, tan obvio es que el calor sube y es ah\u00ed arriba donde tenemos&hellip;&nbsp;<a href=\"https:\/\/teoriadeconstruccion.net\/blog\/poliuretano-proyectado-problema\/\" rel=\"bookmark\">Leer m\u00e1s &raquo;<span class=\"screen-reader-text\">Poliuretano proyectado, cuando el remedio es peor que la enfermedad<\/span><\/a><\/p>\n","protected":false},"author":1,"featured_media":68372,"comment_status":"open","ping_status":"open","sticky":false,"template":"","format":"standard","meta":{"neve_meta_sidebar":"","neve_meta_container":"","neve_meta_enable_content_width":"","neve_meta_content_width":0,"neve_meta_title_alignment":"","neve_meta_author_avatar":"","neve_post_elements_order":"","neve_meta_disable_header":"","neve_meta_disable_footer":"","neve_meta_disable_title":"","jetpack_post_was_ever_published":false,"_jetpack_newsletter_access":"","_jetpack_dont_email_post_to_subs":false,"_jetpack_newsletter_tier_id":0,"_jetpack_memberships_contains_paywalled_content":false,"_jetpack_memberships_contains_paid_content":false,"footnotes":"","jetpack_publicize_message":"","jetpack_publicize_feature_enabled":true,"jetpack_social_post_already_shared":true,"jetpack_social_options":{"image_generator_settings":{"template":"highway","default_image_id":0,"font":"","enabled":false},"version":2}},"categories":[192,131],"tags":[],"class_list":["post-68371","post","type-post","status-publish","format-standard","has-post-thumbnail","hentry","category-aislamiento","category-poliuretano"],"yoast_head":"<!-- This site is optimized with the Yoast SEO plugin v27.5 - https:\/\/yoast.com\/product\/yoast-seo-wordpress\/ -->\n<title>Poliuretano proyectado, cuando el remedio es peor que la enfermedad - Teor\u00eda de construcci\u00f3n<\/title>\n<meta name=\"description\" content=\"\u00bfHas visto alguna cubierta con estructura de madera y aislada con poliuretano proyectado por el interior? Te recomiendo leer este art\u00edculo y revisarla\" \/>\n<meta name=\"robots\" content=\"index, follow, max-snippet:-1, max-image-preview:large, max-video-preview:-1\" \/>\n<link rel=\"canonical\" href=\"https:\/\/teoriadeconstruccion.net\/blog\/poliuretano-proyectado-problema\/\" \/>\n<meta property=\"og:locale\" content=\"es_ES\" \/>\n<meta property=\"og:type\" content=\"article\" \/>\n<meta property=\"og:title\" content=\"Poliuretano proyectado, cuando el remedio es peor que la enfermedad - Teor\u00eda de construcci\u00f3n\" \/>\n<meta property=\"og:description\" content=\"\u00bfHas visto alguna cubierta con estructura de madera y aislada con poliuretano proyectado por el interior? Te recomiendo leer este art\u00edculo y revisarla\" \/>\n<meta property=\"og:url\" content=\"https:\/\/teoriadeconstruccion.net\/blog\/poliuretano-proyectado-problema\/\" \/>\n<meta property=\"og:site_name\" content=\"Teor\u00eda de construcci\u00f3n\" \/>\n<meta property=\"article:publisher\" content=\"https:\/\/www.facebook.com\/teoriadeconstru\" \/>\n<meta property=\"article:published_time\" content=\"2016-11-26T17:11:16+00:00\" \/>\n<meta property=\"article:modified_time\" content=\"2016-11-26T17:13:55+00:00\" \/>\n<meta property=\"og:image\" content=\"https:\/\/i0.wp.com\/teoriadeconstruccion.net\/blog\/wp-content\/uploads\/2016\/11\/poliuretano-bajo-cubierta-de-madera.jpg?fit=800%2C534&ssl=1\" \/>\n\t<meta property=\"og:image:width\" content=\"800\" \/>\n\t<meta property=\"og:image:height\" content=\"534\" \/>\n\t<meta property=\"og:image:type\" content=\"image\/jpeg\" \/>\n<meta name=\"author\" content=\"luissantalla\" \/>\n<meta name=\"twitter:card\" content=\"summary_large_image\" \/>\n<meta name=\"twitter:creator\" content=\"@teoriadeconstru\" \/>\n<meta name=\"twitter:site\" content=\"@teoriadeconstru\" \/>\n<meta name=\"twitter:label1\" content=\"Escrito por\" \/>\n\t<meta name=\"twitter:data1\" content=\"luissantalla\" \/>\n\t<meta name=\"twitter:label2\" content=\"Tiempo de lectura\" \/>\n\t<meta name=\"twitter:data2\" content=\"2 minutos\" \/>\n<script type=\"application\/ld+json\" class=\"yoast-schema-graph\">{\"@context\":\"https:\\\/\\\/schema.org\",\"@graph\":[{\"@type\":\"Article\",\"@id\":\"https:\\\/\\\/teoriadeconstruccion.net\\\/blog\\\/poliuretano-proyectado-problema\\\/#article\",\"isPartOf\":{\"@id\":\"https:\\\/\\\/teoriadeconstruccion.net\\\/blog\\\/poliuretano-proyectado-problema\\\/\"},\"author\":{\"name\":\"luissantalla\",\"@id\":\"https:\\\/\\\/teoriadeconstruccion.net\\\/blog\\\/#\\\/schema\\\/person\\\/97bc651383e78ac257b38d0846ac73ca\"},\"headline\":\"Poliuretano proyectado, cuando el remedio es peor que la enfermedad\",\"datePublished\":\"2016-11-26T17:11:16+00:00\",\"dateModified\":\"2016-11-26T17:13:55+00:00\",\"mainEntityOfPage\":{\"@id\":\"https:\\\/\\\/teoriadeconstruccion.net\\\/blog\\\/poliuretano-proyectado-problema\\\/\"},\"wordCount\":506,\"commentCount\":2,\"publisher\":{\"@id\":\"https:\\\/\\\/teoriadeconstruccion.net\\\/blog\\\/#organization\"},\"image\":{\"@id\":\"https:\\\/\\\/teoriadeconstruccion.net\\\/blog\\\/poliuretano-proyectado-problema\\\/#primaryimage\"},\"thumbnailUrl\":\"https:\\\/\\\/i0.wp.com\\\/teoriadeconstruccion.net\\\/blog\\\/wp-content\\\/uploads\\\/2016\\\/11\\\/poliuretano-bajo-cubierta-de-madera.jpg?fit=800%2C534&ssl=1\",\"articleSection\":[\"aislamiento\",\"poliuretano\"],\"inLanguage\":\"es\",\"potentialAction\":[{\"@type\":\"CommentAction\",\"name\":\"Comment\",\"target\":[\"https:\\\/\\\/teoriadeconstruccion.net\\\/blog\\\/poliuretano-proyectado-problema\\\/#respond\"]}]},{\"@type\":\"WebPage\",\"@id\":\"https:\\\/\\\/teoriadeconstruccion.net\\\/blog\\\/poliuretano-proyectado-problema\\\/\",\"url\":\"https:\\\/\\\/teoriadeconstruccion.net\\\/blog\\\/poliuretano-proyectado-problema\\\/\",\"name\":\"Poliuretano proyectado, cuando el remedio es peor que la enfermedad - Teor\u00eda de construcci\u00f3n\",\"isPartOf\":{\"@id\":\"https:\\\/\\\/teoriadeconstruccion.net\\\/blog\\\/#website\"},\"primaryImageOfPage\":{\"@id\":\"https:\\\/\\\/teoriadeconstruccion.net\\\/blog\\\/poliuretano-proyectado-problema\\\/#primaryimage\"},\"image\":{\"@id\":\"https:\\\/\\\/teoriadeconstruccion.net\\\/blog\\\/poliuretano-proyectado-problema\\\/#primaryimage\"},\"thumbnailUrl\":\"https:\\\/\\\/i0.wp.com\\\/teoriadeconstruccion.net\\\/blog\\\/wp-content\\\/uploads\\\/2016\\\/11\\\/poliuretano-bajo-cubierta-de-madera.jpg?fit=800%2C534&ssl=1\",\"datePublished\":\"2016-11-26T17:11:16+00:00\",\"dateModified\":\"2016-11-26T17:13:55+00:00\",\"description\":\"\u00bfHas visto alguna cubierta con estructura de madera y aislada con poliuretano proyectado por el interior? Te recomiendo leer este art\u00edculo y revisarla\",\"breadcrumb\":{\"@id\":\"https:\\\/\\\/teoriadeconstruccion.net\\\/blog\\\/poliuretano-proyectado-problema\\\/#breadcrumb\"},\"inLanguage\":\"es\",\"potentialAction\":[{\"@type\":\"ReadAction\",\"target\":[\"https:\\\/\\\/teoriadeconstruccion.net\\\/blog\\\/poliuretano-proyectado-problema\\\/\"]}]},{\"@type\":\"ImageObject\",\"inLanguage\":\"es\",\"@id\":\"https:\\\/\\\/teoriadeconstruccion.net\\\/blog\\\/poliuretano-proyectado-problema\\\/#primaryimage\",\"url\":\"https:\\\/\\\/i0.wp.com\\\/teoriadeconstruccion.net\\\/blog\\\/wp-content\\\/uploads\\\/2016\\\/11\\\/poliuretano-bajo-cubierta-de-madera.jpg?fit=800%2C534&ssl=1\",\"contentUrl\":\"https:\\\/\\\/i0.wp.com\\\/teoriadeconstruccion.net\\\/blog\\\/wp-content\\\/uploads\\\/2016\\\/11\\\/poliuretano-bajo-cubierta-de-madera.jpg?fit=800%2C534&ssl=1\",\"width\":800,\"height\":534},{\"@type\":\"BreadcrumbList\",\"@id\":\"https:\\\/\\\/teoriadeconstruccion.net\\\/blog\\\/poliuretano-proyectado-problema\\\/#breadcrumb\",\"itemListElement\":[{\"@type\":\"ListItem\",\"position\":1,\"name\":\"Home\",\"item\":\"https:\\\/\\\/teoriadeconstruccion.net\\\/blog\\\/\"},{\"@type\":\"ListItem\",\"position\":2,\"name\":\"Poliuretano proyectado, cuando el remedio es peor que la enfermedad\"}]},{\"@type\":\"WebSite\",\"@id\":\"https:\\\/\\\/teoriadeconstruccion.net\\\/blog\\\/#website\",\"url\":\"https:\\\/\\\/teoriadeconstruccion.net\\\/blog\\\/\",\"name\":\"Teor\u00eda de construcci\u00f3n\",\"description\":\"blog sobre construcci\u00f3n, teor\u00eda y aplicaci\u00f3n: materiales, normativa de edificaci\u00f3n, sistemas constructivos.\",\"publisher\":{\"@id\":\"https:\\\/\\\/teoriadeconstruccion.net\\\/blog\\\/#organization\"},\"potentialAction\":[{\"@type\":\"SearchAction\",\"target\":{\"@type\":\"EntryPoint\",\"urlTemplate\":\"https:\\\/\\\/teoriadeconstruccion.net\\\/blog\\\/?s={search_term_string}\"},\"query-input\":{\"@type\":\"PropertyValueSpecification\",\"valueRequired\":true,\"valueName\":\"search_term_string\"}}],\"inLanguage\":\"es\"},{\"@type\":\"Organization\",\"@id\":\"https:\\\/\\\/teoriadeconstruccion.net\\\/blog\\\/#organization\",\"name\":\"teoriadeconstruccion.net\",\"url\":\"https:\\\/\\\/teoriadeconstruccion.net\\\/blog\\\/\",\"logo\":{\"@type\":\"ImageObject\",\"inLanguage\":\"es\",\"@id\":\"https:\\\/\\\/teoriadeconstruccion.net\\\/blog\\\/#\\\/schema\\\/logo\\\/image\\\/\",\"url\":\"https:\\\/\\\/i0.wp.com\\\/teoriadeconstruccion.net\\\/blog\\\/wp-content\\\/uploads\\\/2023\\\/08\\\/cropped-logo-2023-sm.jpg?fit=200%2C128&ssl=1\",\"contentUrl\":\"https:\\\/\\\/i0.wp.com\\\/teoriadeconstruccion.net\\\/blog\\\/wp-content\\\/uploads\\\/2023\\\/08\\\/cropped-logo-2023-sm.jpg?fit=200%2C128&ssl=1\",\"width\":200,\"height\":128,\"caption\":\"teoriadeconstruccion.net\"},\"image\":{\"@id\":\"https:\\\/\\\/teoriadeconstruccion.net\\\/blog\\\/#\\\/schema\\\/logo\\\/image\\\/\"},\"sameAs\":[\"https:\\\/\\\/www.facebook.com\\\/teoriadeconstru\",\"https:\\\/\\\/x.com\\\/teoriadeconstru\"]},{\"@type\":\"Person\",\"@id\":\"https:\\\/\\\/teoriadeconstruccion.net\\\/blog\\\/#\\\/schema\\\/person\\\/97bc651383e78ac257b38d0846ac73ca\",\"name\":\"luissantalla\",\"image\":{\"@type\":\"ImageObject\",\"inLanguage\":\"es\",\"@id\":\"https:\\\/\\\/secure.gravatar.com\\\/avatar\\\/56886681d0d1ff9e199d6a1ad65d5b0ca705679d1dc9d88d9e63a5e7baaf36c2?s=96&d=mm&r=g\",\"url\":\"https:\\\/\\\/secure.gravatar.com\\\/avatar\\\/56886681d0d1ff9e199d6a1ad65d5b0ca705679d1dc9d88d9e63a5e7baaf36c2?s=96&d=mm&r=g\",\"contentUrl\":\"https:\\\/\\\/secure.gravatar.com\\\/avatar\\\/56886681d0d1ff9e199d6a1ad65d5b0ca705679d1dc9d88d9e63a5e7baaf36c2?s=96&d=mm&r=g\",\"caption\":\"luissantalla\"},\"description\":\"Luis M Santalla Blanco . Director de teoriadeconstruccion.net, autor en blogs como arquitecturadegalicia.eu. Socio del estudio FLU-OR Arquitectura . ver m\u00e1s sobre el autor\",\"url\":\"https:\\\/\\\/teoriadeconstruccion.net\\\/blog\\\/author\\\/luissantalla\\\/\"}]}<\/script>\n<!-- \/ Yoast SEO plugin. -->","yoast_head_json":{"title":"Poliuretano proyectado, cuando el remedio es peor que la enfermedad - Teor\u00eda de construcci\u00f3n","description":"\u00bfHas visto alguna cubierta con estructura de madera y aislada con poliuretano proyectado por el interior? Te recomiendo leer este art\u00edculo y revisarla","robots":{"index":"index","follow":"follow","max-snippet":"max-snippet:-1","max-image-preview":"max-image-preview:large","max-video-preview":"max-video-preview:-1"},"canonical":"https:\/\/teoriadeconstruccion.net\/blog\/poliuretano-proyectado-problema\/","og_locale":"es_ES","og_type":"article","og_title":"Poliuretano proyectado, cuando el remedio es peor que la enfermedad - Teor\u00eda de construcci\u00f3n","og_description":"\u00bfHas visto alguna cubierta con estructura de madera y aislada con poliuretano proyectado por el interior? Te recomiendo leer este art\u00edculo y revisarla","og_url":"https:\/\/teoriadeconstruccion.net\/blog\/poliuretano-proyectado-problema\/","og_site_name":"Teor\u00eda de construcci\u00f3n","article_publisher":"https:\/\/www.facebook.com\/teoriadeconstru","article_published_time":"2016-11-26T17:11:16+00:00","article_modified_time":"2016-11-26T17:13:55+00:00","og_image":[{"width":800,"height":534,"url":"https:\/\/i0.wp.com\/teoriadeconstruccion.net\/blog\/wp-content\/uploads\/2016\/11\/poliuretano-bajo-cubierta-de-madera.jpg?fit=800%2C534&ssl=1","type":"image\/jpeg"}],"author":"luissantalla","twitter_card":"summary_large_image","twitter_creator":"@teoriadeconstru","twitter_site":"@teoriadeconstru","twitter_misc":{"Escrito por":"luissantalla","Tiempo de lectura":"2 minutos"},"schema":{"@context":"https:\/\/schema.org","@graph":[{"@type":"Article","@id":"https:\/\/teoriadeconstruccion.net\/blog\/poliuretano-proyectado-problema\/#article","isPartOf":{"@id":"https:\/\/teoriadeconstruccion.net\/blog\/poliuretano-proyectado-problema\/"},"author":{"name":"luissantalla","@id":"https:\/\/teoriadeconstruccion.net\/blog\/#\/schema\/person\/97bc651383e78ac257b38d0846ac73ca"},"headline":"Poliuretano proyectado, cuando el remedio es peor que la enfermedad","datePublished":"2016-11-26T17:11:16+00:00","dateModified":"2016-11-26T17:13:55+00:00","mainEntityOfPage":{"@id":"https:\/\/teoriadeconstruccion.net\/blog\/poliuretano-proyectado-problema\/"},"wordCount":506,"commentCount":2,"publisher":{"@id":"https:\/\/teoriadeconstruccion.net\/blog\/#organization"},"image":{"@id":"https:\/\/teoriadeconstruccion.net\/blog\/poliuretano-proyectado-problema\/#primaryimage"},"thumbnailUrl":"https:\/\/i0.wp.com\/teoriadeconstruccion.net\/blog\/wp-content\/uploads\/2016\/11\/poliuretano-bajo-cubierta-de-madera.jpg?fit=800%2C534&ssl=1","articleSection":["aislamiento","poliuretano"],"inLanguage":"es","potentialAction":[{"@type":"CommentAction","name":"Comment","target":["https:\/\/teoriadeconstruccion.net\/blog\/poliuretano-proyectado-problema\/#respond"]}]},{"@type":"WebPage","@id":"https:\/\/teoriadeconstruccion.net\/blog\/poliuretano-proyectado-problema\/","url":"https:\/\/teoriadeconstruccion.net\/blog\/poliuretano-proyectado-problema\/","name":"Poliuretano proyectado, cuando el remedio es peor que la enfermedad - Teor\u00eda de construcci\u00f3n","isPartOf":{"@id":"https:\/\/teoriadeconstruccion.net\/blog\/#website"},"primaryImageOfPage":{"@id":"https:\/\/teoriadeconstruccion.net\/blog\/poliuretano-proyectado-problema\/#primaryimage"},"image":{"@id":"https:\/\/teoriadeconstruccion.net\/blog\/poliuretano-proyectado-problema\/#primaryimage"},"thumbnailUrl":"https:\/\/i0.wp.com\/teoriadeconstruccion.net\/blog\/wp-content\/uploads\/2016\/11\/poliuretano-bajo-cubierta-de-madera.jpg?fit=800%2C534&ssl=1","datePublished":"2016-11-26T17:11:16+00:00","dateModified":"2016-11-26T17:13:55+00:00","description":"\u00bfHas visto alguna cubierta con estructura de madera y aislada con poliuretano proyectado por el interior? Te recomiendo leer este art\u00edculo y revisarla","breadcrumb":{"@id":"https:\/\/teoriadeconstruccion.net\/blog\/poliuretano-proyectado-problema\/#breadcrumb"},"inLanguage":"es","potentialAction":[{"@type":"ReadAction","target":["https:\/\/teoriadeconstruccion.net\/blog\/poliuretano-proyectado-problema\/"]}]},{"@type":"ImageObject","inLanguage":"es","@id":"https:\/\/teoriadeconstruccion.net\/blog\/poliuretano-proyectado-problema\/#primaryimage","url":"https:\/\/i0.wp.com\/teoriadeconstruccion.net\/blog\/wp-content\/uploads\/2016\/11\/poliuretano-bajo-cubierta-de-madera.jpg?fit=800%2C534&ssl=1","contentUrl":"https:\/\/i0.wp.com\/teoriadeconstruccion.net\/blog\/wp-content\/uploads\/2016\/11\/poliuretano-bajo-cubierta-de-madera.jpg?fit=800%2C534&ssl=1","width":800,"height":534},{"@type":"BreadcrumbList","@id":"https:\/\/teoriadeconstruccion.net\/blog\/poliuretano-proyectado-problema\/#breadcrumb","itemListElement":[{"@type":"ListItem","position":1,"name":"Home","item":"https:\/\/teoriadeconstruccion.net\/blog\/"},{"@type":"ListItem","position":2,"name":"Poliuretano proyectado, cuando el remedio es peor que la enfermedad"}]},{"@type":"WebSite","@id":"https:\/\/teoriadeconstruccion.net\/blog\/#website","url":"https:\/\/teoriadeconstruccion.net\/blog\/","name":"Teor\u00eda de construcci\u00f3n","description":"blog sobre construcci\u00f3n, teor\u00eda y aplicaci\u00f3n: materiales, normativa de edificaci\u00f3n, sistemas constructivos.","publisher":{"@id":"https:\/\/teoriadeconstruccion.net\/blog\/#organization"},"potentialAction":[{"@type":"SearchAction","target":{"@type":"EntryPoint","urlTemplate":"https:\/\/teoriadeconstruccion.net\/blog\/?s={search_term_string}"},"query-input":{"@type":"PropertyValueSpecification","valueRequired":true,"valueName":"search_term_string"}}],"inLanguage":"es"},{"@type":"Organization","@id":"https:\/\/teoriadeconstruccion.net\/blog\/#organization","name":"teoriadeconstruccion.net","url":"https:\/\/teoriadeconstruccion.net\/blog\/","logo":{"@type":"ImageObject","inLanguage":"es","@id":"https:\/\/teoriadeconstruccion.net\/blog\/#\/schema\/logo\/image\/","url":"https:\/\/i0.wp.com\/teoriadeconstruccion.net\/blog\/wp-content\/uploads\/2023\/08\/cropped-logo-2023-sm.jpg?fit=200%2C128&ssl=1","contentUrl":"https:\/\/i0.wp.com\/teoriadeconstruccion.net\/blog\/wp-content\/uploads\/2023\/08\/cropped-logo-2023-sm.jpg?fit=200%2C128&ssl=1","width":200,"height":128,"caption":"teoriadeconstruccion.net"},"image":{"@id":"https:\/\/teoriadeconstruccion.net\/blog\/#\/schema\/logo\/image\/"},"sameAs":["https:\/\/www.facebook.com\/teoriadeconstru","https:\/\/x.com\/teoriadeconstru"]},{"@type":"Person","@id":"https:\/\/teoriadeconstruccion.net\/blog\/#\/schema\/person\/97bc651383e78ac257b38d0846ac73ca","name":"luissantalla","image":{"@type":"ImageObject","inLanguage":"es","@id":"https:\/\/secure.gravatar.com\/avatar\/56886681d0d1ff9e199d6a1ad65d5b0ca705679d1dc9d88d9e63a5e7baaf36c2?s=96&d=mm&r=g","url":"https:\/\/secure.gravatar.com\/avatar\/56886681d0d1ff9e199d6a1ad65d5b0ca705679d1dc9d88d9e63a5e7baaf36c2?s=96&d=mm&r=g","contentUrl":"https:\/\/secure.gravatar.com\/avatar\/56886681d0d1ff9e199d6a1ad65d5b0ca705679d1dc9d88d9e63a5e7baaf36c2?s=96&d=mm&r=g","caption":"luissantalla"},"description":"Luis M Santalla Blanco . Director de teoriadeconstruccion.net, autor en blogs como arquitecturadegalicia.eu. Socio del estudio FLU-OR Arquitectura . ver m\u00e1s sobre el autor","url":"https:\/\/teoriadeconstruccion.net\/blog\/author\/luissantalla\/"}]}},"jetpack_publicize_connections":[],"jetpack_featured_media_url":"https:\/\/i0.wp.com\/teoriadeconstruccion.net\/blog\/wp-content\/uploads\/2016\/11\/poliuretano-bajo-cubierta-de-madera.jpg?fit=800%2C534&ssl=1","jetpack_shortlink":"https:\/\/wp.me\/p3diCd-hML","jetpack_sharing_enabled":true,"_links":{"self":[{"href":"https:\/\/teoriadeconstruccion.net\/blog\/wp-json\/wp\/v2\/posts\/68371","targetHints":{"allow":["GET"]}}],"collection":[{"href":"https:\/\/teoriadeconstruccion.net\/blog\/wp-json\/wp\/v2\/posts"}],"about":[{"href":"https:\/\/teoriadeconstruccion.net\/blog\/wp-json\/wp\/v2\/types\/post"}],"author":[{"embeddable":true,"href":"https:\/\/teoriadeconstruccion.net\/blog\/wp-json\/wp\/v2\/users\/1"}],"replies":[{"embeddable":true,"href":"https:\/\/teoriadeconstruccion.net\/blog\/wp-json\/wp\/v2\/comments?post=68371"}],"version-history":[{"count":0,"href":"https:\/\/teoriadeconstruccion.net\/blog\/wp-json\/wp\/v2\/posts\/68371\/revisions"}],"wp:featuredmedia":[{"embeddable":true,"href":"https:\/\/teoriadeconstruccion.net\/blog\/wp-json\/wp\/v2\/media\/68372"}],"wp:attachment":[{"href":"https:\/\/teoriadeconstruccion.net\/blog\/wp-json\/wp\/v2\/media?parent=68371"}],"wp:term":[{"taxonomy":"category","embeddable":true,"href":"https:\/\/teoriadeconstruccion.net\/blog\/wp-json\/wp\/v2\/categories?post=68371"},{"taxonomy":"post_tag","embeddable":true,"href":"https:\/\/teoriadeconstruccion.net\/blog\/wp-json\/wp\/v2\/tags?post=68371"}],"curies":[{"name":"wp","href":"https:\/\/api.w.org\/{rel}","templated":true}]}}