{"id":3642,"date":"2015-04-26T11:35:12","date_gmt":"2015-04-26T10:35:12","guid":{"rendered":"http:\/\/teoriadeconstruccion.net\/blog\/?p=3642"},"modified":"2015-04-26T11:36:42","modified_gmt":"2015-04-26T10:36:42","slug":"elementos-estructurales-de-vidrio-vigas-pretensadas","status":"publish","type":"post","link":"https:\/\/teoriadeconstruccion.net\/blog\/elementos-estructurales-de-vidrio-vigas-pretensadas\/","title":{"rendered":"Elementos estructurales de vidrio &#8211; vigas pretensadas"},"content":{"rendered":"<p>Este art\u00edculo est\u00e1 en relaci\u00f3n con la investigaci\u00f3n llevada a cabo en la Universidad Polit\u00e9cnica de Madrid por J.M. Cerezo, M.A. N\u00fazez y B. Lauret. El estudio que han realizado sobre este tema se engloba dentro de un proyecto mayor sobre una vivienda solar, pero que tiene esta investigaci\u00f3n constructiva desarrollada particularmente.<\/p>\n<p>El vidrio es un material muy atractivo para la arquitectura por su transparencia y pese a su falta de uso como elemento estructural, es un material con un comportamiento tremendamente eficaz para resistir los esfuerzos de compresi\u00f3n, aunque su principal problema se encuentra en la resistencia a tracci\u00f3n, que realmente es baja sobre todo ante cargas permanentes.<\/p>\n<p>Adem\u00e1s del problema de la resistencia a tracci\u00f3n del vidrio, nos encontramos con que<br \/>\nlos valores de resistencia del vidrio est\u00e1n basados en la estad\u00edstica, ya que debido a que se trata de un material fr\u00e1gil posee un gran n\u00famero de roturas de diversa \u00edndole que no pueden llegar a explicarse de manera categ\u00f3rica. Alcanzando el l\u00edmite el\u00e1stico se pasa directamente a la rotura sin pasar previamente por un estado pl\u00e1stico de deformaci\u00f3n permanente.<\/p>\n<p>En los \u00faltimos a\u00f1os, el vidrio se est\u00e1 empezando a utilizar en la arquitectura de<br \/>\nmanera estructural, como soporte del propio cerramiento, es decir, realizando grandes fachadas acristaladas en las que es el vidrio el elemento de cerramiento y tambi\u00e9n el resistente, imitando elementos de fachada de acero o aluminio que traspasen las cargas de esfuerzos horizontales (no permanentes) a la estructura portante del edificio.<\/p>\n<p>Tambi\u00e9n se est\u00e1n empezando a utilizar elementos de vidrio para formar vigas o pilares de peque\u00f1os pabellones, salas, lucernarios o invernaderos, pero siempre de manera muy puntual y en elementos de poca importancia estructural.<\/p>\n<p><img data-recalc-dims=\"1\" height=\"300\" decoding=\"async\" class=\"alignnone size-medium wp-image-3643\" src=\"https:\/\/i0.wp.com\/teoriadeconstruccion.net\/blog\/wp-content\/uploads\/2015\/04\/teoriadeconstruccion-pabellon-vidrio-arnhem-1985.jpeg?fit=300%2C300\" alt=\"teoriadeconstruccion pabellon vidrio arnhem 1985\" width=\"300\" \/><\/p>\n<p><em>o Pabell\u00f3n de vidrio para la exposici\u00f3n de Arte Sonsbeek en Arnhem.<\/em><\/p>\n<p><a href=\"https:\/\/i0.wp.com\/teoriadeconstruccion.net\/blog\/wp-content\/uploads\/2015\/04\/teoriadeconstruccion-kingswinford.jpg\"><img data-recalc-dims=\"1\" height=\"300\" decoding=\"async\" class=\"alignnone size-medium wp-image-3644\" src=\"https:\/\/i0.wp.com\/teoriadeconstruccion.net\/blog\/wp-content\/uploads\/2015\/04\/teoriadeconstruccion-kingswinford.jpg?fit=300%2C300\" alt=\"teoriadeconstruccion kingswinford\" width=\"300\" \/><\/a><\/p>\n<p><em>o Pabell\u00f3n de entrada al museo de vidrio en Kingswinford<\/em><\/p>\n<p><a href=\"https:\/\/i0.wp.com\/teoriadeconstruccion.net\/blog\/wp-content\/uploads\/2015\/04\/teoriadeconstruccion-puente-de-vidrio-en-rotterdam.jpg\"><img data-recalc-dims=\"1\" height=\"300\" decoding=\"async\" class=\"alignnone size-medium wp-image-3645\" src=\"https:\/\/i0.wp.com\/teoriadeconstruccion.net\/blog\/wp-content\/uploads\/2015\/04\/teoriadeconstruccion-puente-de-vidrio-en-rotterdam.jpg?fit=300%2C300\" alt=\"teoriadeconstruccion puente de vidrio en rotterdam\" width=\"300\" \/><\/a><br \/>\n<em>o Puente de vidrio en Kraaijvanger.Urbis.Rotterdam, Arq.Dirk Jan Postel<\/em><\/p>\n<p>En todos ellos los elementos de vigas de vidrio est\u00e1n soportando tambi\u00e9n techos de\u00a0vidrio con cargas permanentes, no cargas eventuales como en fachadas.<\/p>\n<p>El objetivo\u00a0de la investigaci\u00f3n llevada a cabo es\u00a0realizar vigas pretensadas de vidrio aprovechando las ventajas que tiene este\u00a0material en su resistencia a los esfuerzos a compresi\u00f3n, optimizando\u00a0las secciones de vidrio consiguiendo menores cantos en las vigas\u00a0para resistir los mismos esfuerzos precomprimiendo las mismas. Para ello integran los refuerzos met\u00e1licos de acero para la precompresi\u00f3n en las propias\u00a0vigas.<\/p>\n<p>Los elementos constructivos, vigas, cuando se someten a esfuerzos de flexi\u00f3n simple reaccionan en sus secciones internas con una tensi\u00f3n de compresi\u00f3n en la parte superior y una tensi\u00f3n de tracci\u00f3n en la parte inferior, que son m\u00e1s importantes en las fibras extremas de la secci\u00f3n y van disminuyendo hasta su punto de encuentro en la fibra neutra de la propia secci\u00f3n. Este reparto de compresiones y tracciones en secciones homog\u00e9neas y sim\u00e9tricas se realiza de manera igualada para mantener el equilibrio en todos los puntos de la secci\u00f3n.<\/p>\n<p>En el caso del vidrio la resistencia a la tracci\u00f3n es muy inferior comparada a su gran resistencia a compresi\u00f3n, lo que hace que las vigas se tengan que dimensionar al m\u00e1ximo esfuerzo de tracci\u00f3n que pueda resistir, mientras que la zona comprimida estar\u00eda muy por debajo de sus posibilidades reales de resistencia. Debemos tener en cuenta que la resistencia a compresi\u00f3n de un vidrio recocido es de 10000 kg\/cm2, mientras que su resistencia a tracci\u00f3n es de 400 kg\/cm2, 25 veces menor.<\/p>\n<p><a href=\"https:\/\/i0.wp.com\/teoriadeconstruccion.net\/blog\/wp-content\/uploads\/2015\/04\/teoriadeconstruccion-ensayo-viga-pretensada-vidrio.jpg\"><img data-recalc-dims=\"1\" height=\"300\" decoding=\"async\" class=\"alignnone size-medium wp-image-3646\" src=\"https:\/\/i0.wp.com\/teoriadeconstruccion.net\/blog\/wp-content\/uploads\/2015\/04\/teoriadeconstruccion-ensayo-viga-pretensada-vidrio.jpg?fit=300%2C300\" alt=\"teoriadeconstruccion ensayo viga pretensada vidrio\" width=\"300\" \/><\/a><\/p>\n<p>Para igualar esta circunstancia y conseguir un mayor aprovechamiento de la resistencia a compresi\u00f3n del vidrio y por consiguiente minimizar las secciones de los elementos, se propone la precompresi\u00f3n de las vigas de vidrio, consiguiendo as\u00ed que las tracciones producidas por la flexi\u00f3n en la parte inferior sean compensadas con la precompresi\u00f3n de manera que puedan soportar una mayor carga.<\/p>\n<p>Los m\u00e9todos de c\u00e1lculo elegidos\u00a0para el c\u00e1lculo son\u00a0diferentes pero complementarios; en primer lugar se\u00a0han realizado unas simulaciones mediante el programa de elementos finitos, <a href=\"http:\/\/www.ptc.com\/community\/landing\/wf3.htm\" target=\"_blank\">Proengineer\u00a0Wildfire 3.0<\/a>, en el que se han obtenido unos resultados.\u00a0Por otro lado se han realizado una serie de ensayos reales con probetas a escala 1\/3\u00a0sobre los que se han obtenido una serie de resultados.<\/p>\n<p>Descargar resumen de la investigaci\u00f3n detallada en pdf : <a href=\"http:\/\/teoriadeconstruccion.net\/blog\/wp-content\/uploads\/2015\/04\/Elementos-estructurales-de-vidrio-INVE_MEM_2008_61465.pdf\">Elementos estructurales de vidrio INVE_MEM_2008_61465<\/a><\/p>\n","protected":false},"excerpt":{"rendered":"<p>Este art\u00edculo est\u00e1 en relaci\u00f3n con la investigaci\u00f3n llevada a cabo en la Universidad Polit\u00e9cnica de Madrid por J.M. Cerezo, M.A. N\u00fazez y B. Lauret. El estudio que han realizado sobre este tema se engloba dentro de un proyecto mayor sobre una vivienda solar, pero que tiene esta investigaci\u00f3n constructiva desarrollada particularmente. El vidrio es&hellip;&nbsp;<a href=\"https:\/\/teoriadeconstruccion.net\/blog\/elementos-estructurales-de-vidrio-vigas-pretensadas\/\" rel=\"bookmark\">Leer m\u00e1s &raquo;<span class=\"screen-reader-text\">Elementos estructurales de vidrio &#8211; vigas pretensadas<\/span><\/a><\/p>\n","protected":false},"author":1,"featured_media":3646,"comment_status":"open","ping_status":"open","sticky":false,"template":"","format":"standard","meta":{"neve_meta_sidebar":"","neve_meta_container":"","neve_meta_enable_content_width":"","neve_meta_content_width":0,"neve_meta_title_alignment":"","neve_meta_author_avatar":"","neve_post_elements_order":"","neve_meta_disable_header":"","neve_meta_disable_footer":"","neve_meta_disable_title":"","jetpack_post_was_ever_published":false,"_jetpack_newsletter_access":"","_jetpack_dont_email_post_to_subs":false,"_jetpack_newsletter_tier_id":0,"_jetpack_memberships_contains_paywalled_content":false,"_jetpack_memberships_contains_paid_content":false,"footnotes":"","jetpack_publicize_message":"","jetpack_publicize_feature_enabled":true,"jetpack_social_post_already_shared":true,"jetpack_social_options":{"image_generator_settings":{"template":"highway","default_image_id":0,"font":"","enabled":false},"version":2}},"categories":[169],"tags":[],"class_list":["post-3642","post","type-post","status-publish","format-standard","has-post-thumbnail","hentry","category-vidrio"],"yoast_head":"<!-- This site is optimized with the Yoast SEO plugin v27.5 - https:\/\/yoast.com\/product\/yoast-seo-wordpress\/ -->\n<title>Elementos estructurales de vidrio - vigas pretensadas<\/title>\n<meta name=\"description\" content=\"Sobre el empleo de vidrio como elemento estructural a compresi\u00f3n dentro de elementos a flexi\u00f3n\" \/>\n<meta name=\"robots\" content=\"index, follow, max-snippet:-1, max-image-preview:large, max-video-preview:-1\" \/>\n<link rel=\"canonical\" href=\"https:\/\/teoriadeconstruccion.net\/blog\/elementos-estructurales-de-vidrio-vigas-pretensadas\/\" \/>\n<meta property=\"og:locale\" content=\"es_ES\" \/>\n<meta property=\"og:type\" content=\"article\" \/>\n<meta property=\"og:title\" content=\"Elementos estructurales de vidrio - vigas pretensadas\" \/>\n<meta property=\"og:description\" content=\"Sobre el empleo de vidrio como elemento estructural a compresi\u00f3n dentro de elementos a flexi\u00f3n\" \/>\n<meta property=\"og:url\" content=\"https:\/\/teoriadeconstruccion.net\/blog\/elementos-estructurales-de-vidrio-vigas-pretensadas\/\" \/>\n<meta property=\"og:site_name\" content=\"Teor\u00eda de construcci\u00f3n\" \/>\n<meta property=\"article:publisher\" content=\"https:\/\/www.facebook.com\/teoriadeconstru\" \/>\n<meta property=\"article:published_time\" content=\"2015-04-26T10:35:12+00:00\" \/>\n<meta property=\"article:modified_time\" content=\"2015-04-26T10:36:42+00:00\" \/>\n<meta property=\"og:image\" content=\"https:\/\/i0.wp.com\/teoriadeconstruccion.net\/blog\/wp-content\/uploads\/2015\/04\/teoriadeconstruccion-ensayo-viga-pretensada-vidrio.jpg?fit=699%2C457&ssl=1\" \/>\n\t<meta property=\"og:image:width\" content=\"699\" \/>\n\t<meta property=\"og:image:height\" content=\"457\" \/>\n\t<meta property=\"og:image:type\" content=\"image\/jpeg\" \/>\n<meta name=\"author\" content=\"luissantalla\" \/>\n<meta name=\"twitter:card\" content=\"summary_large_image\" \/>\n<meta name=\"twitter:creator\" content=\"@teoriadeconstru\" \/>\n<meta name=\"twitter:site\" content=\"@teoriadeconstru\" \/>\n<meta name=\"twitter:label1\" content=\"Escrito por\" \/>\n\t<meta name=\"twitter:data1\" content=\"luissantalla\" \/>\n\t<meta name=\"twitter:label2\" content=\"Tiempo de lectura\" \/>\n\t<meta name=\"twitter:data2\" content=\"4 minutos\" \/>\n<script type=\"application\/ld+json\" class=\"yoast-schema-graph\">{\"@context\":\"https:\\\/\\\/schema.org\",\"@graph\":[{\"@type\":\"Article\",\"@id\":\"https:\\\/\\\/teoriadeconstruccion.net\\\/blog\\\/elementos-estructurales-de-vidrio-vigas-pretensadas\\\/#article\",\"isPartOf\":{\"@id\":\"https:\\\/\\\/teoriadeconstruccion.net\\\/blog\\\/elementos-estructurales-de-vidrio-vigas-pretensadas\\\/\"},\"author\":{\"name\":\"luissantalla\",\"@id\":\"https:\\\/\\\/teoriadeconstruccion.net\\\/blog\\\/#\\\/schema\\\/person\\\/97bc651383e78ac257b38d0846ac73ca\"},\"headline\":\"Elementos estructurales de vidrio &#8211; vigas pretensadas\",\"datePublished\":\"2015-04-26T10:35:12+00:00\",\"dateModified\":\"2015-04-26T10:36:42+00:00\",\"mainEntityOfPage\":{\"@id\":\"https:\\\/\\\/teoriadeconstruccion.net\\\/blog\\\/elementos-estructurales-de-vidrio-vigas-pretensadas\\\/\"},\"wordCount\":777,\"commentCount\":0,\"publisher\":{\"@id\":\"https:\\\/\\\/teoriadeconstruccion.net\\\/blog\\\/#organization\"},\"image\":{\"@id\":\"https:\\\/\\\/teoriadeconstruccion.net\\\/blog\\\/elementos-estructurales-de-vidrio-vigas-pretensadas\\\/#primaryimage\"},\"thumbnailUrl\":\"https:\\\/\\\/i0.wp.com\\\/teoriadeconstruccion.net\\\/blog\\\/wp-content\\\/uploads\\\/2015\\\/04\\\/teoriadeconstruccion-ensayo-viga-pretensada-vidrio.jpg?fit=699%2C457&ssl=1\",\"articleSection\":[\"vidrio\"],\"inLanguage\":\"es\",\"potentialAction\":[{\"@type\":\"CommentAction\",\"name\":\"Comment\",\"target\":[\"https:\\\/\\\/teoriadeconstruccion.net\\\/blog\\\/elementos-estructurales-de-vidrio-vigas-pretensadas\\\/#respond\"]}]},{\"@type\":\"WebPage\",\"@id\":\"https:\\\/\\\/teoriadeconstruccion.net\\\/blog\\\/elementos-estructurales-de-vidrio-vigas-pretensadas\\\/\",\"url\":\"https:\\\/\\\/teoriadeconstruccion.net\\\/blog\\\/elementos-estructurales-de-vidrio-vigas-pretensadas\\\/\",\"name\":\"Elementos estructurales de vidrio - vigas pretensadas\",\"isPartOf\":{\"@id\":\"https:\\\/\\\/teoriadeconstruccion.net\\\/blog\\\/#website\"},\"primaryImageOfPage\":{\"@id\":\"https:\\\/\\\/teoriadeconstruccion.net\\\/blog\\\/elementos-estructurales-de-vidrio-vigas-pretensadas\\\/#primaryimage\"},\"image\":{\"@id\":\"https:\\\/\\\/teoriadeconstruccion.net\\\/blog\\\/elementos-estructurales-de-vidrio-vigas-pretensadas\\\/#primaryimage\"},\"thumbnailUrl\":\"https:\\\/\\\/i0.wp.com\\\/teoriadeconstruccion.net\\\/blog\\\/wp-content\\\/uploads\\\/2015\\\/04\\\/teoriadeconstruccion-ensayo-viga-pretensada-vidrio.jpg?fit=699%2C457&ssl=1\",\"datePublished\":\"2015-04-26T10:35:12+00:00\",\"dateModified\":\"2015-04-26T10:36:42+00:00\",\"description\":\"Sobre el empleo de vidrio como elemento estructural a compresi\u00f3n dentro de elementos a flexi\u00f3n\",\"breadcrumb\":{\"@id\":\"https:\\\/\\\/teoriadeconstruccion.net\\\/blog\\\/elementos-estructurales-de-vidrio-vigas-pretensadas\\\/#breadcrumb\"},\"inLanguage\":\"es\",\"potentialAction\":[{\"@type\":\"ReadAction\",\"target\":[\"https:\\\/\\\/teoriadeconstruccion.net\\\/blog\\\/elementos-estructurales-de-vidrio-vigas-pretensadas\\\/\"]}]},{\"@type\":\"ImageObject\",\"inLanguage\":\"es\",\"@id\":\"https:\\\/\\\/teoriadeconstruccion.net\\\/blog\\\/elementos-estructurales-de-vidrio-vigas-pretensadas\\\/#primaryimage\",\"url\":\"https:\\\/\\\/i0.wp.com\\\/teoriadeconstruccion.net\\\/blog\\\/wp-content\\\/uploads\\\/2015\\\/04\\\/teoriadeconstruccion-ensayo-viga-pretensada-vidrio.jpg?fit=699%2C457&ssl=1\",\"contentUrl\":\"https:\\\/\\\/i0.wp.com\\\/teoriadeconstruccion.net\\\/blog\\\/wp-content\\\/uploads\\\/2015\\\/04\\\/teoriadeconstruccion-ensayo-viga-pretensada-vidrio.jpg?fit=699%2C457&ssl=1\",\"width\":699,\"height\":457},{\"@type\":\"BreadcrumbList\",\"@id\":\"https:\\\/\\\/teoriadeconstruccion.net\\\/blog\\\/elementos-estructurales-de-vidrio-vigas-pretensadas\\\/#breadcrumb\",\"itemListElement\":[{\"@type\":\"ListItem\",\"position\":1,\"name\":\"Home\",\"item\":\"https:\\\/\\\/teoriadeconstruccion.net\\\/blog\\\/\"},{\"@type\":\"ListItem\",\"position\":2,\"name\":\"Elementos estructurales de vidrio &#8211; vigas pretensadas\"}]},{\"@type\":\"WebSite\",\"@id\":\"https:\\\/\\\/teoriadeconstruccion.net\\\/blog\\\/#website\",\"url\":\"https:\\\/\\\/teoriadeconstruccion.net\\\/blog\\\/\",\"name\":\"Teor\u00eda de construcci\u00f3n\",\"description\":\"blog sobre construcci\u00f3n, teor\u00eda y aplicaci\u00f3n: materiales, normativa de edificaci\u00f3n, sistemas constructivos.\",\"publisher\":{\"@id\":\"https:\\\/\\\/teoriadeconstruccion.net\\\/blog\\\/#organization\"},\"potentialAction\":[{\"@type\":\"SearchAction\",\"target\":{\"@type\":\"EntryPoint\",\"urlTemplate\":\"https:\\\/\\\/teoriadeconstruccion.net\\\/blog\\\/?s={search_term_string}\"},\"query-input\":{\"@type\":\"PropertyValueSpecification\",\"valueRequired\":true,\"valueName\":\"search_term_string\"}}],\"inLanguage\":\"es\"},{\"@type\":\"Organization\",\"@id\":\"https:\\\/\\\/teoriadeconstruccion.net\\\/blog\\\/#organization\",\"name\":\"teoriadeconstruccion.net\",\"url\":\"https:\\\/\\\/teoriadeconstruccion.net\\\/blog\\\/\",\"logo\":{\"@type\":\"ImageObject\",\"inLanguage\":\"es\",\"@id\":\"https:\\\/\\\/teoriadeconstruccion.net\\\/blog\\\/#\\\/schema\\\/logo\\\/image\\\/\",\"url\":\"https:\\\/\\\/i0.wp.com\\\/teoriadeconstruccion.net\\\/blog\\\/wp-content\\\/uploads\\\/2023\\\/08\\\/cropped-logo-2023-sm.jpg?fit=200%2C128&ssl=1\",\"contentUrl\":\"https:\\\/\\\/i0.wp.com\\\/teoriadeconstruccion.net\\\/blog\\\/wp-content\\\/uploads\\\/2023\\\/08\\\/cropped-logo-2023-sm.jpg?fit=200%2C128&ssl=1\",\"width\":200,\"height\":128,\"caption\":\"teoriadeconstruccion.net\"},\"image\":{\"@id\":\"https:\\\/\\\/teoriadeconstruccion.net\\\/blog\\\/#\\\/schema\\\/logo\\\/image\\\/\"},\"sameAs\":[\"https:\\\/\\\/www.facebook.com\\\/teoriadeconstru\",\"https:\\\/\\\/x.com\\\/teoriadeconstru\"]},{\"@type\":\"Person\",\"@id\":\"https:\\\/\\\/teoriadeconstruccion.net\\\/blog\\\/#\\\/schema\\\/person\\\/97bc651383e78ac257b38d0846ac73ca\",\"name\":\"luissantalla\",\"image\":{\"@type\":\"ImageObject\",\"inLanguage\":\"es\",\"@id\":\"https:\\\/\\\/secure.gravatar.com\\\/avatar\\\/56886681d0d1ff9e199d6a1ad65d5b0ca705679d1dc9d88d9e63a5e7baaf36c2?s=96&d=mm&r=g\",\"url\":\"https:\\\/\\\/secure.gravatar.com\\\/avatar\\\/56886681d0d1ff9e199d6a1ad65d5b0ca705679d1dc9d88d9e63a5e7baaf36c2?s=96&d=mm&r=g\",\"contentUrl\":\"https:\\\/\\\/secure.gravatar.com\\\/avatar\\\/56886681d0d1ff9e199d6a1ad65d5b0ca705679d1dc9d88d9e63a5e7baaf36c2?s=96&d=mm&r=g\",\"caption\":\"luissantalla\"},\"description\":\"Luis M Santalla Blanco . Director de teoriadeconstruccion.net, autor en blogs como arquitecturadegalicia.eu. Socio del estudio FLU-OR Arquitectura . ver m\u00e1s sobre el autor\",\"url\":\"https:\\\/\\\/teoriadeconstruccion.net\\\/blog\\\/author\\\/luissantalla\\\/\"}]}<\/script>\n<!-- \/ Yoast SEO plugin. -->","yoast_head_json":{"title":"Elementos estructurales de vidrio - vigas pretensadas","description":"Sobre el empleo de vidrio como elemento estructural a compresi\u00f3n dentro de elementos a flexi\u00f3n","robots":{"index":"index","follow":"follow","max-snippet":"max-snippet:-1","max-image-preview":"max-image-preview:large","max-video-preview":"max-video-preview:-1"},"canonical":"https:\/\/teoriadeconstruccion.net\/blog\/elementos-estructurales-de-vidrio-vigas-pretensadas\/","og_locale":"es_ES","og_type":"article","og_title":"Elementos estructurales de vidrio - vigas pretensadas","og_description":"Sobre el empleo de vidrio como elemento estructural a compresi\u00f3n dentro de elementos a flexi\u00f3n","og_url":"https:\/\/teoriadeconstruccion.net\/blog\/elementos-estructurales-de-vidrio-vigas-pretensadas\/","og_site_name":"Teor\u00eda de construcci\u00f3n","article_publisher":"https:\/\/www.facebook.com\/teoriadeconstru","article_published_time":"2015-04-26T10:35:12+00:00","article_modified_time":"2015-04-26T10:36:42+00:00","og_image":[{"width":699,"height":457,"url":"https:\/\/i0.wp.com\/teoriadeconstruccion.net\/blog\/wp-content\/uploads\/2015\/04\/teoriadeconstruccion-ensayo-viga-pretensada-vidrio.jpg?fit=699%2C457&ssl=1","type":"image\/jpeg"}],"author":"luissantalla","twitter_card":"summary_large_image","twitter_creator":"@teoriadeconstru","twitter_site":"@teoriadeconstru","twitter_misc":{"Escrito por":"luissantalla","Tiempo de lectura":"4 minutos"},"schema":{"@context":"https:\/\/schema.org","@graph":[{"@type":"Article","@id":"https:\/\/teoriadeconstruccion.net\/blog\/elementos-estructurales-de-vidrio-vigas-pretensadas\/#article","isPartOf":{"@id":"https:\/\/teoriadeconstruccion.net\/blog\/elementos-estructurales-de-vidrio-vigas-pretensadas\/"},"author":{"name":"luissantalla","@id":"https:\/\/teoriadeconstruccion.net\/blog\/#\/schema\/person\/97bc651383e78ac257b38d0846ac73ca"},"headline":"Elementos estructurales de vidrio &#8211; vigas pretensadas","datePublished":"2015-04-26T10:35:12+00:00","dateModified":"2015-04-26T10:36:42+00:00","mainEntityOfPage":{"@id":"https:\/\/teoriadeconstruccion.net\/blog\/elementos-estructurales-de-vidrio-vigas-pretensadas\/"},"wordCount":777,"commentCount":0,"publisher":{"@id":"https:\/\/teoriadeconstruccion.net\/blog\/#organization"},"image":{"@id":"https:\/\/teoriadeconstruccion.net\/blog\/elementos-estructurales-de-vidrio-vigas-pretensadas\/#primaryimage"},"thumbnailUrl":"https:\/\/i0.wp.com\/teoriadeconstruccion.net\/blog\/wp-content\/uploads\/2015\/04\/teoriadeconstruccion-ensayo-viga-pretensada-vidrio.jpg?fit=699%2C457&ssl=1","articleSection":["vidrio"],"inLanguage":"es","potentialAction":[{"@type":"CommentAction","name":"Comment","target":["https:\/\/teoriadeconstruccion.net\/blog\/elementos-estructurales-de-vidrio-vigas-pretensadas\/#respond"]}]},{"@type":"WebPage","@id":"https:\/\/teoriadeconstruccion.net\/blog\/elementos-estructurales-de-vidrio-vigas-pretensadas\/","url":"https:\/\/teoriadeconstruccion.net\/blog\/elementos-estructurales-de-vidrio-vigas-pretensadas\/","name":"Elementos estructurales de vidrio - vigas pretensadas","isPartOf":{"@id":"https:\/\/teoriadeconstruccion.net\/blog\/#website"},"primaryImageOfPage":{"@id":"https:\/\/teoriadeconstruccion.net\/blog\/elementos-estructurales-de-vidrio-vigas-pretensadas\/#primaryimage"},"image":{"@id":"https:\/\/teoriadeconstruccion.net\/blog\/elementos-estructurales-de-vidrio-vigas-pretensadas\/#primaryimage"},"thumbnailUrl":"https:\/\/i0.wp.com\/teoriadeconstruccion.net\/blog\/wp-content\/uploads\/2015\/04\/teoriadeconstruccion-ensayo-viga-pretensada-vidrio.jpg?fit=699%2C457&ssl=1","datePublished":"2015-04-26T10:35:12+00:00","dateModified":"2015-04-26T10:36:42+00:00","description":"Sobre el empleo de vidrio como elemento estructural a compresi\u00f3n dentro de elementos a flexi\u00f3n","breadcrumb":{"@id":"https:\/\/teoriadeconstruccion.net\/blog\/elementos-estructurales-de-vidrio-vigas-pretensadas\/#breadcrumb"},"inLanguage":"es","potentialAction":[{"@type":"ReadAction","target":["https:\/\/teoriadeconstruccion.net\/blog\/elementos-estructurales-de-vidrio-vigas-pretensadas\/"]}]},{"@type":"ImageObject","inLanguage":"es","@id":"https:\/\/teoriadeconstruccion.net\/blog\/elementos-estructurales-de-vidrio-vigas-pretensadas\/#primaryimage","url":"https:\/\/i0.wp.com\/teoriadeconstruccion.net\/blog\/wp-content\/uploads\/2015\/04\/teoriadeconstruccion-ensayo-viga-pretensada-vidrio.jpg?fit=699%2C457&ssl=1","contentUrl":"https:\/\/i0.wp.com\/teoriadeconstruccion.net\/blog\/wp-content\/uploads\/2015\/04\/teoriadeconstruccion-ensayo-viga-pretensada-vidrio.jpg?fit=699%2C457&ssl=1","width":699,"height":457},{"@type":"BreadcrumbList","@id":"https:\/\/teoriadeconstruccion.net\/blog\/elementos-estructurales-de-vidrio-vigas-pretensadas\/#breadcrumb","itemListElement":[{"@type":"ListItem","position":1,"name":"Home","item":"https:\/\/teoriadeconstruccion.net\/blog\/"},{"@type":"ListItem","position":2,"name":"Elementos estructurales de vidrio &#8211; vigas pretensadas"}]},{"@type":"WebSite","@id":"https:\/\/teoriadeconstruccion.net\/blog\/#website","url":"https:\/\/teoriadeconstruccion.net\/blog\/","name":"Teor\u00eda de construcci\u00f3n","description":"blog sobre construcci\u00f3n, teor\u00eda y aplicaci\u00f3n: materiales, normativa de edificaci\u00f3n, sistemas constructivos.","publisher":{"@id":"https:\/\/teoriadeconstruccion.net\/blog\/#organization"},"potentialAction":[{"@type":"SearchAction","target":{"@type":"EntryPoint","urlTemplate":"https:\/\/teoriadeconstruccion.net\/blog\/?s={search_term_string}"},"query-input":{"@type":"PropertyValueSpecification","valueRequired":true,"valueName":"search_term_string"}}],"inLanguage":"es"},{"@type":"Organization","@id":"https:\/\/teoriadeconstruccion.net\/blog\/#organization","name":"teoriadeconstruccion.net","url":"https:\/\/teoriadeconstruccion.net\/blog\/","logo":{"@type":"ImageObject","inLanguage":"es","@id":"https:\/\/teoriadeconstruccion.net\/blog\/#\/schema\/logo\/image\/","url":"https:\/\/i0.wp.com\/teoriadeconstruccion.net\/blog\/wp-content\/uploads\/2023\/08\/cropped-logo-2023-sm.jpg?fit=200%2C128&ssl=1","contentUrl":"https:\/\/i0.wp.com\/teoriadeconstruccion.net\/blog\/wp-content\/uploads\/2023\/08\/cropped-logo-2023-sm.jpg?fit=200%2C128&ssl=1","width":200,"height":128,"caption":"teoriadeconstruccion.net"},"image":{"@id":"https:\/\/teoriadeconstruccion.net\/blog\/#\/schema\/logo\/image\/"},"sameAs":["https:\/\/www.facebook.com\/teoriadeconstru","https:\/\/x.com\/teoriadeconstru"]},{"@type":"Person","@id":"https:\/\/teoriadeconstruccion.net\/blog\/#\/schema\/person\/97bc651383e78ac257b38d0846ac73ca","name":"luissantalla","image":{"@type":"ImageObject","inLanguage":"es","@id":"https:\/\/secure.gravatar.com\/avatar\/56886681d0d1ff9e199d6a1ad65d5b0ca705679d1dc9d88d9e63a5e7baaf36c2?s=96&d=mm&r=g","url":"https:\/\/secure.gravatar.com\/avatar\/56886681d0d1ff9e199d6a1ad65d5b0ca705679d1dc9d88d9e63a5e7baaf36c2?s=96&d=mm&r=g","contentUrl":"https:\/\/secure.gravatar.com\/avatar\/56886681d0d1ff9e199d6a1ad65d5b0ca705679d1dc9d88d9e63a5e7baaf36c2?s=96&d=mm&r=g","caption":"luissantalla"},"description":"Luis M Santalla Blanco . Director de teoriadeconstruccion.net, autor en blogs como arquitecturadegalicia.eu. Socio del estudio FLU-OR Arquitectura . ver m\u00e1s sobre el autor","url":"https:\/\/teoriadeconstruccion.net\/blog\/author\/luissantalla\/"}]}},"jetpack_publicize_connections":[],"jetpack_featured_media_url":"https:\/\/i0.wp.com\/teoriadeconstruccion.net\/blog\/wp-content\/uploads\/2015\/04\/teoriadeconstruccion-ensayo-viga-pretensada-vidrio.jpg?fit=699%2C457&ssl=1","jetpack_shortlink":"https:\/\/wp.me\/p3diCd-WK","jetpack_sharing_enabled":true,"_links":{"self":[{"href":"https:\/\/teoriadeconstruccion.net\/blog\/wp-json\/wp\/v2\/posts\/3642","targetHints":{"allow":["GET"]}}],"collection":[{"href":"https:\/\/teoriadeconstruccion.net\/blog\/wp-json\/wp\/v2\/posts"}],"about":[{"href":"https:\/\/teoriadeconstruccion.net\/blog\/wp-json\/wp\/v2\/types\/post"}],"author":[{"embeddable":true,"href":"https:\/\/teoriadeconstruccion.net\/blog\/wp-json\/wp\/v2\/users\/1"}],"replies":[{"embeddable":true,"href":"https:\/\/teoriadeconstruccion.net\/blog\/wp-json\/wp\/v2\/comments?post=3642"}],"version-history":[{"count":0,"href":"https:\/\/teoriadeconstruccion.net\/blog\/wp-json\/wp\/v2\/posts\/3642\/revisions"}],"wp:featuredmedia":[{"embeddable":true,"href":"https:\/\/teoriadeconstruccion.net\/blog\/wp-json\/wp\/v2\/media\/3646"}],"wp:attachment":[{"href":"https:\/\/teoriadeconstruccion.net\/blog\/wp-json\/wp\/v2\/media?parent=3642"}],"wp:term":[{"taxonomy":"category","embeddable":true,"href":"https:\/\/teoriadeconstruccion.net\/blog\/wp-json\/wp\/v2\/categories?post=3642"},{"taxonomy":"post_tag","embeddable":true,"href":"https:\/\/teoriadeconstruccion.net\/blog\/wp-json\/wp\/v2\/tags?post=3642"}],"curies":[{"name":"wp","href":"https:\/\/api.w.org\/{rel}","templated":true}]}}