{"id":3625,"date":"2015-03-16T23:27:00","date_gmt":"2015-03-16T22:27:00","guid":{"rendered":"http:\/\/teoriadeconstruccion.net\/blog\/?p=3625"},"modified":"2015-03-16T23:36:26","modified_gmt":"2015-03-16T22:36:26","slug":"como-imaginarse-las-emisiones-de-c02","status":"publish","type":"post","link":"https:\/\/teoriadeconstruccion.net\/blog\/como-imaginarse-las-emisiones-de-c02\/","title":{"rendered":"C\u00f3mo imaginarse las emisiones de C02"},"content":{"rendered":"<p>[youtube_sc url=\u00bbhttps:\/\/www.youtube.com\/watch?v=DtqSIplGXOA\u00bb]<\/p>\n<p>Este art\u00edculo es cuesti\u00f3n de n\u00fameros; estas son las cifras de emisiones de CO2:<\/p>\n<ul>\n<li><a href=\"http:\/\/datos.bancomundial.org\/indicador\/EN.ATM.CO2E.PC\">http:\/\/datos.bancomundial.org\/indicador\/EN.ATM.CO2E.PC<\/a><\/li>\n<\/ul>\n<p class=\"auto-style16\">Las emisiones a nivel mundial han seguido creciendo durante los \u00faltimos a\u00f1os (serie 2004-2009) a un ritmo de entre un 1 y 2% anual. Esta tendencia ha variado desde al a\u00f1o 2009, donde se produjo una disminuci\u00f3n de las emisiones del 1,3% con respecto al a\u00f1o 2008. Dicha disminuci\u00f3n se debe a la crisis econ\u00f3mica mundial, y que afecta a sectores tales como el transporte o generaci\u00f3n y consumo de energ\u00eda primaria.<\/p>\n<p class=\"auto-style16\">Es conveniente destacar que los combustibles f\u00f3siles siguen siendo los principales causantes de las emisiones antropog\u00e9nicas (consecuencia de la actividad humana), destacando por encima de todos el <strong>carb\u00f3n<\/strong> (un 43% del total de las emisiones en el a\u00f1o 2009). Este tipo de combustible es utilizado en gran medida en la generaci\u00f3n de electricidad siendo uno de los principales vectores en la generaci\u00f3n de esta fuente de energ\u00eda a nivel mundial. Actualmente se trabaja en las tecnolog\u00edas limpias del carb\u00f3n, donde la <em>Captura y Almacenamiento Geol\u00f3gico de CO2<\/em> tienen un papel fundamental.<\/p>\n<p class=\"auto-style16\">El <strong>petr\u00f3leo<\/strong> (segundo principal emisor de CO2, con un 36,7% en el a\u00f1o 2009) es utilizado de forma masiva en el transporte, siendo consideradas &#8216;difusas&#8217; estas emisiones. Acciones como el fomento del veh\u00edculo el\u00e9ctrico, o la mejora de la eficiencia son los principales desarrollos tecnol\u00f3gicos en los que se est\u00e1 investigando.<\/p>\n<p class=\"auto-style16\">Por paises, es China el principal pa\u00eds emisor de GEI (7.711 Mt CO2e, a\u00f1o 2009, un 13,3% m\u00e1s que en el a\u00f1o 2008), mientras que Estados Unidos (2\u00ba pa\u00eds emisor con 5.425 Mt CO2e) y Europa (con unas emisiones de 4.310 Mt CO2e) consiguen un recorte en sus emisiones de un 7,0% y 6,9% respectivamente con respecto al a\u00f1o 2008 (Fuente: <a href=\"http:\/\/www.guardian.co.uk\/environment\/2011\/jan\/31\/pollution-carbon-emissions\">The Guardian<\/a>). Seg\u00fan estos datos, Espa\u00f1a ocupa el puesto 19\u00ba (con un descenso de emisiones de un 8,4%, justo por detr\u00e1s de pa\u00edses como Italia y Francia.<\/p>\n<p class=\"auto-style16\"><a href=\"https:\/\/www.flickr.com\/photos\/sisosb46\/\" target=\"_blank\"><img data-recalc-dims=\"1\" decoding=\"async\" class=\"alignnone  wp-image-3630\" src=\"https:\/\/i0.wp.com\/teoriadeconstruccion.net\/blog\/wp-content\/uploads\/2015\/03\/contaminaci%C3%B3n.jpg?w=1200\" alt=\"contaminaci\u00f3n\"  \/><\/a><\/p>\n<p class=\"auto-style16\">Por renta per c\u00e1pita, Espa\u00f1a (7,13%) se encuentra en la media de los pa\u00edses europeos (7,14%); por debajo de pa\u00edses como Reino Unido, Holanda y por encima de Francia e Italia.<\/p>\n<p class=\"auto-style16\">Los grandes pa\u00edses emisores Estados Unidos y China pressentan valores dispares en cuanto a renta per c\u00e1pita: 17,67% para el primero y 5,83% para el segundo.<\/p>\n","protected":false},"excerpt":{"rendered":"<p>[youtube_sc url=\u00bbhttps:\/\/www.youtube.com\/watch?v=DtqSIplGXOA\u00bb] Este art\u00edculo es cuesti\u00f3n de n\u00fameros; estas son las cifras de emisiones de CO2: http:\/\/datos.bancomundial.org\/indicador\/EN.ATM.CO2E.PC Las emisiones a nivel mundial han seguido creciendo durante los \u00faltimos a\u00f1os (serie 2004-2009) a un ritmo de entre un 1 y 2% anual. Esta tendencia ha variado desde al a\u00f1o 2009, donde se produjo una disminuci\u00f3n de&hellip;&nbsp;<a href=\"https:\/\/teoriadeconstruccion.net\/blog\/como-imaginarse-las-emisiones-de-c02\/\" rel=\"bookmark\">Leer m\u00e1s &raquo;<span class=\"screen-reader-text\">C\u00f3mo imaginarse las emisiones de C02<\/span><\/a><\/p>\n","protected":false},"author":1,"featured_media":3626,"comment_status":"open","ping_status":"open","sticky":false,"template":"","format":"standard","meta":{"neve_meta_sidebar":"","neve_meta_container":"","neve_meta_enable_content_width":"","neve_meta_content_width":0,"neve_meta_title_alignment":"","neve_meta_author_avatar":"","neve_post_elements_order":"","neve_meta_disable_header":"","neve_meta_disable_footer":"","neve_meta_disable_title":"","jetpack_post_was_ever_published":false,"_jetpack_newsletter_access":"","_jetpack_dont_email_post_to_subs":false,"_jetpack_newsletter_tier_id":0,"_jetpack_memberships_contains_paywalled_content":false,"_jetpack_memberships_contains_paid_content":false,"footnotes":"","jetpack_publicize_message":"","jetpack_publicize_feature_enabled":true,"jetpack_social_post_already_shared":true,"jetpack_social_options":{"image_generator_settings":{"template":"highway","default_image_id":0,"font":"","enabled":false},"version":2}},"categories":[142,156],"tags":[],"class_list":["post-3625","post","type-post","status-publish","format-standard","has-post-thumbnail","hentry","category-reciclaje","category-sostenibilidad"],"yoast_head":"<!-- This site is optimized with the Yoast SEO plugin v27.4 - https:\/\/yoast.com\/product\/yoast-seo-wordpress\/ -->\n<title>Como imaginarse las emisiones de CO2<\/title>\n<meta name=\"description\" content=\"video que explica de forma gr\u00e1fica el crecimiento de emisiones de CO2 en la atm\u00f3sfera.\" \/>\n<meta name=\"robots\" content=\"index, follow, max-snippet:-1, max-image-preview:large, max-video-preview:-1\" \/>\n<link rel=\"canonical\" href=\"https:\/\/teoriadeconstruccion.net\/blog\/como-imaginarse-las-emisiones-de-c02\/\" \/>\n<meta property=\"og:locale\" content=\"es_ES\" \/>\n<meta property=\"og:type\" content=\"article\" \/>\n<meta property=\"og:title\" content=\"Como imaginarse las emisiones de CO2\" \/>\n<meta property=\"og:description\" content=\"video que explica de forma gr\u00e1fica el crecimiento de emisiones de CO2 en la atm\u00f3sfera.\" \/>\n<meta property=\"og:url\" content=\"https:\/\/teoriadeconstruccion.net\/blog\/como-imaginarse-las-emisiones-de-c02\/\" \/>\n<meta property=\"og:site_name\" content=\"Teor\u00eda de construcci\u00f3n\" \/>\n<meta property=\"article:publisher\" content=\"https:\/\/www.facebook.com\/teoriadeconstru\" \/>\n<meta property=\"article:published_time\" content=\"2015-03-16T22:27:00+00:00\" \/>\n<meta property=\"article:modified_time\" content=\"2015-03-16T22:36:26+00:00\" \/>\n<meta property=\"og:image\" content=\"https:\/\/i0.wp.com\/teoriadeconstruccion.net\/blog\/wp-content\/uploads\/2015\/03\/emisiones-c02.jpg?fit=838%2C470&ssl=1\" \/>\n\t<meta property=\"og:image:width\" content=\"838\" \/>\n\t<meta property=\"og:image:height\" content=\"470\" \/>\n\t<meta property=\"og:image:type\" content=\"image\/jpeg\" \/>\n<meta name=\"author\" content=\"luissantalla\" \/>\n<meta name=\"twitter:card\" content=\"summary_large_image\" \/>\n<meta name=\"twitter:creator\" content=\"@teoriadeconstru\" \/>\n<meta name=\"twitter:site\" content=\"@teoriadeconstru\" \/>\n<meta name=\"twitter:label1\" content=\"Escrito por\" \/>\n\t<meta name=\"twitter:data1\" content=\"luissantalla\" \/>\n\t<meta name=\"twitter:label2\" content=\"Tiempo de lectura\" \/>\n\t<meta name=\"twitter:data2\" content=\"2 minutos\" \/>\n<script type=\"application\/ld+json\" class=\"yoast-schema-graph\">{\"@context\":\"https:\\\/\\\/schema.org\",\"@graph\":[{\"@type\":\"Article\",\"@id\":\"https:\\\/\\\/teoriadeconstruccion.net\\\/blog\\\/como-imaginarse-las-emisiones-de-c02\\\/#article\",\"isPartOf\":{\"@id\":\"https:\\\/\\\/teoriadeconstruccion.net\\\/blog\\\/como-imaginarse-las-emisiones-de-c02\\\/\"},\"author\":{\"name\":\"luissantalla\",\"@id\":\"https:\\\/\\\/teoriadeconstruccion.net\\\/blog\\\/#\\\/schema\\\/person\\\/97bc651383e78ac257b38d0846ac73ca\"},\"headline\":\"C\u00f3mo imaginarse las emisiones de C02\",\"datePublished\":\"2015-03-16T22:27:00+00:00\",\"dateModified\":\"2015-03-16T22:36:26+00:00\",\"mainEntityOfPage\":{\"@id\":\"https:\\\/\\\/teoriadeconstruccion.net\\\/blog\\\/como-imaginarse-las-emisiones-de-c02\\\/\"},\"wordCount\":420,\"commentCount\":0,\"publisher\":{\"@id\":\"https:\\\/\\\/teoriadeconstruccion.net\\\/blog\\\/#organization\"},\"image\":{\"@id\":\"https:\\\/\\\/teoriadeconstruccion.net\\\/blog\\\/como-imaginarse-las-emisiones-de-c02\\\/#primaryimage\"},\"thumbnailUrl\":\"https:\\\/\\\/i0.wp.com\\\/teoriadeconstruccion.net\\\/blog\\\/wp-content\\\/uploads\\\/2015\\\/03\\\/emisiones-c02.jpg?fit=838%2C470&ssl=1\",\"articleSection\":[\"reciclaje\",\"sostenibilidad\"],\"inLanguage\":\"es\",\"potentialAction\":[{\"@type\":\"CommentAction\",\"name\":\"Comment\",\"target\":[\"https:\\\/\\\/teoriadeconstruccion.net\\\/blog\\\/como-imaginarse-las-emisiones-de-c02\\\/#respond\"]}]},{\"@type\":\"WebPage\",\"@id\":\"https:\\\/\\\/teoriadeconstruccion.net\\\/blog\\\/como-imaginarse-las-emisiones-de-c02\\\/\",\"url\":\"https:\\\/\\\/teoriadeconstruccion.net\\\/blog\\\/como-imaginarse-las-emisiones-de-c02\\\/\",\"name\":\"Como imaginarse las emisiones de CO2\",\"isPartOf\":{\"@id\":\"https:\\\/\\\/teoriadeconstruccion.net\\\/blog\\\/#website\"},\"primaryImageOfPage\":{\"@id\":\"https:\\\/\\\/teoriadeconstruccion.net\\\/blog\\\/como-imaginarse-las-emisiones-de-c02\\\/#primaryimage\"},\"image\":{\"@id\":\"https:\\\/\\\/teoriadeconstruccion.net\\\/blog\\\/como-imaginarse-las-emisiones-de-c02\\\/#primaryimage\"},\"thumbnailUrl\":\"https:\\\/\\\/i0.wp.com\\\/teoriadeconstruccion.net\\\/blog\\\/wp-content\\\/uploads\\\/2015\\\/03\\\/emisiones-c02.jpg?fit=838%2C470&ssl=1\",\"datePublished\":\"2015-03-16T22:27:00+00:00\",\"dateModified\":\"2015-03-16T22:36:26+00:00\",\"description\":\"video que explica de forma gr\u00e1fica el crecimiento de emisiones de CO2 en la atm\u00f3sfera.\",\"breadcrumb\":{\"@id\":\"https:\\\/\\\/teoriadeconstruccion.net\\\/blog\\\/como-imaginarse-las-emisiones-de-c02\\\/#breadcrumb\"},\"inLanguage\":\"es\",\"potentialAction\":[{\"@type\":\"ReadAction\",\"target\":[\"https:\\\/\\\/teoriadeconstruccion.net\\\/blog\\\/como-imaginarse-las-emisiones-de-c02\\\/\"]}]},{\"@type\":\"ImageObject\",\"inLanguage\":\"es\",\"@id\":\"https:\\\/\\\/teoriadeconstruccion.net\\\/blog\\\/como-imaginarse-las-emisiones-de-c02\\\/#primaryimage\",\"url\":\"https:\\\/\\\/i0.wp.com\\\/teoriadeconstruccion.net\\\/blog\\\/wp-content\\\/uploads\\\/2015\\\/03\\\/emisiones-c02.jpg?fit=838%2C470&ssl=1\",\"contentUrl\":\"https:\\\/\\\/i0.wp.com\\\/teoriadeconstruccion.net\\\/blog\\\/wp-content\\\/uploads\\\/2015\\\/03\\\/emisiones-c02.jpg?fit=838%2C470&ssl=1\",\"width\":838,\"height\":470},{\"@type\":\"BreadcrumbList\",\"@id\":\"https:\\\/\\\/teoriadeconstruccion.net\\\/blog\\\/como-imaginarse-las-emisiones-de-c02\\\/#breadcrumb\",\"itemListElement\":[{\"@type\":\"ListItem\",\"position\":1,\"name\":\"Home\",\"item\":\"https:\\\/\\\/teoriadeconstruccion.net\\\/blog\\\/\"},{\"@type\":\"ListItem\",\"position\":2,\"name\":\"C\u00f3mo imaginarse las emisiones de C02\"}]},{\"@type\":\"WebSite\",\"@id\":\"https:\\\/\\\/teoriadeconstruccion.net\\\/blog\\\/#website\",\"url\":\"https:\\\/\\\/teoriadeconstruccion.net\\\/blog\\\/\",\"name\":\"Teor\u00eda de construcci\u00f3n\",\"description\":\"blog sobre construcci\u00f3n, teor\u00eda y aplicaci\u00f3n: materiales, normativa de edificaci\u00f3n, sistemas constructivos.\",\"publisher\":{\"@id\":\"https:\\\/\\\/teoriadeconstruccion.net\\\/blog\\\/#organization\"},\"potentialAction\":[{\"@type\":\"SearchAction\",\"target\":{\"@type\":\"EntryPoint\",\"urlTemplate\":\"https:\\\/\\\/teoriadeconstruccion.net\\\/blog\\\/?s={search_term_string}\"},\"query-input\":{\"@type\":\"PropertyValueSpecification\",\"valueRequired\":true,\"valueName\":\"search_term_string\"}}],\"inLanguage\":\"es\"},{\"@type\":\"Organization\",\"@id\":\"https:\\\/\\\/teoriadeconstruccion.net\\\/blog\\\/#organization\",\"name\":\"teoriadeconstruccion.net\",\"url\":\"https:\\\/\\\/teoriadeconstruccion.net\\\/blog\\\/\",\"logo\":{\"@type\":\"ImageObject\",\"inLanguage\":\"es\",\"@id\":\"https:\\\/\\\/teoriadeconstruccion.net\\\/blog\\\/#\\\/schema\\\/logo\\\/image\\\/\",\"url\":\"https:\\\/\\\/i0.wp.com\\\/teoriadeconstruccion.net\\\/blog\\\/wp-content\\\/uploads\\\/2023\\\/08\\\/cropped-logo-2023-sm.jpg?fit=200%2C128&ssl=1\",\"contentUrl\":\"https:\\\/\\\/i0.wp.com\\\/teoriadeconstruccion.net\\\/blog\\\/wp-content\\\/uploads\\\/2023\\\/08\\\/cropped-logo-2023-sm.jpg?fit=200%2C128&ssl=1\",\"width\":200,\"height\":128,\"caption\":\"teoriadeconstruccion.net\"},\"image\":{\"@id\":\"https:\\\/\\\/teoriadeconstruccion.net\\\/blog\\\/#\\\/schema\\\/logo\\\/image\\\/\"},\"sameAs\":[\"https:\\\/\\\/www.facebook.com\\\/teoriadeconstru\",\"https:\\\/\\\/x.com\\\/teoriadeconstru\"]},{\"@type\":\"Person\",\"@id\":\"https:\\\/\\\/teoriadeconstruccion.net\\\/blog\\\/#\\\/schema\\\/person\\\/97bc651383e78ac257b38d0846ac73ca\",\"name\":\"luissantalla\",\"image\":{\"@type\":\"ImageObject\",\"inLanguage\":\"es\",\"@id\":\"https:\\\/\\\/secure.gravatar.com\\\/avatar\\\/56886681d0d1ff9e199d6a1ad65d5b0ca705679d1dc9d88d9e63a5e7baaf36c2?s=96&d=mm&r=g\",\"url\":\"https:\\\/\\\/secure.gravatar.com\\\/avatar\\\/56886681d0d1ff9e199d6a1ad65d5b0ca705679d1dc9d88d9e63a5e7baaf36c2?s=96&d=mm&r=g\",\"contentUrl\":\"https:\\\/\\\/secure.gravatar.com\\\/avatar\\\/56886681d0d1ff9e199d6a1ad65d5b0ca705679d1dc9d88d9e63a5e7baaf36c2?s=96&d=mm&r=g\",\"caption\":\"luissantalla\"},\"description\":\"Luis M Santalla Blanco . Director de teoriadeconstruccion.net, autor en blogs como arquitecturadegalicia.eu. Socio del estudio FLU-OR Arquitectura . ver m\u00e1s sobre el autor\",\"url\":\"https:\\\/\\\/teoriadeconstruccion.net\\\/blog\\\/author\\\/luissantalla\\\/\"}]}<\/script>\n<!-- \/ Yoast SEO plugin. -->","yoast_head_json":{"title":"Como imaginarse las emisiones de CO2","description":"video que explica de forma gr\u00e1fica el crecimiento de emisiones de CO2 en la atm\u00f3sfera.","robots":{"index":"index","follow":"follow","max-snippet":"max-snippet:-1","max-image-preview":"max-image-preview:large","max-video-preview":"max-video-preview:-1"},"canonical":"https:\/\/teoriadeconstruccion.net\/blog\/como-imaginarse-las-emisiones-de-c02\/","og_locale":"es_ES","og_type":"article","og_title":"Como imaginarse las emisiones de CO2","og_description":"video que explica de forma gr\u00e1fica el crecimiento de emisiones de CO2 en la atm\u00f3sfera.","og_url":"https:\/\/teoriadeconstruccion.net\/blog\/como-imaginarse-las-emisiones-de-c02\/","og_site_name":"Teor\u00eda de construcci\u00f3n","article_publisher":"https:\/\/www.facebook.com\/teoriadeconstru","article_published_time":"2015-03-16T22:27:00+00:00","article_modified_time":"2015-03-16T22:36:26+00:00","og_image":[{"width":838,"height":470,"url":"https:\/\/i0.wp.com\/teoriadeconstruccion.net\/blog\/wp-content\/uploads\/2015\/03\/emisiones-c02.jpg?fit=838%2C470&ssl=1","type":"image\/jpeg"}],"author":"luissantalla","twitter_card":"summary_large_image","twitter_creator":"@teoriadeconstru","twitter_site":"@teoriadeconstru","twitter_misc":{"Escrito por":"luissantalla","Tiempo de lectura":"2 minutos"},"schema":{"@context":"https:\/\/schema.org","@graph":[{"@type":"Article","@id":"https:\/\/teoriadeconstruccion.net\/blog\/como-imaginarse-las-emisiones-de-c02\/#article","isPartOf":{"@id":"https:\/\/teoriadeconstruccion.net\/blog\/como-imaginarse-las-emisiones-de-c02\/"},"author":{"name":"luissantalla","@id":"https:\/\/teoriadeconstruccion.net\/blog\/#\/schema\/person\/97bc651383e78ac257b38d0846ac73ca"},"headline":"C\u00f3mo imaginarse las emisiones de C02","datePublished":"2015-03-16T22:27:00+00:00","dateModified":"2015-03-16T22:36:26+00:00","mainEntityOfPage":{"@id":"https:\/\/teoriadeconstruccion.net\/blog\/como-imaginarse-las-emisiones-de-c02\/"},"wordCount":420,"commentCount":0,"publisher":{"@id":"https:\/\/teoriadeconstruccion.net\/blog\/#organization"},"image":{"@id":"https:\/\/teoriadeconstruccion.net\/blog\/como-imaginarse-las-emisiones-de-c02\/#primaryimage"},"thumbnailUrl":"https:\/\/i0.wp.com\/teoriadeconstruccion.net\/blog\/wp-content\/uploads\/2015\/03\/emisiones-c02.jpg?fit=838%2C470&ssl=1","articleSection":["reciclaje","sostenibilidad"],"inLanguage":"es","potentialAction":[{"@type":"CommentAction","name":"Comment","target":["https:\/\/teoriadeconstruccion.net\/blog\/como-imaginarse-las-emisiones-de-c02\/#respond"]}]},{"@type":"WebPage","@id":"https:\/\/teoriadeconstruccion.net\/blog\/como-imaginarse-las-emisiones-de-c02\/","url":"https:\/\/teoriadeconstruccion.net\/blog\/como-imaginarse-las-emisiones-de-c02\/","name":"Como imaginarse las emisiones de CO2","isPartOf":{"@id":"https:\/\/teoriadeconstruccion.net\/blog\/#website"},"primaryImageOfPage":{"@id":"https:\/\/teoriadeconstruccion.net\/blog\/como-imaginarse-las-emisiones-de-c02\/#primaryimage"},"image":{"@id":"https:\/\/teoriadeconstruccion.net\/blog\/como-imaginarse-las-emisiones-de-c02\/#primaryimage"},"thumbnailUrl":"https:\/\/i0.wp.com\/teoriadeconstruccion.net\/blog\/wp-content\/uploads\/2015\/03\/emisiones-c02.jpg?fit=838%2C470&ssl=1","datePublished":"2015-03-16T22:27:00+00:00","dateModified":"2015-03-16T22:36:26+00:00","description":"video que explica de forma gr\u00e1fica el crecimiento de emisiones de CO2 en la atm\u00f3sfera.","breadcrumb":{"@id":"https:\/\/teoriadeconstruccion.net\/blog\/como-imaginarse-las-emisiones-de-c02\/#breadcrumb"},"inLanguage":"es","potentialAction":[{"@type":"ReadAction","target":["https:\/\/teoriadeconstruccion.net\/blog\/como-imaginarse-las-emisiones-de-c02\/"]}]},{"@type":"ImageObject","inLanguage":"es","@id":"https:\/\/teoriadeconstruccion.net\/blog\/como-imaginarse-las-emisiones-de-c02\/#primaryimage","url":"https:\/\/i0.wp.com\/teoriadeconstruccion.net\/blog\/wp-content\/uploads\/2015\/03\/emisiones-c02.jpg?fit=838%2C470&ssl=1","contentUrl":"https:\/\/i0.wp.com\/teoriadeconstruccion.net\/blog\/wp-content\/uploads\/2015\/03\/emisiones-c02.jpg?fit=838%2C470&ssl=1","width":838,"height":470},{"@type":"BreadcrumbList","@id":"https:\/\/teoriadeconstruccion.net\/blog\/como-imaginarse-las-emisiones-de-c02\/#breadcrumb","itemListElement":[{"@type":"ListItem","position":1,"name":"Home","item":"https:\/\/teoriadeconstruccion.net\/blog\/"},{"@type":"ListItem","position":2,"name":"C\u00f3mo imaginarse las emisiones de C02"}]},{"@type":"WebSite","@id":"https:\/\/teoriadeconstruccion.net\/blog\/#website","url":"https:\/\/teoriadeconstruccion.net\/blog\/","name":"Teor\u00eda de construcci\u00f3n","description":"blog sobre construcci\u00f3n, teor\u00eda y aplicaci\u00f3n: materiales, normativa de edificaci\u00f3n, sistemas constructivos.","publisher":{"@id":"https:\/\/teoriadeconstruccion.net\/blog\/#organization"},"potentialAction":[{"@type":"SearchAction","target":{"@type":"EntryPoint","urlTemplate":"https:\/\/teoriadeconstruccion.net\/blog\/?s={search_term_string}"},"query-input":{"@type":"PropertyValueSpecification","valueRequired":true,"valueName":"search_term_string"}}],"inLanguage":"es"},{"@type":"Organization","@id":"https:\/\/teoriadeconstruccion.net\/blog\/#organization","name":"teoriadeconstruccion.net","url":"https:\/\/teoriadeconstruccion.net\/blog\/","logo":{"@type":"ImageObject","inLanguage":"es","@id":"https:\/\/teoriadeconstruccion.net\/blog\/#\/schema\/logo\/image\/","url":"https:\/\/i0.wp.com\/teoriadeconstruccion.net\/blog\/wp-content\/uploads\/2023\/08\/cropped-logo-2023-sm.jpg?fit=200%2C128&ssl=1","contentUrl":"https:\/\/i0.wp.com\/teoriadeconstruccion.net\/blog\/wp-content\/uploads\/2023\/08\/cropped-logo-2023-sm.jpg?fit=200%2C128&ssl=1","width":200,"height":128,"caption":"teoriadeconstruccion.net"},"image":{"@id":"https:\/\/teoriadeconstruccion.net\/blog\/#\/schema\/logo\/image\/"},"sameAs":["https:\/\/www.facebook.com\/teoriadeconstru","https:\/\/x.com\/teoriadeconstru"]},{"@type":"Person","@id":"https:\/\/teoriadeconstruccion.net\/blog\/#\/schema\/person\/97bc651383e78ac257b38d0846ac73ca","name":"luissantalla","image":{"@type":"ImageObject","inLanguage":"es","@id":"https:\/\/secure.gravatar.com\/avatar\/56886681d0d1ff9e199d6a1ad65d5b0ca705679d1dc9d88d9e63a5e7baaf36c2?s=96&d=mm&r=g","url":"https:\/\/secure.gravatar.com\/avatar\/56886681d0d1ff9e199d6a1ad65d5b0ca705679d1dc9d88d9e63a5e7baaf36c2?s=96&d=mm&r=g","contentUrl":"https:\/\/secure.gravatar.com\/avatar\/56886681d0d1ff9e199d6a1ad65d5b0ca705679d1dc9d88d9e63a5e7baaf36c2?s=96&d=mm&r=g","caption":"luissantalla"},"description":"Luis M Santalla Blanco . Director de teoriadeconstruccion.net, autor en blogs como arquitecturadegalicia.eu. Socio del estudio FLU-OR Arquitectura . ver m\u00e1s sobre el autor","url":"https:\/\/teoriadeconstruccion.net\/blog\/author\/luissantalla\/"}]}},"jetpack_publicize_connections":[],"jetpack_featured_media_url":"https:\/\/i0.wp.com\/teoriadeconstruccion.net\/blog\/wp-content\/uploads\/2015\/03\/emisiones-c02.jpg?fit=838%2C470&ssl=1","jetpack_shortlink":"https:\/\/wp.me\/p3diCd-Wt","jetpack_sharing_enabled":true,"_links":{"self":[{"href":"https:\/\/teoriadeconstruccion.net\/blog\/wp-json\/wp\/v2\/posts\/3625","targetHints":{"allow":["GET"]}}],"collection":[{"href":"https:\/\/teoriadeconstruccion.net\/blog\/wp-json\/wp\/v2\/posts"}],"about":[{"href":"https:\/\/teoriadeconstruccion.net\/blog\/wp-json\/wp\/v2\/types\/post"}],"author":[{"embeddable":true,"href":"https:\/\/teoriadeconstruccion.net\/blog\/wp-json\/wp\/v2\/users\/1"}],"replies":[{"embeddable":true,"href":"https:\/\/teoriadeconstruccion.net\/blog\/wp-json\/wp\/v2\/comments?post=3625"}],"version-history":[{"count":0,"href":"https:\/\/teoriadeconstruccion.net\/blog\/wp-json\/wp\/v2\/posts\/3625\/revisions"}],"wp:featuredmedia":[{"embeddable":true,"href":"https:\/\/teoriadeconstruccion.net\/blog\/wp-json\/wp\/v2\/media\/3626"}],"wp:attachment":[{"href":"https:\/\/teoriadeconstruccion.net\/blog\/wp-json\/wp\/v2\/media?parent=3625"}],"wp:term":[{"taxonomy":"category","embeddable":true,"href":"https:\/\/teoriadeconstruccion.net\/blog\/wp-json\/wp\/v2\/categories?post=3625"},{"taxonomy":"post_tag","embeddable":true,"href":"https:\/\/teoriadeconstruccion.net\/blog\/wp-json\/wp\/v2\/tags?post=3625"}],"curies":[{"name":"wp","href":"https:\/\/api.w.org\/{rel}","templated":true}]}}