{"id":2248,"date":"2012-10-11T17:15:42","date_gmt":"2012-10-11T17:15:42","guid":{"rendered":"http:\/\/teoriadeconstruccion.net\/blog\/?p=2248"},"modified":"2012-10-11T17:15:42","modified_gmt":"2012-10-11T17:15:42","slug":"colorear-la-madera-con-tintes","status":"publish","type":"post","link":"https:\/\/teoriadeconstruccion.net\/blog\/colorear-la-madera-con-tintes\/","title":{"rendered":"Colorear la madera con tintes."},"content":{"rendered":"<p>Adem\u00e1s de soluciones al ocre, lacas con tono, barnices, encontramos los tintes, que son\u00a0son pigmentos y colorantes vegetales y minerales que se diluyen en agua, alcohol o disolvente. Son fundamentalmente las anilinas, en especial las nogalinas, que se usan\u00a0 disueltas en agua, alcohol, aceites y barnices grasos.<\/p>\n<p><img data-recalc-dims=\"1\" decoding=\"async\" class=\"alignnone size-full wp-image-2249\" title=\"madera tintada\" src=\"https:\/\/i0.wp.com\/teoriadeconstruccion.net\/blog\/wp-content\/uploads\/2012\/10\/madera-tintada.jpg?resize=446%2C292\" alt=\"\" width=\"446\" height=\"292\" srcset=\"https:\/\/i0.wp.com\/teoriadeconstruccion.net\/blog\/wp-content\/uploads\/2012\/10\/madera-tintada.jpg?w=446&amp;ssl=1 446w, https:\/\/i0.wp.com\/teoriadeconstruccion.net\/blog\/wp-content\/uploads\/2012\/10\/madera-tintada.jpg?resize=300%2C196&amp;ssl=1 300w\" sizes=\"(max-width: 446px) 100vw, 446px\" \/><\/p>\n<p>Para te\u00f1ir una madera, si \u00e9sta no es nueva, hay que suprimir todo lo que tenga encima, bien con decapantes o por cepillado y lijado. Despu\u00e9s se emplea una lija fina y posteriormente se procede al te\u00f1ido, secando r\u00e1pidamente con un pa\u00f1o para uniformizar el reparto.<\/p>\n<p>Una vez seco, nuevamente a lijar, para darle un barnizado (generlamente incoloro). Con el te\u00f1ido se puede conseguir una gama amplia de colores.<\/p>\n<p>Todos los tintes exigen una buena limpieza. Las manchas de grasa o de cola , en especial urea-formol, impiden al tinte \u00abmorder\u00bb la madera.<\/p>\n<p>La madera de primavera absorbe menos tinte, por lo que necesita de otro tinte antes de que seque la primera mano.<\/p>\n<p><strong>PREPARACI\u00d3N<\/strong><\/p>\n<p>Para preparar tintes al agua a partir de anilinas no tiene ning\u00fan secreto: hay que diluir el polvo en agua caliente (la proporci\u00f3n depender\u00e1 de la intensidad del tinte que queramos conseguir), filtrarlo despu\u00e9s con una gasa o una media y aplicarlo cuando se enfr\u00ede.<\/p>\n<p>En cuanto a las anilinas al alcohol, son similares a las anilinas al agua pero en este caso se disuelven en alcohol de 96\u00ba. Estas anilinas van muy bien para colorear goma-laca y utilizarla para dar distintos tonos en los barnizados a mu\u00f1equilla.<\/p>\n<p>La preparaci\u00f3n m\u00e1s detallada la cuenta el <a href=\"http:\/\/marzua.blogspot.com.es\/2011\/01\/tenir-madera-tecnicas-y-materiales.html\" target=\"_blank\">blog marzua<\/a>.<\/p>\n<p>&nbsp;<\/p>\n","protected":false},"excerpt":{"rendered":"<p>Adem\u00e1s de soluciones al ocre, lacas con tono, barnices, encontramos los tintes, que son\u00a0son pigmentos y colorantes vegetales y minerales que se diluyen en agua, alcohol o disolvente. Son fundamentalmente las anilinas, en especial las nogalinas, que se usan\u00a0 disueltas en agua, alcohol, aceites y barnices grasos. Para te\u00f1ir una madera, si \u00e9sta no es&hellip;&nbsp;<a href=\"https:\/\/teoriadeconstruccion.net\/blog\/colorear-la-madera-con-tintes\/\" rel=\"bookmark\">Leer m\u00e1s &raquo;<span class=\"screen-reader-text\">Colorear la madera con tintes.<\/span><\/a><\/p>\n","protected":false},"author":1,"featured_media":2249,"comment_status":"open","ping_status":"open","sticky":false,"template":"","format":"standard","meta":{"neve_meta_sidebar":"","neve_meta_container":"","neve_meta_enable_content_width":"","neve_meta_content_width":0,"neve_meta_title_alignment":"","neve_meta_author_avatar":"","neve_post_elements_order":"","neve_meta_disable_header":"","neve_meta_disable_footer":"","neve_meta_disable_title":"","jetpack_post_was_ever_published":false,"_jetpack_newsletter_access":"","_jetpack_dont_email_post_to_subs":false,"_jetpack_newsletter_tier_id":0,"_jetpack_memberships_contains_paywalled_content":false,"_jetpack_memberships_contains_paid_content":false,"footnotes":"","jetpack_publicize_message":"","jetpack_publicize_feature_enabled":true,"jetpack_social_post_already_shared":false,"jetpack_social_options":{"image_generator_settings":{"template":"highway","default_image_id":0,"font":"","enabled":false},"version":2}},"categories":[96,124],"tags":[206,461,465],"class_list":["post-2248","post","type-post","status-publish","format-standard","has-post-thumbnail","hentry","category-madera","category-pintura","tag-anilina","tag-tenir","tag-tinte"],"yoast_head":"<!-- This site is optimized with the Yoast SEO plugin v27.5 - https:\/\/yoast.com\/product\/yoast-seo-wordpress\/ -->\n<title>Colorear la madera con tintes. - Teor\u00eda de construcci\u00f3n<\/title>\n<meta name=\"robots\" content=\"index, follow, max-snippet:-1, max-image-preview:large, max-video-preview:-1\" \/>\n<link rel=\"canonical\" href=\"https:\/\/teoriadeconstruccion.net\/blog\/colorear-la-madera-con-tintes\/\" \/>\n<meta property=\"og:locale\" content=\"es_ES\" \/>\n<meta property=\"og:type\" content=\"article\" \/>\n<meta property=\"og:title\" content=\"Colorear la madera con tintes. - Teor\u00eda de construcci\u00f3n\" \/>\n<meta property=\"og:description\" content=\"Adem\u00e1s de soluciones al ocre, lacas con tono, barnices, encontramos los tintes, que son\u00a0son pigmentos y colorantes vegetales y minerales que se diluyen en agua, alcohol o disolvente. Son fundamentalmente las anilinas, en especial las nogalinas, que se usan\u00a0 disueltas en agua, alcohol, aceites y barnices grasos. Para te\u00f1ir una madera, si \u00e9sta no es&hellip;&nbsp;Leer m\u00e1s &raquo;Colorear la madera con tintes.\" \/>\n<meta property=\"og:url\" content=\"https:\/\/teoriadeconstruccion.net\/blog\/colorear-la-madera-con-tintes\/\" \/>\n<meta property=\"og:site_name\" content=\"Teor\u00eda de construcci\u00f3n\" \/>\n<meta property=\"article:publisher\" content=\"https:\/\/www.facebook.com\/teoriadeconstru\" \/>\n<meta property=\"article:published_time\" content=\"2012-10-11T17:15:42+00:00\" \/>\n<meta property=\"og:image\" content=\"https:\/\/i2.wp.com\/teoriadeconstruccion.net\/blog\/wp-content\/uploads\/2012\/10\/madera-tintada.jpg?fit=446%2C292&ssl=1\" \/>\n\t<meta property=\"og:image:width\" content=\"446\" \/>\n\t<meta property=\"og:image:height\" content=\"292\" \/>\n\t<meta property=\"og:image:type\" content=\"image\/jpeg\" \/>\n<meta name=\"author\" content=\"luissantalla\" \/>\n<meta name=\"twitter:card\" content=\"summary_large_image\" \/>\n<meta name=\"twitter:creator\" content=\"@teoriadeconstru\" \/>\n<meta name=\"twitter:site\" content=\"@teoriadeconstru\" \/>\n<meta name=\"twitter:label1\" content=\"Escrito por\" \/>\n\t<meta name=\"twitter:data1\" content=\"luissantalla\" \/>\n\t<meta name=\"twitter:label2\" content=\"Tiempo de lectura\" \/>\n\t<meta name=\"twitter:data2\" content=\"1 minuto\" \/>\n<script type=\"application\/ld+json\" class=\"yoast-schema-graph\">{\"@context\":\"https:\\\/\\\/schema.org\",\"@graph\":[{\"@type\":\"Article\",\"@id\":\"https:\\\/\\\/teoriadeconstruccion.net\\\/blog\\\/colorear-la-madera-con-tintes\\\/#article\",\"isPartOf\":{\"@id\":\"https:\\\/\\\/teoriadeconstruccion.net\\\/blog\\\/colorear-la-madera-con-tintes\\\/\"},\"author\":{\"name\":\"luissantalla\",\"@id\":\"https:\\\/\\\/teoriadeconstruccion.net\\\/blog\\\/#\\\/schema\\\/person\\\/97bc651383e78ac257b38d0846ac73ca\"},\"headline\":\"Colorear la madera con tintes.\",\"datePublished\":\"2012-10-11T17:15:42+00:00\",\"mainEntityOfPage\":{\"@id\":\"https:\\\/\\\/teoriadeconstruccion.net\\\/blog\\\/colorear-la-madera-con-tintes\\\/\"},\"wordCount\":279,\"commentCount\":1,\"publisher\":{\"@id\":\"https:\\\/\\\/teoriadeconstruccion.net\\\/blog\\\/#organization\"},\"image\":{\"@id\":\"https:\\\/\\\/teoriadeconstruccion.net\\\/blog\\\/colorear-la-madera-con-tintes\\\/#primaryimage\"},\"thumbnailUrl\":\"https:\\\/\\\/i0.wp.com\\\/teoriadeconstruccion.net\\\/blog\\\/wp-content\\\/uploads\\\/2012\\\/10\\\/madera-tintada.jpg?fit=446%2C292&ssl=1\",\"keywords\":[\"anilina\",\"te\u00f1ir\",\"tinte\"],\"articleSection\":[\"madera\",\"pintura\"],\"inLanguage\":\"es\",\"potentialAction\":[{\"@type\":\"CommentAction\",\"name\":\"Comment\",\"target\":[\"https:\\\/\\\/teoriadeconstruccion.net\\\/blog\\\/colorear-la-madera-con-tintes\\\/#respond\"]}]},{\"@type\":\"WebPage\",\"@id\":\"https:\\\/\\\/teoriadeconstruccion.net\\\/blog\\\/colorear-la-madera-con-tintes\\\/\",\"url\":\"https:\\\/\\\/teoriadeconstruccion.net\\\/blog\\\/colorear-la-madera-con-tintes\\\/\",\"name\":\"Colorear la madera con tintes. - Teor\u00eda de construcci\u00f3n\",\"isPartOf\":{\"@id\":\"https:\\\/\\\/teoriadeconstruccion.net\\\/blog\\\/#website\"},\"primaryImageOfPage\":{\"@id\":\"https:\\\/\\\/teoriadeconstruccion.net\\\/blog\\\/colorear-la-madera-con-tintes\\\/#primaryimage\"},\"image\":{\"@id\":\"https:\\\/\\\/teoriadeconstruccion.net\\\/blog\\\/colorear-la-madera-con-tintes\\\/#primaryimage\"},\"thumbnailUrl\":\"https:\\\/\\\/i0.wp.com\\\/teoriadeconstruccion.net\\\/blog\\\/wp-content\\\/uploads\\\/2012\\\/10\\\/madera-tintada.jpg?fit=446%2C292&ssl=1\",\"datePublished\":\"2012-10-11T17:15:42+00:00\",\"breadcrumb\":{\"@id\":\"https:\\\/\\\/teoriadeconstruccion.net\\\/blog\\\/colorear-la-madera-con-tintes\\\/#breadcrumb\"},\"inLanguage\":\"es\",\"potentialAction\":[{\"@type\":\"ReadAction\",\"target\":[\"https:\\\/\\\/teoriadeconstruccion.net\\\/blog\\\/colorear-la-madera-con-tintes\\\/\"]}]},{\"@type\":\"ImageObject\",\"inLanguage\":\"es\",\"@id\":\"https:\\\/\\\/teoriadeconstruccion.net\\\/blog\\\/colorear-la-madera-con-tintes\\\/#primaryimage\",\"url\":\"https:\\\/\\\/i0.wp.com\\\/teoriadeconstruccion.net\\\/blog\\\/wp-content\\\/uploads\\\/2012\\\/10\\\/madera-tintada.jpg?fit=446%2C292&ssl=1\",\"contentUrl\":\"https:\\\/\\\/i0.wp.com\\\/teoriadeconstruccion.net\\\/blog\\\/wp-content\\\/uploads\\\/2012\\\/10\\\/madera-tintada.jpg?fit=446%2C292&ssl=1\",\"width\":446,\"height\":292},{\"@type\":\"BreadcrumbList\",\"@id\":\"https:\\\/\\\/teoriadeconstruccion.net\\\/blog\\\/colorear-la-madera-con-tintes\\\/#breadcrumb\",\"itemListElement\":[{\"@type\":\"ListItem\",\"position\":1,\"name\":\"Home\",\"item\":\"https:\\\/\\\/teoriadeconstruccion.net\\\/blog\\\/\"},{\"@type\":\"ListItem\",\"position\":2,\"name\":\"Colorear la madera con tintes.\"}]},{\"@type\":\"WebSite\",\"@id\":\"https:\\\/\\\/teoriadeconstruccion.net\\\/blog\\\/#website\",\"url\":\"https:\\\/\\\/teoriadeconstruccion.net\\\/blog\\\/\",\"name\":\"Teor\u00eda de construcci\u00f3n\",\"description\":\"blog sobre construcci\u00f3n, teor\u00eda y aplicaci\u00f3n: materiales, normativa de edificaci\u00f3n, sistemas constructivos.\",\"publisher\":{\"@id\":\"https:\\\/\\\/teoriadeconstruccion.net\\\/blog\\\/#organization\"},\"potentialAction\":[{\"@type\":\"SearchAction\",\"target\":{\"@type\":\"EntryPoint\",\"urlTemplate\":\"https:\\\/\\\/teoriadeconstruccion.net\\\/blog\\\/?s={search_term_string}\"},\"query-input\":{\"@type\":\"PropertyValueSpecification\",\"valueRequired\":true,\"valueName\":\"search_term_string\"}}],\"inLanguage\":\"es\"},{\"@type\":\"Organization\",\"@id\":\"https:\\\/\\\/teoriadeconstruccion.net\\\/blog\\\/#organization\",\"name\":\"teoriadeconstruccion.net\",\"url\":\"https:\\\/\\\/teoriadeconstruccion.net\\\/blog\\\/\",\"logo\":{\"@type\":\"ImageObject\",\"inLanguage\":\"es\",\"@id\":\"https:\\\/\\\/teoriadeconstruccion.net\\\/blog\\\/#\\\/schema\\\/logo\\\/image\\\/\",\"url\":\"https:\\\/\\\/i0.wp.com\\\/teoriadeconstruccion.net\\\/blog\\\/wp-content\\\/uploads\\\/2023\\\/08\\\/cropped-logo-2023-sm.jpg?fit=200%2C128&ssl=1\",\"contentUrl\":\"https:\\\/\\\/i0.wp.com\\\/teoriadeconstruccion.net\\\/blog\\\/wp-content\\\/uploads\\\/2023\\\/08\\\/cropped-logo-2023-sm.jpg?fit=200%2C128&ssl=1\",\"width\":200,\"height\":128,\"caption\":\"teoriadeconstruccion.net\"},\"image\":{\"@id\":\"https:\\\/\\\/teoriadeconstruccion.net\\\/blog\\\/#\\\/schema\\\/logo\\\/image\\\/\"},\"sameAs\":[\"https:\\\/\\\/www.facebook.com\\\/teoriadeconstru\",\"https:\\\/\\\/x.com\\\/teoriadeconstru\"]},{\"@type\":\"Person\",\"@id\":\"https:\\\/\\\/teoriadeconstruccion.net\\\/blog\\\/#\\\/schema\\\/person\\\/97bc651383e78ac257b38d0846ac73ca\",\"name\":\"luissantalla\",\"image\":{\"@type\":\"ImageObject\",\"inLanguage\":\"es\",\"@id\":\"https:\\\/\\\/secure.gravatar.com\\\/avatar\\\/56886681d0d1ff9e199d6a1ad65d5b0ca705679d1dc9d88d9e63a5e7baaf36c2?s=96&d=mm&r=g\",\"url\":\"https:\\\/\\\/secure.gravatar.com\\\/avatar\\\/56886681d0d1ff9e199d6a1ad65d5b0ca705679d1dc9d88d9e63a5e7baaf36c2?s=96&d=mm&r=g\",\"contentUrl\":\"https:\\\/\\\/secure.gravatar.com\\\/avatar\\\/56886681d0d1ff9e199d6a1ad65d5b0ca705679d1dc9d88d9e63a5e7baaf36c2?s=96&d=mm&r=g\",\"caption\":\"luissantalla\"},\"description\":\"Luis M Santalla Blanco . Director de teoriadeconstruccion.net, autor en blogs como arquitecturadegalicia.eu. Socio del estudio FLU-OR Arquitectura . ver m\u00e1s sobre el autor\",\"url\":\"https:\\\/\\\/teoriadeconstruccion.net\\\/blog\\\/author\\\/luissantalla\\\/\"}]}<\/script>\n<!-- \/ Yoast SEO plugin. -->","yoast_head_json":{"title":"Colorear la madera con tintes. - Teor\u00eda de construcci\u00f3n","robots":{"index":"index","follow":"follow","max-snippet":"max-snippet:-1","max-image-preview":"max-image-preview:large","max-video-preview":"max-video-preview:-1"},"canonical":"https:\/\/teoriadeconstruccion.net\/blog\/colorear-la-madera-con-tintes\/","og_locale":"es_ES","og_type":"article","og_title":"Colorear la madera con tintes. - Teor\u00eda de construcci\u00f3n","og_description":"Adem\u00e1s de soluciones al ocre, lacas con tono, barnices, encontramos los tintes, que son\u00a0son pigmentos y colorantes vegetales y minerales que se diluyen en agua, alcohol o disolvente. Son fundamentalmente las anilinas, en especial las nogalinas, que se usan\u00a0 disueltas en agua, alcohol, aceites y barnices grasos. Para te\u00f1ir una madera, si \u00e9sta no es&hellip;&nbsp;Leer m\u00e1s &raquo;Colorear la madera con tintes.","og_url":"https:\/\/teoriadeconstruccion.net\/blog\/colorear-la-madera-con-tintes\/","og_site_name":"Teor\u00eda de construcci\u00f3n","article_publisher":"https:\/\/www.facebook.com\/teoriadeconstru","article_published_time":"2012-10-11T17:15:42+00:00","og_image":[{"width":446,"height":292,"url":"https:\/\/i2.wp.com\/teoriadeconstruccion.net\/blog\/wp-content\/uploads\/2012\/10\/madera-tintada.jpg?fit=446%2C292&ssl=1","type":"image\/jpeg"}],"author":"luissantalla","twitter_card":"summary_large_image","twitter_creator":"@teoriadeconstru","twitter_site":"@teoriadeconstru","twitter_misc":{"Escrito por":"luissantalla","Tiempo de lectura":"1 minuto"},"schema":{"@context":"https:\/\/schema.org","@graph":[{"@type":"Article","@id":"https:\/\/teoriadeconstruccion.net\/blog\/colorear-la-madera-con-tintes\/#article","isPartOf":{"@id":"https:\/\/teoriadeconstruccion.net\/blog\/colorear-la-madera-con-tintes\/"},"author":{"name":"luissantalla","@id":"https:\/\/teoriadeconstruccion.net\/blog\/#\/schema\/person\/97bc651383e78ac257b38d0846ac73ca"},"headline":"Colorear la madera con tintes.","datePublished":"2012-10-11T17:15:42+00:00","mainEntityOfPage":{"@id":"https:\/\/teoriadeconstruccion.net\/blog\/colorear-la-madera-con-tintes\/"},"wordCount":279,"commentCount":1,"publisher":{"@id":"https:\/\/teoriadeconstruccion.net\/blog\/#organization"},"image":{"@id":"https:\/\/teoriadeconstruccion.net\/blog\/colorear-la-madera-con-tintes\/#primaryimage"},"thumbnailUrl":"https:\/\/i0.wp.com\/teoriadeconstruccion.net\/blog\/wp-content\/uploads\/2012\/10\/madera-tintada.jpg?fit=446%2C292&ssl=1","keywords":["anilina","te\u00f1ir","tinte"],"articleSection":["madera","pintura"],"inLanguage":"es","potentialAction":[{"@type":"CommentAction","name":"Comment","target":["https:\/\/teoriadeconstruccion.net\/blog\/colorear-la-madera-con-tintes\/#respond"]}]},{"@type":"WebPage","@id":"https:\/\/teoriadeconstruccion.net\/blog\/colorear-la-madera-con-tintes\/","url":"https:\/\/teoriadeconstruccion.net\/blog\/colorear-la-madera-con-tintes\/","name":"Colorear la madera con tintes. - Teor\u00eda de construcci\u00f3n","isPartOf":{"@id":"https:\/\/teoriadeconstruccion.net\/blog\/#website"},"primaryImageOfPage":{"@id":"https:\/\/teoriadeconstruccion.net\/blog\/colorear-la-madera-con-tintes\/#primaryimage"},"image":{"@id":"https:\/\/teoriadeconstruccion.net\/blog\/colorear-la-madera-con-tintes\/#primaryimage"},"thumbnailUrl":"https:\/\/i0.wp.com\/teoriadeconstruccion.net\/blog\/wp-content\/uploads\/2012\/10\/madera-tintada.jpg?fit=446%2C292&ssl=1","datePublished":"2012-10-11T17:15:42+00:00","breadcrumb":{"@id":"https:\/\/teoriadeconstruccion.net\/blog\/colorear-la-madera-con-tintes\/#breadcrumb"},"inLanguage":"es","potentialAction":[{"@type":"ReadAction","target":["https:\/\/teoriadeconstruccion.net\/blog\/colorear-la-madera-con-tintes\/"]}]},{"@type":"ImageObject","inLanguage":"es","@id":"https:\/\/teoriadeconstruccion.net\/blog\/colorear-la-madera-con-tintes\/#primaryimage","url":"https:\/\/i0.wp.com\/teoriadeconstruccion.net\/blog\/wp-content\/uploads\/2012\/10\/madera-tintada.jpg?fit=446%2C292&ssl=1","contentUrl":"https:\/\/i0.wp.com\/teoriadeconstruccion.net\/blog\/wp-content\/uploads\/2012\/10\/madera-tintada.jpg?fit=446%2C292&ssl=1","width":446,"height":292},{"@type":"BreadcrumbList","@id":"https:\/\/teoriadeconstruccion.net\/blog\/colorear-la-madera-con-tintes\/#breadcrumb","itemListElement":[{"@type":"ListItem","position":1,"name":"Home","item":"https:\/\/teoriadeconstruccion.net\/blog\/"},{"@type":"ListItem","position":2,"name":"Colorear la madera con tintes."}]},{"@type":"WebSite","@id":"https:\/\/teoriadeconstruccion.net\/blog\/#website","url":"https:\/\/teoriadeconstruccion.net\/blog\/","name":"Teor\u00eda de construcci\u00f3n","description":"blog sobre construcci\u00f3n, teor\u00eda y aplicaci\u00f3n: materiales, normativa de edificaci\u00f3n, sistemas constructivos.","publisher":{"@id":"https:\/\/teoriadeconstruccion.net\/blog\/#organization"},"potentialAction":[{"@type":"SearchAction","target":{"@type":"EntryPoint","urlTemplate":"https:\/\/teoriadeconstruccion.net\/blog\/?s={search_term_string}"},"query-input":{"@type":"PropertyValueSpecification","valueRequired":true,"valueName":"search_term_string"}}],"inLanguage":"es"},{"@type":"Organization","@id":"https:\/\/teoriadeconstruccion.net\/blog\/#organization","name":"teoriadeconstruccion.net","url":"https:\/\/teoriadeconstruccion.net\/blog\/","logo":{"@type":"ImageObject","inLanguage":"es","@id":"https:\/\/teoriadeconstruccion.net\/blog\/#\/schema\/logo\/image\/","url":"https:\/\/i0.wp.com\/teoriadeconstruccion.net\/blog\/wp-content\/uploads\/2023\/08\/cropped-logo-2023-sm.jpg?fit=200%2C128&ssl=1","contentUrl":"https:\/\/i0.wp.com\/teoriadeconstruccion.net\/blog\/wp-content\/uploads\/2023\/08\/cropped-logo-2023-sm.jpg?fit=200%2C128&ssl=1","width":200,"height":128,"caption":"teoriadeconstruccion.net"},"image":{"@id":"https:\/\/teoriadeconstruccion.net\/blog\/#\/schema\/logo\/image\/"},"sameAs":["https:\/\/www.facebook.com\/teoriadeconstru","https:\/\/x.com\/teoriadeconstru"]},{"@type":"Person","@id":"https:\/\/teoriadeconstruccion.net\/blog\/#\/schema\/person\/97bc651383e78ac257b38d0846ac73ca","name":"luissantalla","image":{"@type":"ImageObject","inLanguage":"es","@id":"https:\/\/secure.gravatar.com\/avatar\/56886681d0d1ff9e199d6a1ad65d5b0ca705679d1dc9d88d9e63a5e7baaf36c2?s=96&d=mm&r=g","url":"https:\/\/secure.gravatar.com\/avatar\/56886681d0d1ff9e199d6a1ad65d5b0ca705679d1dc9d88d9e63a5e7baaf36c2?s=96&d=mm&r=g","contentUrl":"https:\/\/secure.gravatar.com\/avatar\/56886681d0d1ff9e199d6a1ad65d5b0ca705679d1dc9d88d9e63a5e7baaf36c2?s=96&d=mm&r=g","caption":"luissantalla"},"description":"Luis M Santalla Blanco . Director de teoriadeconstruccion.net, autor en blogs como arquitecturadegalicia.eu. Socio del estudio FLU-OR Arquitectura . ver m\u00e1s sobre el autor","url":"https:\/\/teoriadeconstruccion.net\/blog\/author\/luissantalla\/"}]}},"jetpack_publicize_connections":[],"jetpack_featured_media_url":"https:\/\/i0.wp.com\/teoriadeconstruccion.net\/blog\/wp-content\/uploads\/2012\/10\/madera-tintada.jpg?fit=446%2C292&ssl=1","jetpack_shortlink":"https:\/\/wp.me\/p3diCd-Ag","jetpack_sharing_enabled":true,"_links":{"self":[{"href":"https:\/\/teoriadeconstruccion.net\/blog\/wp-json\/wp\/v2\/posts\/2248","targetHints":{"allow":["GET"]}}],"collection":[{"href":"https:\/\/teoriadeconstruccion.net\/blog\/wp-json\/wp\/v2\/posts"}],"about":[{"href":"https:\/\/teoriadeconstruccion.net\/blog\/wp-json\/wp\/v2\/types\/post"}],"author":[{"embeddable":true,"href":"https:\/\/teoriadeconstruccion.net\/blog\/wp-json\/wp\/v2\/users\/1"}],"replies":[{"embeddable":true,"href":"https:\/\/teoriadeconstruccion.net\/blog\/wp-json\/wp\/v2\/comments?post=2248"}],"version-history":[{"count":0,"href":"https:\/\/teoriadeconstruccion.net\/blog\/wp-json\/wp\/v2\/posts\/2248\/revisions"}],"wp:featuredmedia":[{"embeddable":true,"href":"https:\/\/teoriadeconstruccion.net\/blog\/wp-json\/wp\/v2\/media\/2249"}],"wp:attachment":[{"href":"https:\/\/teoriadeconstruccion.net\/blog\/wp-json\/wp\/v2\/media?parent=2248"}],"wp:term":[{"taxonomy":"category","embeddable":true,"href":"https:\/\/teoriadeconstruccion.net\/blog\/wp-json\/wp\/v2\/categories?post=2248"},{"taxonomy":"post_tag","embeddable":true,"href":"https:\/\/teoriadeconstruccion.net\/blog\/wp-json\/wp\/v2\/tags?post=2248"}],"curies":[{"name":"wp","href":"https:\/\/api.w.org\/{rel}","templated":true}]}}